{"id":13095,"date":"2025-12-04T02:05:58","date_gmt":"2025-12-04T02:05:58","guid":{"rendered":"https:\/\/www.radiolimari.cl\/?p=13095"},"modified":"2025-12-04T02:05:59","modified_gmt":"2025-12-04T02:05:59","slug":"gobierno-policias-y-fiscalia-coordinan-nuevas-acciones-para-enfrentar-robos-en-predios-agricolas-del-limari","status":"publish","type":"post","link":"https:\/\/www.radiolimari.cl\/?p=13095","title":{"rendered":"Gobierno, polic\u00edas y Fiscal\u00eda coordinan nuevas acciones para enfrentar robos en predios agr\u00edcolas del Limar\u00ed."},"content":{"rendered":"\n<figure class=\"wp-block-image size-large\"><a href=\"https:\/\/www.radiolimari.cl\/wp-content\/uploads\/2025\/12\/FOTO-3.jpeg\"><img fetchpriority=\"high\" decoding=\"async\" width=\"1024\" height=\"768\" src=\"https:\/\/www.radiolimari.cl\/wp-content\/uploads\/2025\/12\/FOTO-3-1024x768.jpeg\" alt=\"\" class=\"wp-image-13096\" srcset=\"https:\/\/www.radiolimari.cl\/wp-content\/uploads\/2025\/12\/FOTO-3-1024x768.jpeg 1024w, https:\/\/www.radiolimari.cl\/wp-content\/uploads\/2025\/12\/FOTO-3-300x225.jpeg 300w, https:\/\/www.radiolimari.cl\/wp-content\/uploads\/2025\/12\/FOTO-3-768x576.jpeg 768w, https:\/\/www.radiolimari.cl\/wp-content\/uploads\/2025\/12\/FOTO-3-1536x1152.jpeg 1536w, https:\/\/www.radiolimari.cl\/wp-content\/uploads\/2025\/12\/FOTO-3.jpeg 1600w\" sizes=\"(max-width: 1024px) 100vw, 1024px\" \/><\/a><\/figure>\n\n\n\n<p><strong><em>La Fiscal\u00eda inform\u00f3 a los agricultores y regantes sobre el foco investigativo que est\u00e1n llevando a cabo, ya que los delitos comparten caracter\u00edsticas comunes, identificadas a trav\u00e9s del an\u00e1lisis de informaci\u00f3n para encontrar patrones, modus operandi y vincular los casos para esclarecer los il\u00edcitos.<\/em><\/strong><\/p>\n\n\n\n<p>Una reuni\u00f3n informativa y de coordinaci\u00f3n para los agricultores y regantes del Limar\u00ed encabezaron el Seremi de Seguridad P\u00fablica, Adio Gonz\u00e1lez, el Fiscal jefe de Ovalle, Rodrigo G\u00f3mez del Pino, Carabineros y PDI con el fin de entregar las acciones del foco investigativo que est\u00e1n llevando a cabo por el aumento de robos de cables, trasformadores, bombas el\u00e9ctricas e, incluso, maquinarias en predios agr\u00edcolas de la provincia.<\/p>\n\n\n\n<p>Al respecto el Seremi de Seguridad P\u00fablica, Adio Gonz\u00e1lez se\u00f1al\u00f3 que esta no es la primera vez que se re\u00fanen en esta instancia \u201ccon los dirigentes de los agricultores y en definitiva tomamos algunas acciones (\u2026) como la ubicaci\u00f3n de las c\u00e1maras de esta alianza p\u00fablico-privada que es extraordinariamente virtuoso, porque los agricultores van a instalar y van a poner las c\u00e1maras a su costo y nosotros vamos a apoyar tambi\u00e9n en la ubicaci\u00f3n de las c\u00e1maras y en la integraci\u00f3n de esas c\u00e1maras con el municipio\u201d, se\u00f1al\u00f3 el Seremi de Seguridad.<\/p>\n\n\n\n<p>Gonz\u00e1lez destac\u00f3 adem\u00e1s que \u201cla mejor noticia es que el Ministerio P\u00fablico toma cartas en el asunto y pone disposici\u00f3n en equipo de la fiscal\u00eda regional para que trabaje aqu\u00ed con la fiscal\u00eda local en pos de encontrar a quienes son los responsables y eso se hace a trav\u00e9s de la definici\u00f3n de foco investigativo, que probablemente van a traer buenos resultados porque la Fiscal\u00eda ha estado haciendo su trabajo permanentemente\u201d.<\/p>\n\n\n\n<p>Mientras, Rodrigo G\u00f3mez del Pino, fiscal jefe de Ovalle indic\u00f3 que como instituci\u00f3n este tema los tiene preocupados porque es un fen\u00f3meno que est\u00e1 ocurriendo y que han sido robos reiterativos y de consideraci\u00f3n por lo cual est\u00e1n trabajando en un foco investigativo con la unidad del Sistema de An\u00e1lisis Criminal y de Focos Investigativos (SACFI) de la Fiscal\u00eda Regional.<\/p>\n\n\n\n<p>\u201cSabemos tambi\u00e9n que hay personas que se est\u00e1n organizando para realizar este tipo de delitos, por lo tanto, hemos tenido reuniones ya de forma constante con SACFI de La Serena y se determin\u00f3 un foco investigativo por parte del fiscal regional, de hecho tenemos una reuni\u00f3n para seguir con esta investigaci\u00f3n y de hecho durante esta reuni\u00f3n a m\u00ed me llegaron correos de los analistas que est\u00e1n trabajando en esta causa en particular. As\u00ed que estamos bastante esperanzados que prontamente vamos a tener resultados y eventualmente no solamente con la detenci\u00f3n de estos sujetos\u201d, se\u00f1al\u00f3 el Fiscal G\u00f3mez del Pino.<\/p>\n\n\n\n<p>En tanto, Cristian Carri\u00f3n, presidente de la comunidad de aguas del sistema embalse La Paloma sostuvo, tras la reuni\u00f3n, que \u201cquedamos bastante informados, porque nos explicaron los avances y al parecer son bastantes, gracias a que la Fiscal\u00eda est\u00e1 tomando un foco importante en la investigaci\u00f3n con \u00e1reas que tienen bastantes recursos y al parecer van muy bien encaminados para poder detener o detectar qui\u00e9nes son los causantes de estos da\u00f1os que como se ha dicho, m\u00e1s que los da\u00f1os econ\u00f3micos que ellos reciben, son los da\u00f1os econ\u00f3micos a las v\u00edctimas. Entonces se pierde de regar. Los agricultores estamos en la \u00e9poca cr\u00edtica de los cultivos. Entonces si ahora no regamos, no solamente perdemos un mes o dos meses de trabajo, perdemos toda la temporada\u201d.<\/p>\n\n\n\n<p>Finalmente, Ulises Contador, agricultor de Ovalle y parte del directorio de la Sociedad Agr\u00edcola del Norte indic\u00f3 que la reuni\u00f3n fue productiva y pudieron revisar el trabajo que est\u00e1n realizando la Seremi de Seguridad, las polic\u00edas y la Fiscal\u00eda Regional para manejar este delito que los afecta y agreg\u00f3 que el balance tras la conversaci\u00f3n fue \u201cmuy bueno porque estuvimos ya en una reuni\u00f3n con el fiscal hace una semana atr\u00e1s, quien nos explic\u00f3 un poquito c\u00f3mo funcionaba. Entonces es importante porque, primero, te sientes escuchado. Con esta instancia al menos uno ve que s\u00ed se est\u00e1n haciendo gestiones\u201d.<\/p>\n","protected":false},"excerpt":{"rendered":"<p>La Fiscal\u00eda inform\u00f3 a los agricultores y regantes sobre el foco investigativo que est\u00e1n llevando a cabo, ya que los delitos comparten caracter\u00edsticas comunes, identificadas a trav\u00e9s del an\u00e1lisis de informaci\u00f3n para encontrar patrones, modus operandi y vincular los casos para esclarecer los il\u00edcitos. Una reuni\u00f3n informativa y de coordinaci\u00f3n para los agricultores y regantes &#8230;<\/p>\n","protected":false},"author":2,"featured_media":13096,"comment_status":"open","ping_status":"open","sticky":false,"template":"","format":"standard","meta":{"footnotes":""},"categories":[5],"tags":[],"class_list":["post-13095","post","type-post","status-publish","format-standard","has-post-thumbnail","hentry","category-actualidad-limarina"],"_links":{"self":[{"href":"https:\/\/www.radiolimari.cl\/index.php?rest_route=\/wp\/v2\/posts\/13095","targetHints":{"allow":["GET"]}}],"collection":[{"href":"https:\/\/www.radiolimari.cl\/index.php?rest_route=\/wp\/v2\/posts"}],"about":[{"href":"https:\/\/www.radiolimari.cl\/index.php?rest_route=\/wp\/v2\/types\/post"}],"author":[{"embeddable":true,"href":"https:\/\/www.radiolimari.cl\/index.php?rest_route=\/wp\/v2\/users\/2"}],"replies":[{"embeddable":true,"href":"https:\/\/www.radiolimari.cl\/index.php?rest_route=%2Fwp%2Fv2%2Fcomments&post=13095"}],"version-history":[{"count":1,"href":"https:\/\/www.radiolimari.cl\/index.php?rest_route=\/wp\/v2\/posts\/13095\/revisions"}],"predecessor-version":[{"id":13097,"href":"https:\/\/www.radiolimari.cl\/index.php?rest_route=\/wp\/v2\/posts\/13095\/revisions\/13097"}],"wp:featuredmedia":[{"embeddable":true,"href":"https:\/\/www.radiolimari.cl\/index.php?rest_route=\/wp\/v2\/media\/13096"}],"wp:attachment":[{"href":"https:\/\/www.radiolimari.cl\/index.php?rest_route=%2Fwp%2Fv2%2Fmedia&parent=13095"}],"wp:term":[{"taxonomy":"category","embeddable":true,"href":"https:\/\/www.radiolimari.cl\/index.php?rest_route=%2Fwp%2Fv2%2Fcategories&post=13095"},{"taxonomy":"post_tag","embeddable":true,"href":"https:\/\/www.radiolimari.cl\/index.php?rest_route=%2Fwp%2Fv2%2Ftags&post=13095"}],"curies":[{"name":"wp","href":"https:\/\/api.w.org\/{rel}","templated":true}]}}