{"id":13091,"date":"2025-12-04T01:52:21","date_gmt":"2025-12-04T01:52:21","guid":{"rendered":"https:\/\/www.radiolimari.cl\/?p=13091"},"modified":"2025-12-04T01:53:15","modified_gmt":"2025-12-04T01:53:15","slug":"gobierno-finaliza-pavimentacion-de-los-primeros-115-kilometros-de-la-ruta-antakari-en-vicuna-y-la-comuna-de-rio-hurtado","status":"publish","type":"post","link":"https:\/\/www.radiolimari.cl\/?p=13091","title":{"rendered":"Gobierno finaliza pavimentaci\u00f3n de los primeros 11,5 kil\u00f3metros de la Ruta Antakari entre Vicu\u00f1a y la Comuna de R\u00edo Hurtado."},"content":{"rendered":"\n<figure class=\"wp-block-image size-large\"><a href=\"https:\/\/www.radiolimari.cl\/wp-content\/uploads\/2025\/12\/RUTA-ANTAKARI-img_1547-3.jpeg\"><img fetchpriority=\"high\" decoding=\"async\" width=\"1024\" height=\"683\" src=\"https:\/\/www.radiolimari.cl\/wp-content\/uploads\/2025\/12\/RUTA-ANTAKARI-img_1547-3-1024x683.jpeg\" alt=\"\" class=\"wp-image-13092\" srcset=\"https:\/\/www.radiolimari.cl\/wp-content\/uploads\/2025\/12\/RUTA-ANTAKARI-img_1547-3-1024x683.jpeg 1024w, https:\/\/www.radiolimari.cl\/wp-content\/uploads\/2025\/12\/RUTA-ANTAKARI-img_1547-3-300x200.jpeg 300w, https:\/\/www.radiolimari.cl\/wp-content\/uploads\/2025\/12\/RUTA-ANTAKARI-img_1547-3-768x512.jpeg 768w, https:\/\/www.radiolimari.cl\/wp-content\/uploads\/2025\/12\/RUTA-ANTAKARI-img_1547-3-1536x1024.jpeg 1536w, https:\/\/www.radiolimari.cl\/wp-content\/uploads\/2025\/12\/RUTA-ANTAKARI-img_1547-3.jpeg 1600w\" sizes=\"(max-width: 1024px) 100vw, 1024px\" \/><\/a><\/figure>\n\n\n\n<p><strong><em>Este proyecto busca mejorar la seguridad vial y la calidad de vida de las comunidades que transitan por esta ruta, que conecta las provincias de Elqui y Limar\u00ed, potenciando adem\u00e1s el turismo y la actividad productiva local.<\/em><\/strong><\/p>\n\n\n\n<p>La Ruta Antakari es reconocida por su valor paisaj\u00edstico y cultural, siendo un corredor estrat\u00e9gico para el turismo astron\u00f3mico, rural y patrimonial. Con esta pavimentaci\u00f3n, se facilitar\u00e1 el acceso a atractivos como observatorios, rutas vitivin\u00edcolas y circuitos de naturaleza, impulsando la llegada de visitantes y fortaleciendo la econom\u00eda local.<\/p>\n\n\n\n<p>Una reconocida v\u00eda que el Ministerio de Obras P\u00fablicas, a trav\u00e9s de su Direcci\u00f3n de Vialidad, intervino en los primeros 11,5 kil\u00f3metros para elevar el est\u00e1ndar de seguridad y conexi\u00f3n entre las comunas de Vicu\u00f1a, Andacollo y R\u00edo Hurtado.<\/p>\n\n\n\n<p>Al respecto, el Delegado Presidencial Regional, Galo Luna Penna, destac\u00f3 que&nbsp;<strong>\u201cnos hemos propuesto la tarea de avanzar en la pavimentaci\u00f3n de la mayor cantidad de caminos interiores y rurales que tengamos, y sobre todo este, que es una ruta tan emblem\u00e1tica, tan importante, una demanda muy solicitada en compa\u00f1\u00eda del alcalde Vicu\u00f1a, la alcaldesa R\u00edo Hurtado, puesto que esta ruta une ambas comunas\u201d<\/strong>.<\/p>\n\n\n\n<p>As\u00ed se marca un hito en la conectividad y desarrollo de la zona interior de la regi\u00f3n, a trav\u00e9s de obras de pavimentaci\u00f3n que tambi\u00e9n incluye se\u00f1al\u00e9ticas y demarcaciones.<\/p>\n\n\n\n<p>Para el Seremi de Obras P\u00fablicas, Javier Sandoval, junto con la modernizaci\u00f3n de la ruta, tambi\u00e9n se reducen los tiempos de traslado, adem\u00e1s de mejor acceso a servicios b\u00e1sicos y oportunidades laborales.&nbsp;<strong>\u201cEsto tuvo un costo de 2.500 millones y con esto tambi\u00e9n se pretende seguir avanzando en los distintos otros tramos hasta llegar al sector de R\u00edo Hurtado. Esta es una ruta tambi\u00e9n que queremos trabajarla con el concepto de ruta esc\u00e9nica, es decir, aprovechando el paisajismo que est\u00e1 en el sector, pudiendo en un futuro complementarla con miradores\u201d<\/strong>, indic\u00f3 Sandoval.<\/p>\n\n\n\n<p>Con esto tambi\u00e9n se apoya al comercio local y a la actividad tur\u00edstica, generando nuevas fuentes de ingreso, considerando el tr\u00e1nsito constante entre las comunas de Vicu\u00f1a y R\u00edo Hurtado.<\/p>\n\n\n\n<p><strong>\u201cEstamos muy contentos del trabajo que ha hecho el del MOP (\u2026) esperamos que en un corto plazo podamos unir ya estos 41 que nos dividen para que ya est\u00e9 totalmente pavimentada y refrendar el abrazo entre R\u00edo Hurtado y Vicu\u00f1a. As\u00ed que muy contento por esta noble iniciativa que le da tambi\u00e9n seguridad a muchos vecinos, que nos une en una ruta comercial, en una ruta de turismo y tambi\u00e9n estrat\u00e9gica\u201d<\/strong>, se\u00f1al\u00f3 el Alcalde de Vicu\u00f1a, Mario Aros.<\/p>\n\n\n\n<p>Mientras que la Alcaldesa de R\u00edo Hurtado, Carmen Juana Olivares, acot\u00f3 que&nbsp;<strong>\u201ctodo nuestro sector alto de Las Breas, de Hurtado, del Cha\u00f1ar, cruzan hacia Vicu\u00f1a a abastecerse y tambi\u00e9n a entregar su mercader\u00eda, su comercializaci\u00f3n de queso y productos que nosotros producimos en R\u00edo Hurtado. Por lo tanto, para nosotros es un gran avance. Va a mejorar la calidad de vida tanto de nuestros vecinos de R\u00edo Hurtado, as\u00ed como tambi\u00e9n a quienes van a cruzar la ruta por fines tur\u00edsticos\u201d<\/strong>.<\/p>\n\n\n\n<p>El proyecto contempla continuar con nuevas etapas de pavimentaci\u00f3n, hasta completar la totalidad de la Ruta Antakari, consolidando un corredor vial en el tramo Hurtado \u2013 Vicu\u00f1a de aproximadamente 45 km.<\/p>\n","protected":false},"excerpt":{"rendered":"<p>Este proyecto busca mejorar la seguridad vial y la calidad de vida de las comunidades que transitan por esta ruta, que conecta las provincias de Elqui y Limar\u00ed, potenciando adem\u00e1s el turismo y la actividad productiva local. La Ruta Antakari es reconocida por su valor paisaj\u00edstico y cultural, siendo un corredor estrat\u00e9gico para el turismo &#8230;<\/p>\n","protected":false},"author":2,"featured_media":13092,"comment_status":"open","ping_status":"open","sticky":false,"template":"","format":"standard","meta":{"footnotes":""},"categories":[6],"tags":[],"class_list":["post-13091","post","type-post","status-publish","format-standard","has-post-thumbnail","hentry","category-regionales"],"_links":{"self":[{"href":"https:\/\/www.radiolimari.cl\/index.php?rest_route=\/wp\/v2\/posts\/13091","targetHints":{"allow":["GET"]}}],"collection":[{"href":"https:\/\/www.radiolimari.cl\/index.php?rest_route=\/wp\/v2\/posts"}],"about":[{"href":"https:\/\/www.radiolimari.cl\/index.php?rest_route=\/wp\/v2\/types\/post"}],"author":[{"embeddable":true,"href":"https:\/\/www.radiolimari.cl\/index.php?rest_route=\/wp\/v2\/users\/2"}],"replies":[{"embeddable":true,"href":"https:\/\/www.radiolimari.cl\/index.php?rest_route=%2Fwp%2Fv2%2Fcomments&post=13091"}],"version-history":[{"count":2,"href":"https:\/\/www.radiolimari.cl\/index.php?rest_route=\/wp\/v2\/posts\/13091\/revisions"}],"predecessor-version":[{"id":13094,"href":"https:\/\/www.radiolimari.cl\/index.php?rest_route=\/wp\/v2\/posts\/13091\/revisions\/13094"}],"wp:featuredmedia":[{"embeddable":true,"href":"https:\/\/www.radiolimari.cl\/index.php?rest_route=\/wp\/v2\/media\/13092"}],"wp:attachment":[{"href":"https:\/\/www.radiolimari.cl\/index.php?rest_route=%2Fwp%2Fv2%2Fmedia&parent=13091"}],"wp:term":[{"taxonomy":"category","embeddable":true,"href":"https:\/\/www.radiolimari.cl\/index.php?rest_route=%2Fwp%2Fv2%2Fcategories&post=13091"},{"taxonomy":"post_tag","embeddable":true,"href":"https:\/\/www.radiolimari.cl\/index.php?rest_route=%2Fwp%2Fv2%2Ftags&post=13091"}],"curies":[{"name":"wp","href":"https:\/\/api.w.org\/{rel}","templated":true}]}}