{"id":13002,"date":"2025-10-22T22:02:07","date_gmt":"2025-10-22T22:02:07","guid":{"rendered":"https:\/\/www.radiolimari.cl\/?p=13002"},"modified":"2025-10-22T22:03:36","modified_gmt":"2025-10-22T22:03:36","slug":"160-pesos-costara-el-pasaje-en-los-buses-electricos-de-ovalle-para-estudiantes-con-su-tne","status":"publish","type":"post","link":"https:\/\/www.radiolimari.cl\/?p=13002","title":{"rendered":"160 pesos costar\u00e1 el pasaje en los buses el\u00e9ctricos de Ovalle para estudiantes con su TNE."},"content":{"rendered":"\n<figure class=\"wp-block-image size-large\"><a href=\"https:\/\/www.radiolimari.cl\/wp-content\/uploads\/2025\/10\/160-pesos-costara-el-pasaje-en-buses-electricos-en-ovalle-tne-4.jpeg\"><img fetchpriority=\"high\" decoding=\"async\" width=\"1024\" height=\"768\" src=\"https:\/\/www.radiolimari.cl\/wp-content\/uploads\/2025\/10\/160-pesos-costara-el-pasaje-en-buses-electricos-en-ovalle-tne-4-1024x768.jpeg\" alt=\"\" class=\"wp-image-13003\" srcset=\"https:\/\/www.radiolimari.cl\/wp-content\/uploads\/2025\/10\/160-pesos-costara-el-pasaje-en-buses-electricos-en-ovalle-tne-4-1024x768.jpeg 1024w, https:\/\/www.radiolimari.cl\/wp-content\/uploads\/2025\/10\/160-pesos-costara-el-pasaje-en-buses-electricos-en-ovalle-tne-4-300x225.jpeg 300w, https:\/\/www.radiolimari.cl\/wp-content\/uploads\/2025\/10\/160-pesos-costara-el-pasaje-en-buses-electricos-en-ovalle-tne-4-768x576.jpeg 768w, https:\/\/www.radiolimari.cl\/wp-content\/uploads\/2025\/10\/160-pesos-costara-el-pasaje-en-buses-electricos-en-ovalle-tne-4-1536x1152.jpeg 1536w, https:\/\/www.radiolimari.cl\/wp-content\/uploads\/2025\/10\/160-pesos-costara-el-pasaje-en-buses-electricos-en-ovalle-tne-4.jpeg 1600w\" sizes=\"(max-width: 1024px) 100vw, 1024px\" \/><\/a><\/figure>\n\n\n\n<p><strong><em>Autoridades hicieron un llamado a regularizar su TNE para acceder al beneficio del Ministerio de Transportes.<\/em><\/strong><strong><em><\/em><\/strong><\/p>\n\n\n\n<p>160 pesos costar\u00e1 el pasaje para estudiantes que porten su Tarjeta Nacional Estudiantil (TNE) cuando entren en vigencia los buses de transporte p\u00fablico en Ovalle. Una tarifa rebajada que permitir\u00e1 abaratar costos de traslado a las familias y que va en directo beneficio de las familias de Limar\u00ed.<\/p>\n\n\n\n<p>Al respecto, el delegado presidencial de la Provincia de Limar\u00ed, Eduardo Alcayaga indic\u00f3 que \u201cvaloramos este tipo de iniciativas y compromiso del gobierno del Presidente Gabriel Boric, que mejoran la calidad de vida de los chilenos. Los buses el\u00e9ctricos ser\u00e1n un factor muy importante en el transporte local urbano p\u00fablico, que ac\u00e1 actualmente no existe. Con eso estamos, justamente, el d\u00eda de hoy contando y proyectando los tiempos con un transporte p\u00fablico regulado, que se pone a disposici\u00f3n de la familia a un valor de $500 el pasaje. Y para los estudiantes, que con la TNE podr\u00e1n acceder a una tarifa de $160\u201d.<\/p>\n\n\n\n<p>En esta misma l\u00ednea la seremi de Transportes y Telecomunicaciones, Alejandra Maureira, se\u00f1al\u00f3 \u201cestamos difundiendo el proyecto de los buses el\u00e9ctricos, principalmente con la comunidad escolar que sabemos van a ser unos usuarios frecuentes de este sistema. Lo que queremos es relevar la importancia de renovar y activar la tarjeta TNE, entendiendo que ya para el primer semestre del pr\u00f3ximo a\u00f1o se tiene proyectado el inicio de operaci\u00f3n de los buses el\u00e9ctricos, que van a ser 7 recorridos que van a cubrir la comuna de Ovalle, y que van a tener, adem\u00e1s, tarifas mucho m\u00e1s asequibles para las familias. Por eso es que queremos que las personas y los estudiantes en particular conozcan cu\u00e1les van a ser los recorridos y vayamos juntos preparando la ciudad para la llegada de este importante proyecto\u201d.<\/p>\n\n\n\n<p>Ser\u00e1n 41 buses el\u00e9ctricos que comenzar\u00e1n a circular las calles de Ovalle el a\u00f1o 2026 y que entre sus principales caracter\u00edsticas se puede mencionar que contar\u00e1n con aire acondicionado, cargadores USB, cabina segregada para el conductor y accesibilidad universal. La cobertura horaria del servicio ser\u00e1 desde las 06:00 hasta las 22:00 horas y se estima que se alcanzar\u00e1 un total, aproximado, de 2 millones de kil\u00f3metros comerciales por a\u00f1o.<\/p>\n\n\n\n<p>\u201cA m\u00ed, personalmente, me parece maravillosa esta iniciativa, yo creo que muy sentida por la ciudad de Ovalle, por los alumnos, por toda la comunidad. Nosotros tenemos alumnos que vienen de distintos sectores de Ovalle y tienen muchos problemas de transporte, as\u00ed es que es la soluci\u00f3n so\u00f1ada. Y en lo personal, un orgullo inmenso, realmente nos va a cambiar la vida, nos va a cambiar la vida a todos\u201d, agreg\u00f3 la directora del colegio Manantial, Liliam Rubio.<\/p>\n\n\n\n<p><strong><u>JUNAEB en proceso de regularizaci\u00f3n de la tarjeta nacional estudiantil TNE<\/u><\/strong><\/p>\n\n\n\n<p>Por su parte, la delegada provincial de Junaeb Limar\u00ed, B\u00e1rbara \u00c1lvarez, adelant\u00f3 que la captura fotogr\u00e1fica temprana se realizar\u00e1 en distintos establecimientos, y llam\u00f3 a los estudiantes a participar para que puedan obtener su pase escolar en el tiempo que les corresponda.<\/p>\n\n\n\n<p>\u201cQueremos hacer un llamado a los estudiantes de los cursos de cuarto y octavo b\u00e1sico, para que se unan a esta campa\u00f1a de captura fotogr\u00e1fica temprana para estudiantes. Comentarles que nosotros como instituci\u00f3n estamos organizando ya la visita a cada uno de los establecimientos educacionales, son visitas programadas, as\u00ed que los estudiantes se acerquen a sus comunidades educativas y la puedan consultar cu\u00e1ndo les corresponde la captura. Tambi\u00e9n hacerles un llamado a los estudiantes, a los escolares, que son otra comunidad educativa, que la tarjeta tiene uso las 24 horas del d\u00eda, los 7 d\u00edas de la semana y que es v\u00e1lida desde cuarto b\u00e1sico hasta cuarto medio, y estudiantes de educaci\u00f3n superior. Los estudiantes de primero o cuarto b\u00e1sico no les corresponde tarjeta, por lo tanto, ya tienen su pase y su gratuidad garantizada\u201d, finaliz\u00f3.<\/p>\n\n\n\n<p>Francisco Oshiro, jefe del departamento DEM de la Municipalidad de Ovalle, valor\u00f3 tambi\u00e9n esta iniciativa \u201cPara nosotros es muy relevante, ya que tenemos 12.000 estudiantes, por lo tanto, el impacto es mayor. Tenemos una zona urbana importante, tenemos establecimientos que tienen m\u00e1s de 1.000 estudiantes, por lo tanto, esto es un aliciente para que podamos salir adelante con nuestros j\u00f3venes, nuestros ni\u00f1os y tener un servicio de calidad, buses nuevos, el\u00e9ctricos, modernos y que van a permitir que nuestros j\u00f3venes y las familias se puedan acercar y puedan tener un mecanismo de apoyo y de ayuda para participar de manera activa en los establecimientos educacionales\u201d,<\/p>\n","protected":false},"excerpt":{"rendered":"<p>Autoridades hicieron un llamado a regularizar su TNE para acceder al beneficio del Ministerio de Transportes. 160 pesos costar\u00e1 el pasaje para estudiantes que porten su Tarjeta Nacional Estudiantil (TNE) cuando entren en vigencia los buses de transporte p\u00fablico en Ovalle. Una tarifa rebajada que permitir\u00e1 abaratar costos de traslado a las familias y que &#8230;<\/p>\n","protected":false},"author":2,"featured_media":13003,"comment_status":"open","ping_status":"open","sticky":false,"template":"","format":"standard","meta":{"footnotes":""},"categories":[5],"tags":[],"class_list":["post-13002","post","type-post","status-publish","format-standard","has-post-thumbnail","hentry","category-actualidad-limarina"],"_links":{"self":[{"href":"https:\/\/www.radiolimari.cl\/index.php?rest_route=\/wp\/v2\/posts\/13002","targetHints":{"allow":["GET"]}}],"collection":[{"href":"https:\/\/www.radiolimari.cl\/index.php?rest_route=\/wp\/v2\/posts"}],"about":[{"href":"https:\/\/www.radiolimari.cl\/index.php?rest_route=\/wp\/v2\/types\/post"}],"author":[{"embeddable":true,"href":"https:\/\/www.radiolimari.cl\/index.php?rest_route=\/wp\/v2\/users\/2"}],"replies":[{"embeddable":true,"href":"https:\/\/www.radiolimari.cl\/index.php?rest_route=%2Fwp%2Fv2%2Fcomments&post=13002"}],"version-history":[{"count":2,"href":"https:\/\/www.radiolimari.cl\/index.php?rest_route=\/wp\/v2\/posts\/13002\/revisions"}],"predecessor-version":[{"id":13005,"href":"https:\/\/www.radiolimari.cl\/index.php?rest_route=\/wp\/v2\/posts\/13002\/revisions\/13005"}],"wp:featuredmedia":[{"embeddable":true,"href":"https:\/\/www.radiolimari.cl\/index.php?rest_route=\/wp\/v2\/media\/13003"}],"wp:attachment":[{"href":"https:\/\/www.radiolimari.cl\/index.php?rest_route=%2Fwp%2Fv2%2Fmedia&parent=13002"}],"wp:term":[{"taxonomy":"category","embeddable":true,"href":"https:\/\/www.radiolimari.cl\/index.php?rest_route=%2Fwp%2Fv2%2Fcategories&post=13002"},{"taxonomy":"post_tag","embeddable":true,"href":"https:\/\/www.radiolimari.cl\/index.php?rest_route=%2Fwp%2Fv2%2Ftags&post=13002"}],"curies":[{"name":"wp","href":"https:\/\/api.w.org\/{rel}","templated":true}]}}