{"id":12884,"date":"2025-09-04T22:05:35","date_gmt":"2025-09-04T22:05:35","guid":{"rendered":"https:\/\/www.radiolimari.cl\/?p=12884"},"modified":"2025-09-04T22:05:37","modified_gmt":"2025-09-04T22:05:37","slug":"en-la-comuna-de-ovalle-centenares-de-estudiantes-dan-vida-al-septimo-encuentro-folclorico-inter-escuelas-de-la-localidad-de-la-torre","status":"publish","type":"post","link":"https:\/\/www.radiolimari.cl\/?p=12884","title":{"rendered":"En la comuna de Ovalle, centenares de estudiantes dan vida al S\u00e9ptimo Encuentro Folcl\u00f3rico Inter Escuelas de la localidad de La Torre."},"content":{"rendered":"\n<figure class=\"wp-block-image size-large\"><a href=\"https:\/\/www.radiolimari.cl\/wp-content\/uploads\/2025\/09\/4.9-ovalle-scaled.jpg\"><img fetchpriority=\"high\" decoding=\"async\" width=\"1024\" height=\"683\" src=\"https:\/\/www.radiolimari.cl\/wp-content\/uploads\/2025\/09\/4.9-ovalle-1024x683.jpg\" alt=\"\" class=\"wp-image-12885\" srcset=\"https:\/\/www.radiolimari.cl\/wp-content\/uploads\/2025\/09\/4.9-ovalle-1024x683.jpg 1024w, https:\/\/www.radiolimari.cl\/wp-content\/uploads\/2025\/09\/4.9-ovalle-300x200.jpg 300w, https:\/\/www.radiolimari.cl\/wp-content\/uploads\/2025\/09\/4.9-ovalle-768x512.jpg 768w, https:\/\/www.radiolimari.cl\/wp-content\/uploads\/2025\/09\/4.9-ovalle-1536x1024.jpg 1536w, https:\/\/www.radiolimari.cl\/wp-content\/uploads\/2025\/09\/4.9-ovalle-2048x1365.jpg 2048w\" sizes=\"(max-width: 1024px) 100vw, 1024px\" \/><\/a><\/figure>\n\n\n\n<p><strong>Una verdadera fiesta de tradiciones se desarroll\u00f3 en la localidad ubicada a unos 26 kil\u00f3metros de la ciudad, convocando a m\u00e1s de 10 establecimientos del sector rural<\/strong><\/p>\n\n\n\n<p>La Escuela Luc\u00eda N\u00fa\u00f1ez de la Cuadra, en la localidad de La Torre, fue anfitriona del S\u00e9ptimo Encuentro Folcl\u00f3rico Inter Escuelas, una jornada llena de tradici\u00f3n, cultura y talento, que convoc\u00f3 a centenares de estudiantes de distintos establecimientos rurales de la comuna.<\/p>\n\n\n\n<p>El encuentro se transform\u00f3 en una verdadera fiesta de identidad y folclor, donde la danza, la poes\u00eda, el teatro y diversas expresiones art\u00edsticas dieron vida a un homenaje especial a Gabriela Mistral, conmemorando los 80 a\u00f1os de la obtenci\u00f3n del Premio Nobel de Literatura por parte de la poetisa elquina.<\/p>\n\n\n\n<p>Durante la jornada, las y los estudiantes presentaron creaciones que pusieron en valor no solo el legado mistraliano, sino tambi\u00e9n la importancia de las artes en la formaci\u00f3n integral, contribuyendo al desarrollo de habilidades creativas, la expresi\u00f3n de emociones y el fortalecimiento de la identidad cultural.<\/p>\n\n\n\n<p>En el encuentro participaron las comunidades educativas de las escuelas Luc\u00eda N\u00fa\u00f1ez de la Cuadra (La Torre), Elvira Ochoa Avil\u00e9s (Lagunillas), Santa Cristina, Carachilla, El Guindo, Cerro Tamaya (El Talhu\u00e9n), Gaspar Cabrales (Quebrada Sequita), Pedro Alfonso Barrios (Cerrillos Pobres), El Trapiche, Juan Pablo Artigues (Recoleta), Los Olivos, Valent\u00edn Letelier (Villaseca) y el Colegio Yungay, quienes compartieron con entusiasmo y esp\u00edritu colaborativo.<\/p>\n\n\n\n<p>La actividad cont\u00f3 con la presencia del Jefe DEM, Francisco Oshiro Riveros, el Jefe UTP, Henry Willian Valenzuela, y la directora del establecimiento anfitri\u00f3n, Jacqueline Isamit Castillo, quienes destacaron el valor de este tipo de instancias que fortalecen la educaci\u00f3n p\u00fablica a trav\u00e9s del arte, la cultura y la convivencia escolar.<\/p>\n\n\n\n<p>Francisco Oshiro explic\u00f3 que \u201cesta muestra nos pone muy contentos, por las expresiones art\u00edsticas de los propios estudiantes, por el compromiso de los profesores y por la preparaci\u00f3n de todos los n\u00fameros art\u00edsticos. Ac\u00e1 hay un trabajo que destaca los valores patrios y lo m\u00e1s importante es la gran participaci\u00f3n de los estudiantes y comunidad educativa\u201d.<\/p>\n\n\n\n<p>Mientras que la directora del establecimiento recalc\u00f3 que \u201cest\u00e1 actividad parti\u00f3 con 3 escuelas, hoy son m\u00e1s de 10, lo que nos enorgullece. Este encuentro se convierte en un sello que nos caracteriza como escuela. Ac\u00e1 hay una muestra de tradici\u00f3n, en el marco de los 80 a\u00f1os del Premio Nobel de Gabriela Mistral\u201d.<\/p>\n","protected":false},"excerpt":{"rendered":"<p>Una verdadera fiesta de tradiciones se desarroll\u00f3 en la localidad ubicada a unos 26 kil\u00f3metros de la ciudad, convocando a m\u00e1s de 10 establecimientos del sector rural La Escuela Luc\u00eda N\u00fa\u00f1ez de la Cuadra, en la localidad de La Torre, fue anfitriona del S\u00e9ptimo Encuentro Folcl\u00f3rico Inter Escuelas, una jornada llena de tradici\u00f3n, cultura y &#8230;<\/p>\n","protected":false},"author":2,"featured_media":12885,"comment_status":"open","ping_status":"open","sticky":false,"template":"","format":"standard","meta":{"footnotes":""},"categories":[5],"tags":[],"class_list":["post-12884","post","type-post","status-publish","format-standard","has-post-thumbnail","hentry","category-actualidad-limarina"],"_links":{"self":[{"href":"https:\/\/www.radiolimari.cl\/index.php?rest_route=\/wp\/v2\/posts\/12884","targetHints":{"allow":["GET"]}}],"collection":[{"href":"https:\/\/www.radiolimari.cl\/index.php?rest_route=\/wp\/v2\/posts"}],"about":[{"href":"https:\/\/www.radiolimari.cl\/index.php?rest_route=\/wp\/v2\/types\/post"}],"author":[{"embeddable":true,"href":"https:\/\/www.radiolimari.cl\/index.php?rest_route=\/wp\/v2\/users\/2"}],"replies":[{"embeddable":true,"href":"https:\/\/www.radiolimari.cl\/index.php?rest_route=%2Fwp%2Fv2%2Fcomments&post=12884"}],"version-history":[{"count":1,"href":"https:\/\/www.radiolimari.cl\/index.php?rest_route=\/wp\/v2\/posts\/12884\/revisions"}],"predecessor-version":[{"id":12886,"href":"https:\/\/www.radiolimari.cl\/index.php?rest_route=\/wp\/v2\/posts\/12884\/revisions\/12886"}],"wp:featuredmedia":[{"embeddable":true,"href":"https:\/\/www.radiolimari.cl\/index.php?rest_route=\/wp\/v2\/media\/12885"}],"wp:attachment":[{"href":"https:\/\/www.radiolimari.cl\/index.php?rest_route=%2Fwp%2Fv2%2Fmedia&parent=12884"}],"wp:term":[{"taxonomy":"category","embeddable":true,"href":"https:\/\/www.radiolimari.cl\/index.php?rest_route=%2Fwp%2Fv2%2Fcategories&post=12884"},{"taxonomy":"post_tag","embeddable":true,"href":"https:\/\/www.radiolimari.cl\/index.php?rest_route=%2Fwp%2Fv2%2Ftags&post=12884"}],"curies":[{"name":"wp","href":"https:\/\/api.w.org\/{rel}","templated":true}]}}