{"id":12881,"date":"2025-09-04T21:57:22","date_gmt":"2025-09-04T21:57:22","guid":{"rendered":"https:\/\/www.radiolimari.cl\/?p=12881"},"modified":"2025-09-04T21:57:23","modified_gmt":"2025-09-04T21:57:23","slug":"medios-de-limari-reciben-mas-de-38-millones-de-pesos-para-fortalecer-su-labor-informativa","status":"publish","type":"post","link":"https:\/\/www.radiolimari.cl\/?p=12881","title":{"rendered":"Medios de Limar\u00ed reciben m\u00e1s de 38 millones de pesos para fortalecer su labor informativa."},"content":{"rendered":"\n<figure class=\"wp-block-image size-large\"><a href=\"https:\/\/www.radiolimari.cl\/wp-content\/uploads\/2025\/09\/4.9-gobierno-medios-scaled.jpeg\"><img fetchpriority=\"high\" decoding=\"async\" width=\"1024\" height=\"768\" src=\"https:\/\/www.radiolimari.cl\/wp-content\/uploads\/2025\/09\/4.9-gobierno-medios-1024x768.jpeg\" alt=\"\" class=\"wp-image-12882\" srcset=\"https:\/\/www.radiolimari.cl\/wp-content\/uploads\/2025\/09\/4.9-gobierno-medios-1024x768.jpeg 1024w, https:\/\/www.radiolimari.cl\/wp-content\/uploads\/2025\/09\/4.9-gobierno-medios-300x225.jpeg 300w, https:\/\/www.radiolimari.cl\/wp-content\/uploads\/2025\/09\/4.9-gobierno-medios-768x576.jpeg 768w, https:\/\/www.radiolimari.cl\/wp-content\/uploads\/2025\/09\/4.9-gobierno-medios-1536x1152.jpeg 1536w, https:\/\/www.radiolimari.cl\/wp-content\/uploads\/2025\/09\/4.9-gobierno-medios-2048x1536.jpeg 2048w\" sizes=\"(max-width: 1024px) 100vw, 1024px\" \/><\/a><\/figure>\n\n\n\n<p><strong><em>Los recursos del Ministerio Secretar\u00eda General de Gobierno llegar\u00e1n a m\u00e1s de cuarenta medios de comunicaci\u00f3n de la Regi\u00f3n de Coquimbo<\/em><\/strong><\/p>\n\n\n\n<p>Con un llamado a reforzar la democracia desde los territorios, se realiz\u00f3 en Ovalle la ceremonia de entrega del Fondo de Fomento de Medios de Comunicaci\u00f3n Social 2025, iniciativa que destin\u00f3 este a\u00f1o m\u00e1s de 38 millones de pesos para apoyar proyectos radiales, digitales e impresos de la zona.<\/p>\n\n\n\n<p>Este fondo, perteneciente al Ministerio Secretar\u00eda General de Gobierno y vigente desde 2001, ha sido una herramienta clave para promover el pluralismo, rescatar la identidad local y fortalecer la comunicaci\u00f3n regional, con m\u00e1s de 750 proyectos financiados en la Regi\u00f3n de Coquimbo y una inversi\u00f3n acumulada que supera los 2.000 millones de pesos.<\/p>\n\n\n\n<p><strong>\u201cLa democracia requiere justamente que la comunidad tenga informaci\u00f3n permanente, que forme opini\u00f3n y pueda tomar decisiones\u201d, afirm\u00f3 Eduardo Alcayaga Cort\u00e9s, delegado presidencial provincial de Limar\u00ed. \u201cEs en los territorios donde se genera identidad, y los medios locales son fundamentales para visibilizar esas realidades\u201d.<\/strong><\/p>\n\n\n\n<p>Durante la jornada, que cont\u00f3 con la participaci\u00f3n del alcalde de Punitaqui, Pedro Araya, y de los consejeros regionales de Limar\u00ed, Max Aguirre y Bernardo Ch\u00e1vez, los asistentes destacaron no solo el aporte econ\u00f3mico, sino tambi\u00e9n el respaldo simb\u00f3lico que este fondo representa para los medios locales, que muchas veces operan con recursos limitados, pero con un profundo compromiso con sus comunidades.<\/p>\n\n\n\n<p>En esta edici\u00f3n, se adjudicaron fondos a radios de Limar\u00ed como Comunicativa, Alegre, Informativa, Maquehua FM, Caribe y Estaci\u00f3n FM. Tambi\u00e9n resultaron beneficiados el Diario El Ovallino, el sitio web MUDMedia y la web de Radio Nuevo Mundo de Ovalle, que en conjunto recibir\u00e1n m\u00e1s de 11 millones y medio de pesos para el desarrollo de sus iniciativas.<\/p>\n\n\n\n<p>Dora Cort\u00e9s Segovia, representante de Radio Nuevo Mundo, explic\u00f3 que su proyecto est\u00e1 centrado en el cuidado del medio ambiente, inspir\u00e1ndose en las pr\u00e1cticas sustentables del pasado: <strong>\u201cNuestros abuelos usaban papel para envolver, reciclaban botellas. Hoy hay un derroche brutal de pl\u00e1stico que contamina nuestra atm\u00f3sfera. Queremos recuperar esas experiencias de vida m\u00e1s conscientes. Y este fondo nos permite hacerlo, nos da un respiro para seguir existiendo como medio\u201d.<\/strong><\/p>\n\n\n\n<p>Desde el Ministerio Secretar\u00eda General de Gobierno, organismo encargado de administrar el fondo, la Vocera Regional, Paulina Mora, enfatiz\u00f3 la importancia de descentralizar tanto los recursos como las decisiones. <strong>\u201cHoy celebramos una ceremonia descentralizada, como lo haremos tambi\u00e9n en Choapa y Elqui. Con 41 proyectos adjudicados en toda la regi\u00f3n y m\u00e1s de 170 millones de pesos distribuidos, reafirmamos el compromiso de acercar el Estado a los territorios y de seguir trabajando para fortalecer a nuestro medios de comunicaci\u00f3n locales\u201d.<\/strong><\/p>\n\n\n\n<p>El Fondo de Fomento de Medios financia proyectos relacionados con tem\u00e1ticas como g\u00e9nero, medio ambiente, educaci\u00f3n c\u00edvica, identidad cultural y desarrollo regional. Su asignaci\u00f3n est\u00e1 a cargo de un consejo plural compuesto por representantes de medios, gremios, autoridades y del Consejo Regional.<\/p>\n\n\n\n<p>Uno de los proyectos destacados de esta versi\u00f3n proviene de Estaci\u00f3n FM, emisora que trabajar\u00e1 con mujeres de la zona para visibilizar buenas pr\u00e1cticas en el uso del agua: <strong>\u201cQueremos que ellas nos cuenten c\u00f3mo gestionan el agua en sus hogares, en un contexto donde el recurso es cada vez m\u00e1s escaso\u201d, explic\u00f3 Sergio Canihuante, representante de la radio. \u201cAdem\u00e1s, estos fondos nos permitir\u00e1n renovar nuestro equipamiento y mejorar la calidad de nuestros programas\u201d.<\/strong><\/p>\n\n\n\n<p>Por su parte, el alcalde de Ovalle, H\u00e9ctor Vega, tambi\u00e9n estuvo presente en la actividad y valor\u00f3 el rol de los medios comunitarios como puente entre ciudadan\u00eda y autoridades: <strong>\u201cSon quienes informan sobre los problemas reales del d\u00eda a d\u00eda. Muchas veces mantener estos medios es una tarea cuesta arriba, pero con estos recursos pueden seguir funcionando y fortaleciendo la participaci\u00f3n ciudadana\u201d.<\/strong><\/p>\n\n\n\n<p>La entrega del fondo en Limar\u00ed es parte de un compromiso del Ejecutivo con lo local, donde se busca no solo apoyar el desarrollo de los medios regionales, sino tambi\u00e9n potenciar su rol como agentes de desarrollo, cultura y democracia.<\/p>\n","protected":false},"excerpt":{"rendered":"<p>Los recursos del Ministerio Secretar\u00eda General de Gobierno llegar\u00e1n a m\u00e1s de cuarenta medios de comunicaci\u00f3n de la Regi\u00f3n de Coquimbo Con un llamado a reforzar la democracia desde los territorios, se realiz\u00f3 en Ovalle la ceremonia de entrega del Fondo de Fomento de Medios de Comunicaci\u00f3n Social 2025, iniciativa que destin\u00f3 este a\u00f1o m\u00e1s &#8230;<\/p>\n","protected":false},"author":2,"featured_media":12882,"comment_status":"open","ping_status":"open","sticky":false,"template":"","format":"standard","meta":{"footnotes":""},"categories":[6],"tags":[],"class_list":["post-12881","post","type-post","status-publish","format-standard","has-post-thumbnail","hentry","category-regionales"],"_links":{"self":[{"href":"https:\/\/www.radiolimari.cl\/index.php?rest_route=\/wp\/v2\/posts\/12881","targetHints":{"allow":["GET"]}}],"collection":[{"href":"https:\/\/www.radiolimari.cl\/index.php?rest_route=\/wp\/v2\/posts"}],"about":[{"href":"https:\/\/www.radiolimari.cl\/index.php?rest_route=\/wp\/v2\/types\/post"}],"author":[{"embeddable":true,"href":"https:\/\/www.radiolimari.cl\/index.php?rest_route=\/wp\/v2\/users\/2"}],"replies":[{"embeddable":true,"href":"https:\/\/www.radiolimari.cl\/index.php?rest_route=%2Fwp%2Fv2%2Fcomments&post=12881"}],"version-history":[{"count":1,"href":"https:\/\/www.radiolimari.cl\/index.php?rest_route=\/wp\/v2\/posts\/12881\/revisions"}],"predecessor-version":[{"id":12883,"href":"https:\/\/www.radiolimari.cl\/index.php?rest_route=\/wp\/v2\/posts\/12881\/revisions\/12883"}],"wp:featuredmedia":[{"embeddable":true,"href":"https:\/\/www.radiolimari.cl\/index.php?rest_route=\/wp\/v2\/media\/12882"}],"wp:attachment":[{"href":"https:\/\/www.radiolimari.cl\/index.php?rest_route=%2Fwp%2Fv2%2Fmedia&parent=12881"}],"wp:term":[{"taxonomy":"category","embeddable":true,"href":"https:\/\/www.radiolimari.cl\/index.php?rest_route=%2Fwp%2Fv2%2Fcategories&post=12881"},{"taxonomy":"post_tag","embeddable":true,"href":"https:\/\/www.radiolimari.cl\/index.php?rest_route=%2Fwp%2Fv2%2Ftags&post=12881"}],"curies":[{"name":"wp","href":"https:\/\/api.w.org\/{rel}","templated":true}]}}