{"id":12872,"date":"2025-09-04T01:57:50","date_gmt":"2025-09-04T01:57:50","guid":{"rendered":"https:\/\/www.radiolimari.cl\/?p=12872"},"modified":"2025-09-04T01:57:51","modified_gmt":"2025-09-04T01:57:51","slug":"gobierno-destaca-inicio-de-pagos-del-aumento-de-la-pgu-a-250-mil-y-aguinaldo-de-fiestas-patrias-para-pensionados","status":"publish","type":"post","link":"https:\/\/www.radiolimari.cl\/?p=12872","title":{"rendered":"Gobierno destaca inicio de pagos del aumento de la PGU a $250 mil y Aguinaldo de Fiestas Patrias para pensionados"},"content":{"rendered":"\n<figure class=\"wp-block-image size-large\"><a href=\"https:\/\/www.radiolimari.cl\/wp-content\/uploads\/2025\/09\/1000292807.jpg\"><img fetchpriority=\"high\" decoding=\"async\" width=\"1024\" height=\"694\" src=\"https:\/\/www.radiolimari.cl\/wp-content\/uploads\/2025\/09\/1000292807-1024x694.jpg\" alt=\"\" class=\"wp-image-12873\" srcset=\"https:\/\/www.radiolimari.cl\/wp-content\/uploads\/2025\/09\/1000292807-1024x694.jpg 1024w, https:\/\/www.radiolimari.cl\/wp-content\/uploads\/2025\/09\/1000292807-300x203.jpg 300w, https:\/\/www.radiolimari.cl\/wp-content\/uploads\/2025\/09\/1000292807-768x521.jpg 768w, https:\/\/www.radiolimari.cl\/wp-content\/uploads\/2025\/09\/1000292807-1536x1042.jpg 1536w, https:\/\/www.radiolimari.cl\/wp-content\/uploads\/2025\/09\/1000292807.jpg 1600w\" sizes=\"(max-width: 1024px) 100vw, 1024px\" \/><\/a><\/figure>\n\n\n\n\n\n<p>El incremento de la PGU llegar\u00e1 a m\u00e1s de 18 mil personas de 82 a\u00f1os o m\u00e1s en la regi\u00f3n de Coquimbo, marcando un hito fundamental en la implementaci\u00f3n de la Reforma de Pensiones.<\/p>\n\n\n\n<p>La aprobada Reforma de Pensiones avanza en su implementaci\u00f3n y entrega de beneficios concretos durante septiembre con el inicio del pago del aumento de la PGU a 250 mil pesos para personas de 82 a\u00f1os o m\u00e1s. En dependencia del Instituto de Previsi\u00f3n Social (IPS) de Coquimbo, autoridades regionales encabezadas por el Delegado Presidencial Galo Luna y la Seremi del Trabajo y Previsi\u00f3n Social, Monserrat Castro, compartieron con pensionados y pensionadas para entregar esta buena noticia en el marco de la Reforma de Pensiones.<\/p>\n\n\n\n<p>A partir del 2 de septiembre, quienes tienen 82 a\u00f1os o m\u00e1s comenzaron a recibir autom\u00e1ticamente este aumento de 250 mil pesos que, en total, beneficiar\u00e1 a cerca de 386 mil personas, en su mayor\u00eda mujeres. <\/p>\n\n\n\n<p>El aumento de la Pensi\u00f3n Garantizada Universal a $250.000, comenzar\u00e1 a pagarse gradualmente para pensionados de 82 a\u00f1os y m\u00e1s durante el 2025, y desde 2027 se extender\u00e1 a todas las personas mayores de 65 a\u00f1os. <\/p>\n\n\n\n<p>Al respecto el Delegado Presidencial Regional, Galo Luna, destac\u00f3 el cumplimiento del compromiso del Gobierno con los pensionados y pensionadas del pa\u00eds y manifest\u00f3 \u201cque estamos muy contentos como gobierno de que despu\u00e9s de varios a\u00f1os de discusi\u00f3n en el parlamento, se haya logrado este gran acuerdo que va a permitir subir las pensiones de las pensionadas y los pensionados de Chile. Es un hecho hist\u00f3rico, cost\u00f3 trabajo, pero cumplimos tal como lo prometi\u00f3 el presidente Boric, que durante su mandato iban a aumentar las pensiones de los jubilados, no solo futuros, sino que actuales, que era el gran desaf\u00edo que ten\u00edamos\u201d.<\/p>\n\n\n\n<p>La Seremi del Trabajo y Previsi\u00f3n Social, Monserrat Castro, explic\u00f3 los detalles del incremento de la PGU y dijo que \u201choy estamos contando una excelente noticia, para la regi\u00f3n de Coquimbo. Son 18 mil las personas de 82 a\u00f1os o m\u00e1s que van a recibir ahora en septiembre el aumento de la PGU. Adem\u00e1s de eso, tenemos que sumar aquellas personas que ingresan reci\u00e9n al sistema, que van a recibir PGU y son aquellas que cuentan con una pensi\u00f3n de Leyes Reparatoria como Ley Rettig y Valech\u201d.<\/p>\n\n\n\n<p>Sobre esto, C\u00e9sar Canales, representante del Comit\u00e9 de Exonerados Pol\u00edticos de La Serena, coment\u00f3 que \u201cpara nosotros, los exonerados pol\u00edticos, estamos muy conformes. Ya est\u00e1n recibiendo el beneficio en este mes los que son mayores de 82 a\u00f1os. Tenemos un mundo de exonerados pol\u00edticos que est\u00e1n en este primer tramo y esperando justamente que en el segundo tambi\u00e9n puedan acceder, que es la mayor cantidad de exonerados, cuando ya cumplan los 75 a\u00f1os\u201d.<\/p>\n\n\n\n<p>Mientras que Hortensia Soto, beneficiaria de PGU, manifest\u00f3 que \u201ces una muy buena noticia para nosotras, las personas mayores, es un gran aporte para nosotras, un reconocimiento, y sobre todo a las personas que no recib\u00edan nada, como los que se incorporan en este momento al tema de la PGU. Yo valoro una enormidad esto que se ha hecho, porque es un reconocimiento y compensaci\u00f3n para muchas personas, y me enorgullece decirlo\u201d.<\/p>\n\n\n\n<p>Tras dos a\u00f1os de discusi\u00f3n, en enero de 2025, el proyecto de Reforma de Pensiones presentado por el gobierno del Presidente Gabriel Boric fue aprobado en el Congreso Nacional.<\/p>\n\n\n\n<p>Con esta medida, 2,8 millones de personas mayores ser\u00e1n beneficiadas con el aumento de entre un 14% y un 35% en sus pensiones. La reforma tambi\u00e9n considera un beneficio por a\u00f1os cotizados, cuyo monto ser\u00e1 de 0,1 UF por cada a\u00f1o cotizado al sistema de pensiones, con un m\u00e1ximo de 2,5 UF. Para esto, se exigir\u00e1 un m\u00ednimo inicial de 10 a\u00f1os cotizados para las mujeres y 20 a\u00f1os para los hombres. Asimismo, incorpora una compensaci\u00f3n por diferencias de expectativas de vida, cuyo monto se determina de tal forma que una mujer y un hombre que se jubilan a los 65 a\u00f1os con el mismo ahorro e igual grupo familiar, obtengan la misma pensi\u00f3n con un valor m\u00ednimo de 0,25 UF mensuales. <\/p>\n\n\n\n<p>Aguinaldo de Fiestas Patrias  <\/p>\n\n\n\n<p>Durante el encuentro con pensionados y pensionadas las autoridades de Gobierno dieron a conocer otro beneficio que comenz\u00f3 a pagarse a partir del 1 de septiembre, como el tradicional Aguinaldo de Fiestas Patrias que concede el Estado en este mes, a un total de m\u00e1s de 2 millones 800 mil pensionadas y pensionados de todo el pa\u00eds, que cumplen con los requisitos para recibirlo. Mientras que en la regi\u00f3n de Coquimbo son 132.627 pensionados y pensionadas que recibir\u00e1n este aporte durante este mes.<\/p>\n\n\n\n<p>Para este a\u00f1o 2025, el monto del Aguinaldo de Fiestas Patrias es de $25.280 por persona pensionada. En algunos casos, cuando tienen cargas familiares acreditadas al 31 de agosto, al monto del aguinaldo se sumar\u00e1n $12.969 por cada una de esas cargas.<\/p>\n\n\n\n<p>Juan Paulo Garrido, director regional del IPS, explic\u00f3 que \u201ces importante recordar que el pago del Aguinaldo es autom\u00e1tico, no se debe realizar ning\u00fan tr\u00e1mite para recibirlo. Se incluye en la liquidaci\u00f3n de pago de pensi\u00f3n de septiembre. En el caso de los beneficiarios del IPS, se entrega con anterioridad a las Fiestas Patrias, para que todas las personas cuenten con su beneficio en los d\u00edas previos al 18 de septiembre\u201d.  <\/p>\n\n\n\n<p>D\u00f3nde consultar, en caso de dudas Para m\u00e1s informaci\u00f3n respecto de la reforma de pensiones y de otros beneficios para pensionados y pensionadas,  el gobierno dispuso del sitio web www.lareformadepensiones.cl y los canales de atenci\u00f3n del IPS: www.chileatiende.cl, redes sociales @ChileAtiende, Call Center 101 y m\u00e1s de 200 sucursales IPS-ChileAtiende a lo largo del pa\u00eds.<\/p>\n","protected":false},"excerpt":{"rendered":"<p>El incremento de la PGU llegar\u00e1 a m\u00e1s de 18 mil personas de 82 a\u00f1os o m\u00e1s en la regi\u00f3n de Coquimbo, marcando un hito fundamental en la implementaci\u00f3n de la Reforma de Pensiones. La aprobada Reforma de Pensiones avanza en su implementaci\u00f3n y entrega de beneficios concretos durante septiembre con el inicio del pago &#8230;<\/p>\n","protected":false},"author":2,"featured_media":12873,"comment_status":"open","ping_status":"open","sticky":false,"template":"","format":"standard","meta":{"footnotes":""},"categories":[6],"tags":[],"class_list":["post-12872","post","type-post","status-publish","format-standard","has-post-thumbnail","hentry","category-regionales"],"_links":{"self":[{"href":"https:\/\/www.radiolimari.cl\/index.php?rest_route=\/wp\/v2\/posts\/12872","targetHints":{"allow":["GET"]}}],"collection":[{"href":"https:\/\/www.radiolimari.cl\/index.php?rest_route=\/wp\/v2\/posts"}],"about":[{"href":"https:\/\/www.radiolimari.cl\/index.php?rest_route=\/wp\/v2\/types\/post"}],"author":[{"embeddable":true,"href":"https:\/\/www.radiolimari.cl\/index.php?rest_route=\/wp\/v2\/users\/2"}],"replies":[{"embeddable":true,"href":"https:\/\/www.radiolimari.cl\/index.php?rest_route=%2Fwp%2Fv2%2Fcomments&post=12872"}],"version-history":[{"count":1,"href":"https:\/\/www.radiolimari.cl\/index.php?rest_route=\/wp\/v2\/posts\/12872\/revisions"}],"predecessor-version":[{"id":12874,"href":"https:\/\/www.radiolimari.cl\/index.php?rest_route=\/wp\/v2\/posts\/12872\/revisions\/12874"}],"wp:featuredmedia":[{"embeddable":true,"href":"https:\/\/www.radiolimari.cl\/index.php?rest_route=\/wp\/v2\/media\/12873"}],"wp:attachment":[{"href":"https:\/\/www.radiolimari.cl\/index.php?rest_route=%2Fwp%2Fv2%2Fmedia&parent=12872"}],"wp:term":[{"taxonomy":"category","embeddable":true,"href":"https:\/\/www.radiolimari.cl\/index.php?rest_route=%2Fwp%2Fv2%2Fcategories&post=12872"},{"taxonomy":"post_tag","embeddable":true,"href":"https:\/\/www.radiolimari.cl\/index.php?rest_route=%2Fwp%2Fv2%2Ftags&post=12872"}],"curies":[{"name":"wp","href":"https:\/\/api.w.org\/{rel}","templated":true}]}}