{"id":12656,"date":"2025-07-04T17:43:31","date_gmt":"2025-07-04T17:43:31","guid":{"rendered":"https:\/\/www.radiolimari.cl\/?p=12656"},"modified":"2025-07-04T17:43:32","modified_gmt":"2025-07-04T17:43:32","slug":"faenas-mineras-podran-reactivarse-gracias-a-fondo-de-enami","status":"publish","type":"post","link":"https:\/\/www.radiolimari.cl\/?p=12656","title":{"rendered":"Faenas mineras podr\u00e1n reactivarse gracias a fondo de ENAMI."},"content":{"rendered":"\n<figure class=\"wp-block-image size-large\"><a href=\"https:\/\/www.radiolimari.cl\/wp-content\/uploads\/2025\/07\/4.7-MinaCaseron_SectorSierraMonardez_ProductorGregorioCortes-59-scaled.jpg\"><img fetchpriority=\"high\" decoding=\"async\" width=\"1024\" height=\"683\" src=\"https:\/\/www.radiolimari.cl\/wp-content\/uploads\/2025\/07\/4.7-MinaCaseron_SectorSierraMonardez_ProductorGregorioCortes-59-1024x683.jpg\" alt=\"\" class=\"wp-image-12657\" srcset=\"https:\/\/www.radiolimari.cl\/wp-content\/uploads\/2025\/07\/4.7-MinaCaseron_SectorSierraMonardez_ProductorGregorioCortes-59-1024x683.jpg 1024w, https:\/\/www.radiolimari.cl\/wp-content\/uploads\/2025\/07\/4.7-MinaCaseron_SectorSierraMonardez_ProductorGregorioCortes-59-300x200.jpg 300w, https:\/\/www.radiolimari.cl\/wp-content\/uploads\/2025\/07\/4.7-MinaCaseron_SectorSierraMonardez_ProductorGregorioCortes-59-768x512.jpg 768w, https:\/\/www.radiolimari.cl\/wp-content\/uploads\/2025\/07\/4.7-MinaCaseron_SectorSierraMonardez_ProductorGregorioCortes-59-1536x1024.jpg 1536w, https:\/\/www.radiolimari.cl\/wp-content\/uploads\/2025\/07\/4.7-MinaCaseron_SectorSierraMonardez_ProductorGregorioCortes-59-2048x1365.jpg 2048w\" sizes=\"(max-width: 1024px) 100vw, 1024px\" \/><\/a><\/figure>\n\n\n\n<p><em>Empresa estatal destinar\u00e1 un total de 790 mil d\u00f3lares de financiamiento a peque\u00f1os productores. Proyectos pueden obtener hasta 25 mil d\u00f3lares individualmente, en la forma de capital de riesgo, para la habilitaci\u00f3n de minas inactivas.<\/em><\/p>\n\n\n\n<p>Desde este viernes 4 de julio y hasta el 8 de agosto pr\u00f3ximo se desarrollar\u00e1 la inscripci\u00f3n en el programa de fomento Reactivaci\u00f3n de Faena Minera de ENAMI. Cada proyecto presentado podr\u00e1 obtener hasta 25 mil d\u00f3lares, que podr\u00e1n utilizarse en tareas de regularizaci\u00f3n, habilitaci\u00f3n, puesta en marcha, capital de trabajo y seguimiento y control de faenas mineras.<\/p>\n\n\n\n<p>\u201cEste es un proyecto de fomento importante, donde con fondos propios de ENAMI esperamos reactivar una serie de minas con los beneficios econ\u00f3micos y laborales que aquello implica. Llamamos a los productores a conocer el programa y a inscribirse\u201d, se\u00f1al\u00f3 la gerenta de Fomento de la Empresa Nacional de Miner\u00eda, Viviana Ireland.<\/p>\n\n\n\n<p>El programa de Reactivaci\u00f3n de Faena Minera es un instrumento de fomento minero impulsado por ENAMI desde el a\u00f1o 2020, cuyo cronograma este a\u00f1o proyecta tener los fondos adjudicados a los beneficiarios en el mes de septiembre.<\/p>\n\n\n\n<p>Adem\u00e1s, este 2025 el programa implement\u00f3 un Instructivo de Aplicaci\u00f3n que busca facilitar y acompa\u00f1ar a los productores mineros en el proceso de postulaci\u00f3n, el que puede ser consultado en la p\u00e1gina web de ENAMI y en todas las oficinas mineras de la empresa, desde Tocopilla hasta Rancagua.<\/p>\n","protected":false},"excerpt":{"rendered":"<p>Empresa estatal destinar\u00e1 un total de 790 mil d\u00f3lares de financiamiento a peque\u00f1os productores. Proyectos pueden obtener hasta 25 mil d\u00f3lares individualmente, en la forma de capital de riesgo, para la habilitaci\u00f3n de minas inactivas. Desde este viernes 4 de julio y hasta el 8 de agosto pr\u00f3ximo se desarrollar\u00e1 la inscripci\u00f3n en el programa &#8230;<\/p>\n","protected":false},"author":2,"featured_media":12657,"comment_status":"open","ping_status":"open","sticky":false,"template":"","format":"standard","meta":{"footnotes":""},"categories":[3],"tags":[],"class_list":["post-12656","post","type-post","status-publish","format-standard","has-post-thumbnail","hentry","category-actualidad"],"_links":{"self":[{"href":"https:\/\/www.radiolimari.cl\/index.php?rest_route=\/wp\/v2\/posts\/12656","targetHints":{"allow":["GET"]}}],"collection":[{"href":"https:\/\/www.radiolimari.cl\/index.php?rest_route=\/wp\/v2\/posts"}],"about":[{"href":"https:\/\/www.radiolimari.cl\/index.php?rest_route=\/wp\/v2\/types\/post"}],"author":[{"embeddable":true,"href":"https:\/\/www.radiolimari.cl\/index.php?rest_route=\/wp\/v2\/users\/2"}],"replies":[{"embeddable":true,"href":"https:\/\/www.radiolimari.cl\/index.php?rest_route=%2Fwp%2Fv2%2Fcomments&post=12656"}],"version-history":[{"count":1,"href":"https:\/\/www.radiolimari.cl\/index.php?rest_route=\/wp\/v2\/posts\/12656\/revisions"}],"predecessor-version":[{"id":12658,"href":"https:\/\/www.radiolimari.cl\/index.php?rest_route=\/wp\/v2\/posts\/12656\/revisions\/12658"}],"wp:featuredmedia":[{"embeddable":true,"href":"https:\/\/www.radiolimari.cl\/index.php?rest_route=\/wp\/v2\/media\/12657"}],"wp:attachment":[{"href":"https:\/\/www.radiolimari.cl\/index.php?rest_route=%2Fwp%2Fv2%2Fmedia&parent=12656"}],"wp:term":[{"taxonomy":"category","embeddable":true,"href":"https:\/\/www.radiolimari.cl\/index.php?rest_route=%2Fwp%2Fv2%2Fcategories&post=12656"},{"taxonomy":"post_tag","embeddable":true,"href":"https:\/\/www.radiolimari.cl\/index.php?rest_route=%2Fwp%2Fv2%2Ftags&post=12656"}],"curies":[{"name":"wp","href":"https:\/\/api.w.org\/{rel}","templated":true}]}}