{"id":12653,"date":"2025-07-02T21:02:31","date_gmt":"2025-07-02T21:02:31","guid":{"rendered":"https:\/\/www.radiolimari.cl\/?p=12653"},"modified":"2025-07-02T21:02:32","modified_gmt":"2025-07-02T21:02:32","slug":"municipio-de-ovalle-invita-a-una-nueva-jornada-de-trekking-familiar-hacia-el-cerro-la-cruz","status":"publish","type":"post","link":"https:\/\/www.radiolimari.cl\/?p=12653","title":{"rendered":"Municipio de Ovalle invita a una nueva jornada de trekking familiar hacia el Cerro La Cruz."},"content":{"rendered":"\n<figure class=\"wp-block-image size-full\"><a href=\"https:\/\/www.radiolimari.cl\/wp-content\/uploads\/2025\/07\/2.7-Trekking-Familiar-en-Ovalle3.jpg\"><img fetchpriority=\"high\" decoding=\"async\" width=\"960\" height=\"948\" src=\"https:\/\/www.radiolimari.cl\/wp-content\/uploads\/2025\/07\/2.7-Trekking-Familiar-en-Ovalle3.jpg\" alt=\"\" class=\"wp-image-12654\" srcset=\"https:\/\/www.radiolimari.cl\/wp-content\/uploads\/2025\/07\/2.7-Trekking-Familiar-en-Ovalle3.jpg 960w, https:\/\/www.radiolimari.cl\/wp-content\/uploads\/2025\/07\/2.7-Trekking-Familiar-en-Ovalle3-300x296.jpg 300w, https:\/\/www.radiolimari.cl\/wp-content\/uploads\/2025\/07\/2.7-Trekking-Familiar-en-Ovalle3-768x758.jpg 768w, https:\/\/www.radiolimari.cl\/wp-content\/uploads\/2025\/07\/2.7-Trekking-Familiar-en-Ovalle3-70x70.jpg 70w\" sizes=\"(max-width: 960px) 100vw, 960px\" \/><\/a><\/figure>\n\n\n\n<p><strong><em>La actividad gratuita se realizar\u00e1 el domingo 6 de julio, con una caminata de 11 kil\u00f3metros y una duraci\u00f3n aproximada de 4 a 5 horas. Las inscripciones ya est\u00e1n disponibles a trav\u00e9s de c\u00f3digo QR presente en los afiches publicados en redes sociales.<\/em><\/strong><\/p>\n\n\n\n<p>Una invitaci\u00f3n abierta a disfrutar de la naturaleza, fortalecer los lazos familiares y promover la vida saludable es la que est\u00e1 realizando la Ilustre Municipalidad de Ovalle con la jornada de Trekking Familiar Cerro La Cruz, que se llevar\u00e1 a cabo el pr\u00f3ximo domingo 6 de julio a partir de las 08:15 horas.<\/p>\n\n\n\n<p>El punto de encuentro ser\u00e1 la intersecci\u00f3n de Arizt\u00eda Oriente con Avenida Costanera, donde los participantes se reunir\u00e1n antes de comenzar el ascenso al tradicional Cerro La Cruz. La caminata contempla una distancia total de 11 kil\u00f3metros, con una duraci\u00f3n estimada de 4m a 5 horas, y est\u00e1 dirigida a toda la familia.<\/p>\n\n\n\n<p>Desde la organizaci\u00f3n se solicita que las personas menores de 14 a\u00f1os asistan acompa\u00f1adas por un adulto responsable. Adem\u00e1s, cada participante deber\u00e1 llevar al menos 2 litros de agua y una colaci\u00f3n para la ruta.<\/p>\n\n\n\n<p>El alcalde de Ovalle, H\u00e9ctor Vega Campusano se\u00f1alo que el objetivo \u201ces fomentar el contacto con nuestro entorno y las bellezas naturales de Ovalle y reforzar tambi\u00e9n, el compromiso de nuestro municipio con el bienestar f\u00edsico de la comunidad\u201d, e invit\u00f3 a \u201ctodas las familias a participar en esta jornada de deporte y recreaci\u00f3n\u201d.<\/p>\n\n\n\n<p>El encargado de la Oficina Municipal de Deportes, V\u00edctor Cort\u00e9s se\u00f1al\u00f3 que \u201cpara consultas o m\u00e1s informaci\u00f3n, la comunidad puede hacerlo a trav\u00e9s del correo&nbsp;<a href=\"mailto:oficinadedeportesovalle@gmail.com\" target=\"_blank\" rel=\"noreferrer noopener\">oficinadedeportesovalle@gmail.com<\/a>\u201d y remarc\u00f3 que \u201clas inscripciones ya se pueden realizar escaneando el c\u00f3digo QR presente en los afiches de difusi\u00f3n, publicados en las redes sociales del municipio @MuniOvalle en Instagram y @IlustreMunicipalidaddeOvalle\u201d.<\/p>\n\n\n\n<p>Con esta actividad, el municipio refuerza su trabajo en torno al fortalecimiento de la participaci\u00f3n ciudadana en torno al deporte y la vida saludable.<\/p>\n","protected":false},"excerpt":{"rendered":"<p>La actividad gratuita se realizar\u00e1 el domingo 6 de julio, con una caminata de 11 kil\u00f3metros y una duraci\u00f3n aproximada de 4 a 5 horas. Las inscripciones ya est\u00e1n disponibles a trav\u00e9s de c\u00f3digo QR presente en los afiches publicados en redes sociales. Una invitaci\u00f3n abierta a disfrutar de la naturaleza, fortalecer los lazos familiares &#8230;<\/p>\n","protected":false},"author":2,"featured_media":12654,"comment_status":"open","ping_status":"open","sticky":false,"template":"","format":"standard","meta":{"footnotes":""},"categories":[3],"tags":[],"class_list":["post-12653","post","type-post","status-publish","format-standard","has-post-thumbnail","hentry","category-actualidad"],"_links":{"self":[{"href":"https:\/\/www.radiolimari.cl\/index.php?rest_route=\/wp\/v2\/posts\/12653","targetHints":{"allow":["GET"]}}],"collection":[{"href":"https:\/\/www.radiolimari.cl\/index.php?rest_route=\/wp\/v2\/posts"}],"about":[{"href":"https:\/\/www.radiolimari.cl\/index.php?rest_route=\/wp\/v2\/types\/post"}],"author":[{"embeddable":true,"href":"https:\/\/www.radiolimari.cl\/index.php?rest_route=\/wp\/v2\/users\/2"}],"replies":[{"embeddable":true,"href":"https:\/\/www.radiolimari.cl\/index.php?rest_route=%2Fwp%2Fv2%2Fcomments&post=12653"}],"version-history":[{"count":1,"href":"https:\/\/www.radiolimari.cl\/index.php?rest_route=\/wp\/v2\/posts\/12653\/revisions"}],"predecessor-version":[{"id":12655,"href":"https:\/\/www.radiolimari.cl\/index.php?rest_route=\/wp\/v2\/posts\/12653\/revisions\/12655"}],"wp:featuredmedia":[{"embeddable":true,"href":"https:\/\/www.radiolimari.cl\/index.php?rest_route=\/wp\/v2\/media\/12654"}],"wp:attachment":[{"href":"https:\/\/www.radiolimari.cl\/index.php?rest_route=%2Fwp%2Fv2%2Fmedia&parent=12653"}],"wp:term":[{"taxonomy":"category","embeddable":true,"href":"https:\/\/www.radiolimari.cl\/index.php?rest_route=%2Fwp%2Fv2%2Fcategories&post=12653"},{"taxonomy":"post_tag","embeddable":true,"href":"https:\/\/www.radiolimari.cl\/index.php?rest_route=%2Fwp%2Fv2%2Ftags&post=12653"}],"curies":[{"name":"wp","href":"https:\/\/api.w.org\/{rel}","templated":true}]}}