{"id":12638,"date":"2025-06-23T14:11:51","date_gmt":"2025-06-23T14:11:51","guid":{"rendered":"https:\/\/www.radiolimari.cl\/?p=12638"},"modified":"2025-06-23T14:11:52","modified_gmt":"2025-06-23T14:11:52","slug":"se-realizo-el-primer-encuentro-por-los-cuidados-en-la-provincia-del-limari","status":"publish","type":"post","link":"https:\/\/www.radiolimari.cl\/?p=12638","title":{"rendered":"SE REALIZ\u00d3 EL PRIMER ENCUENTRO POR LOS CUIDADOS EN LA PROVINCIA DEL LIMAR\u00cd."},"content":{"rendered":"\n<figure class=\"wp-block-image size-large\"><a href=\"https:\/\/www.radiolimari.cl\/wp-content\/uploads\/2025\/06\/23.6-reunion-encuentro-de-cuidados-scaled.jpg\"><img fetchpriority=\"high\" decoding=\"async\" width=\"1024\" height=\"683\" src=\"https:\/\/www.radiolimari.cl\/wp-content\/uploads\/2025\/06\/23.6-reunion-encuentro-de-cuidados-1024x683.jpg\" alt=\"\" class=\"wp-image-12639\" srcset=\"https:\/\/www.radiolimari.cl\/wp-content\/uploads\/2025\/06\/23.6-reunion-encuentro-de-cuidados-1024x683.jpg 1024w, https:\/\/www.radiolimari.cl\/wp-content\/uploads\/2025\/06\/23.6-reunion-encuentro-de-cuidados-300x200.jpg 300w, https:\/\/www.radiolimari.cl\/wp-content\/uploads\/2025\/06\/23.6-reunion-encuentro-de-cuidados-768x512.jpg 768w, https:\/\/www.radiolimari.cl\/wp-content\/uploads\/2025\/06\/23.6-reunion-encuentro-de-cuidados-1536x1024.jpg 1536w, https:\/\/www.radiolimari.cl\/wp-content\/uploads\/2025\/06\/23.6-reunion-encuentro-de-cuidados-2048x1366.jpg 2048w\" sizes=\"(max-width: 1024px) 100vw, 1024px\" \/><\/a><\/figure>\n\n\n\n<p><em>Un hito hist\u00f3rico\u00a0marc\u00f3\u00a0este encuentro de cuidadoras cuyo proyecto de Ley \u00abChile Cuida\u00bb est\u00e1 en el Senado y que se votar\u00e1 el pr\u00f3ximo 30 de junio con mucha expectativa de que se convierta en ley.<\/em><\/p>\n\n\n\n<p>Bastante esperanza hay entre las cuidadoras&nbsp;de que exista una ley que rija los destinos de esta profesi\u00f3n&nbsp;que asume labores&nbsp;muchas veces de voluntariado y que significa una entrega total por otra&nbsp;persona,&nbsp;sea discapacitada, enferma, una labor que no es conocida y que provoca la postergaci\u00f3n de la cuidadora. La idea es aumentar la cobertura, acceso y pertinencia&nbsp;de los programas p\u00fablicos de apoyos y cuidados. En ese marco se realiz\u00f3&nbsp;este encuentro por primera vez en el Limar\u00ed y que asistieron unas 30 dirigentes&nbsp;sociales.<\/p>\n\n\n\n<p>La diputada Carolina Tello explic\u00f3 que \u00abfui invitada para explicar el proceso&nbsp;del Proyecto de Ley y que ahora est\u00e1 en el Senado. Dimos a conocer&nbsp;que se garantiza y se reconoce el derecho&nbsp;a cuidar, a ser cuidado&nbsp;y al autocuidado como una obligaci\u00f3n del Estado, pero tambi\u00e9n con el objetivo de una mayor eficiencia en quienes necesitan los beneficios de este Nuevo Sistema de Apoyos y Cuidados. La ministra Javiera Toro ha estado varias veces en nuestra regi\u00f3n y estuvo tambi\u00e9n inaugurando&nbsp;el primer Centro de Cuidados para la Provincia del Limar\u00ed&nbsp;que est\u00e1 instalado en la comuna de Montepatria, esperamos que se pueda replicar en el resto de la regi\u00f3n\u00bb.&nbsp;<\/p>\n\n\n\n<p>Solange Pastene, coordinadora regional de la asociaci\u00f3n \u00abYo Cuido\u00bb, asociaci\u00f3n de personas&nbsp;cuidadoras&nbsp;con discapacidad severa dijo que \u00abnosotros luchamos para poder generar pol\u00edticas&nbsp;p\u00fablicas para&nbsp;las cuidadoras y buscar una mejor calidad de vida para ellas, capacitaci\u00f3n y de esa forma, puedan cuidar de mejor manera. Ten\u00edamos pendiente hacer un encuentro y apoyar a las cuidadoras del Limar\u00ed, tienen muchos problemas y para nosotros fue muy importante la presencia de la diputada, ya que nos brind\u00f3&nbsp;una informaci\u00f3n&nbsp;sobre el PL en la materia. Fue muy positivo que&nbsp;esto se visibilice, se concientice porque habemos muchas cuidadoras&nbsp;que no tenemos protecci\u00f3n\u00bb.&nbsp;<\/p>\n\n\n\n<p>En este primer encuentro&nbsp;participaron unas 50 personas, evento que se realiz\u00f3 en las dependencias de la Municipalidad de Ovalle. Adem\u00e1s de la diputada&nbsp;estuvo la seremi de la mujer, Camila Sabando.&nbsp; &nbsp;&nbsp;<\/p>\n","protected":false},"excerpt":{"rendered":"<p>Un hito hist\u00f3rico\u00a0marc\u00f3\u00a0este encuentro de cuidadoras cuyo proyecto de Ley \u00abChile Cuida\u00bb est\u00e1 en el Senado y que se votar\u00e1 el pr\u00f3ximo 30 de junio con mucha expectativa de que se convierta en ley. Bastante esperanza hay entre las cuidadoras&nbsp;de que exista una ley que rija los destinos de esta profesi\u00f3n&nbsp;que asume labores&nbsp;muchas veces de &#8230;<\/p>\n","protected":false},"author":2,"featured_media":12639,"comment_status":"open","ping_status":"open","sticky":false,"template":"","format":"standard","meta":{"footnotes":""},"categories":[3],"tags":[],"class_list":["post-12638","post","type-post","status-publish","format-standard","has-post-thumbnail","hentry","category-actualidad"],"_links":{"self":[{"href":"https:\/\/www.radiolimari.cl\/index.php?rest_route=\/wp\/v2\/posts\/12638","targetHints":{"allow":["GET"]}}],"collection":[{"href":"https:\/\/www.radiolimari.cl\/index.php?rest_route=\/wp\/v2\/posts"}],"about":[{"href":"https:\/\/www.radiolimari.cl\/index.php?rest_route=\/wp\/v2\/types\/post"}],"author":[{"embeddable":true,"href":"https:\/\/www.radiolimari.cl\/index.php?rest_route=\/wp\/v2\/users\/2"}],"replies":[{"embeddable":true,"href":"https:\/\/www.radiolimari.cl\/index.php?rest_route=%2Fwp%2Fv2%2Fcomments&post=12638"}],"version-history":[{"count":1,"href":"https:\/\/www.radiolimari.cl\/index.php?rest_route=\/wp\/v2\/posts\/12638\/revisions"}],"predecessor-version":[{"id":12640,"href":"https:\/\/www.radiolimari.cl\/index.php?rest_route=\/wp\/v2\/posts\/12638\/revisions\/12640"}],"wp:featuredmedia":[{"embeddable":true,"href":"https:\/\/www.radiolimari.cl\/index.php?rest_route=\/wp\/v2\/media\/12639"}],"wp:attachment":[{"href":"https:\/\/www.radiolimari.cl\/index.php?rest_route=%2Fwp%2Fv2%2Fmedia&parent=12638"}],"wp:term":[{"taxonomy":"category","embeddable":true,"href":"https:\/\/www.radiolimari.cl\/index.php?rest_route=%2Fwp%2Fv2%2Fcategories&post=12638"},{"taxonomy":"post_tag","embeddable":true,"href":"https:\/\/www.radiolimari.cl\/index.php?rest_route=%2Fwp%2Fv2%2Ftags&post=12638"}],"curies":[{"name":"wp","href":"https:\/\/api.w.org\/{rel}","templated":true}]}}