{"id":12631,"date":"2025-06-17T23:03:46","date_gmt":"2025-06-17T23:03:46","guid":{"rendered":"https:\/\/www.radiolimari.cl\/?p=12631"},"modified":"2025-06-17T23:03:47","modified_gmt":"2025-06-17T23:03:47","slug":"entregan-proyecto-de-acondicionamiento-termico-por-1-964-millones-para-el-liceo-bicentenario-alejandro-alvarez-jofre","status":"publish","type":"post","link":"https:\/\/www.radiolimari.cl\/?p=12631","title":{"rendered":"Entregan proyecto de acondicionamiento t\u00e9rmico por $1.964 millones para el Liceo Bicentenario Alejandro \u00c1lvarez Jofr\u00e9."},"content":{"rendered":"\n<figure class=\"wp-block-image size-large\"><a href=\"https:\/\/www.radiolimari.cl\/wp-content\/uploads\/2025\/06\/17.6-energia-scaled.jpg\"><img fetchpriority=\"high\" decoding=\"async\" width=\"1024\" height=\"683\" src=\"https:\/\/www.radiolimari.cl\/wp-content\/uploads\/2025\/06\/17.6-energia-1024x683.jpg\" alt=\"\" class=\"wp-image-12632\" srcset=\"https:\/\/www.radiolimari.cl\/wp-content\/uploads\/2025\/06\/17.6-energia-1024x683.jpg 1024w, https:\/\/www.radiolimari.cl\/wp-content\/uploads\/2025\/06\/17.6-energia-300x200.jpg 300w, https:\/\/www.radiolimari.cl\/wp-content\/uploads\/2025\/06\/17.6-energia-768x512.jpg 768w, https:\/\/www.radiolimari.cl\/wp-content\/uploads\/2025\/06\/17.6-energia-1536x1024.jpg 1536w, https:\/\/www.radiolimari.cl\/wp-content\/uploads\/2025\/06\/17.6-energia-2048x1365.jpg 2048w\" sizes=\"(max-width: 1024px) 100vw, 1024px\" \/><\/a><\/figure>\n\n\n\n<p><strong>*Propuesta de dise\u00f1o del Ministerio de Energ\u00eda busca mejorar la eficiencia energ\u00e9tica y las condiciones de ense\u00f1anza de 974 estudiantes del emblem\u00e1tico establecimiento ovallino<\/strong>.<br><br>Una inversi\u00f3n de 1.964 millones de pesos contempla el dise\u00f1o del proyecto de mejoramiento t\u00e9rmico y de eficiencia energ\u00e9tica del Liceo Bicentenario Alejandro \u00c1lvarez Jofr\u00e9 de Ovalle, que promueve el programa Mejor Escuela del Ministerio de Energ\u00eda, en el marco de un convenio con la Direcci\u00f3n de Educaci\u00f3n P\u00fablica. El proyecto fue entregado por el delegado presidencial provincial de Limar\u00ed, Eduardo Alcayaga y el seremi de Energ\u00eda, Eduardo Lara, al alcalde de la comuna, H\u00e9ctor Vega.<\/p>\n\n\n\n<p>El objetivo de este programa es mejorar los est\u00e1ndares de confort ambiental y hacer m\u00e1s eficiente el uso de la energ\u00eda en establecimientos educacionales, mediante una intervenci\u00f3n integral que se traduce en obras de aislaci\u00f3n t\u00e9rmica de la envolvente y la techumbre, recambio de ventanas por termopaneles, que permiten gratas temperaturas al interior de las aulas y la reducci\u00f3n del ruido exterior, la renovaci\u00f3n de puertas y recambio de luminarias led, adem\u00e1s de trabajos de conservaci\u00f3n de toda la infraestructura.&nbsp; De concretarse este proyecto se beneficiar\u00e1 a 974 estudiantes del emblem\u00e1tico establecimiento ovallino.<\/p>\n\n\n\n<p>El delegado presidencial provincial de Limar\u00ed, Eduardo Alcayaga, dijo que \u201ccomo Gobierno del Presidente Gabriel Boric hemos iniciado el proceso de poder mejorar el confort ambiental de varios colegios dentro de la propia provincia de Limar\u00ed, y hoy lo estamos concretando para el liceo Alejandro \u00c1lvarez Jofr\u00e9 entregando un proyecto ya formulado a nuestro alcalde. Con esto logramos que los alumnos en invierno y verano, con calor o fr\u00edo, est\u00e9n en un espacio de confort ambiental adecuado, con ventanas termopaneles para el aislamiento, junto con iluminaci\u00f3n de las salas. Esto va a ayudar directamente a mejorar las condiciones y sin duda ser\u00e1 un aporte al sistema educacional\u201d.<\/p>\n\n\n\n<p>El seremi de Energ\u00eda, Eduardo Lara, destac\u00f3 que \u201ceste proyecto es muy importante porque entregar\u00e1 una mayor eficiencia energ\u00e9tica en el liceo bicentenario Alejandro Alvarez Jofr\u00e9 de Ovalle. La idea es acondicionar el establecimiento mediante el cambio de puertas y ventanas, m\u00e1s un reforzamiento de muros para mantener una temperatura de 20 grados al interior de las salas de clases en invierno y verano, junto con mejorar la iluminaci\u00f3n del liceo. Esperamos que el Consejo Regional reciba esta propuesta de desarrollo de un proyecto que beneficiar\u00e1 a esta comunidad escolar\u201d<\/p>\n\n\n\n<p>Por su parte, el alcalde de Ovalle, H\u00e9ctor Vega, valor\u00f3 la entrega \u201cde un dise\u00f1o terminado de un proyecto para mejorar la eficiencia energ\u00e9tica y la infraestructura del liceo Alejandro Alvarez Jofr\u00e9, que ha tenido muy buenos resultados acad\u00e9micos durante este \u00faltimo tiempo. Ahora nos corresponde levantar la ficha para obtener el RS y posteriormente buscar el financiamiento, compartido con el Ministerio de Energ\u00eda y el Gobierno Regional, o con alguna otra fuente de financiamiento. Lo importante es que este proyecto ya cuenta con un dise\u00f1o terminado\u201d.<\/p>\n\n\n\n<p>Cabe mencionar que el programa Mejor Escuela ha beneficiado a m\u00e1s de 15 mil estudiantes y profesores del pa\u00eds, cumpliendo el compromiso ministerial. En el caso de la Regi\u00f3n de Coquimbo, la iniciativa ya ha destinado 1.200 millones de pesos para el acondicionamiento energ\u00e9tico de cuatro establecimientos de las comunas de Vicu\u00f1a, Combarbal\u00e1, Illapel y Canela.<\/p>\n","protected":false},"excerpt":{"rendered":"<p>*Propuesta de dise\u00f1o del Ministerio de Energ\u00eda busca mejorar la eficiencia energ\u00e9tica y las condiciones de ense\u00f1anza de 974 estudiantes del emblem\u00e1tico establecimiento ovallino. Una inversi\u00f3n de 1.964 millones de pesos contempla el dise\u00f1o del proyecto de mejoramiento t\u00e9rmico y de eficiencia energ\u00e9tica del Liceo Bicentenario Alejandro \u00c1lvarez Jofr\u00e9 de Ovalle, que promueve el programa &#8230;<\/p>\n","protected":false},"author":2,"featured_media":12632,"comment_status":"open","ping_status":"open","sticky":false,"template":"","format":"standard","meta":{"footnotes":""},"categories":[6],"tags":[],"class_list":["post-12631","post","type-post","status-publish","format-standard","has-post-thumbnail","hentry","category-regionales"],"_links":{"self":[{"href":"https:\/\/www.radiolimari.cl\/index.php?rest_route=\/wp\/v2\/posts\/12631","targetHints":{"allow":["GET"]}}],"collection":[{"href":"https:\/\/www.radiolimari.cl\/index.php?rest_route=\/wp\/v2\/posts"}],"about":[{"href":"https:\/\/www.radiolimari.cl\/index.php?rest_route=\/wp\/v2\/types\/post"}],"author":[{"embeddable":true,"href":"https:\/\/www.radiolimari.cl\/index.php?rest_route=\/wp\/v2\/users\/2"}],"replies":[{"embeddable":true,"href":"https:\/\/www.radiolimari.cl\/index.php?rest_route=%2Fwp%2Fv2%2Fcomments&post=12631"}],"version-history":[{"count":1,"href":"https:\/\/www.radiolimari.cl\/index.php?rest_route=\/wp\/v2\/posts\/12631\/revisions"}],"predecessor-version":[{"id":12633,"href":"https:\/\/www.radiolimari.cl\/index.php?rest_route=\/wp\/v2\/posts\/12631\/revisions\/12633"}],"wp:featuredmedia":[{"embeddable":true,"href":"https:\/\/www.radiolimari.cl\/index.php?rest_route=\/wp\/v2\/media\/12632"}],"wp:attachment":[{"href":"https:\/\/www.radiolimari.cl\/index.php?rest_route=%2Fwp%2Fv2%2Fmedia&parent=12631"}],"wp:term":[{"taxonomy":"category","embeddable":true,"href":"https:\/\/www.radiolimari.cl\/index.php?rest_route=%2Fwp%2Fv2%2Fcategories&post=12631"},{"taxonomy":"post_tag","embeddable":true,"href":"https:\/\/www.radiolimari.cl\/index.php?rest_route=%2Fwp%2Fv2%2Ftags&post=12631"}],"curies":[{"name":"wp","href":"https:\/\/api.w.org\/{rel}","templated":true}]}}