{"id":12628,"date":"2025-06-17T22:55:23","date_gmt":"2025-06-17T22:55:23","guid":{"rendered":"https:\/\/www.radiolimari.cl\/?p=12628"},"modified":"2025-06-17T22:55:24","modified_gmt":"2025-06-17T22:55:24","slug":"en-la-comuna-de-rio-hurtado-capacitan-a-dirigentes-sociales-en-formulacion-de-proyectos","status":"publish","type":"post","link":"https:\/\/www.radiolimari.cl\/?p=12628","title":{"rendered":"En la comuna de R\u00edo Hurtado Capacitan a dirigentes sociales en formulaci\u00f3n de proyectos."},"content":{"rendered":"\n<figure class=\"wp-block-image size-large\"><a href=\"https:\/\/www.radiolimari.cl\/wp-content\/uploads\/2025\/06\/17.6-segegob-scaled.jpg\"><img fetchpriority=\"high\" decoding=\"async\" width=\"1024\" height=\"683\" src=\"https:\/\/www.radiolimari.cl\/wp-content\/uploads\/2025\/06\/17.6-segegob-1024x683.jpg\" alt=\"\" class=\"wp-image-12629\" srcset=\"https:\/\/www.radiolimari.cl\/wp-content\/uploads\/2025\/06\/17.6-segegob-1024x683.jpg 1024w, https:\/\/www.radiolimari.cl\/wp-content\/uploads\/2025\/06\/17.6-segegob-300x200.jpg 300w, https:\/\/www.radiolimari.cl\/wp-content\/uploads\/2025\/06\/17.6-segegob-768x512.jpg 768w, https:\/\/www.radiolimari.cl\/wp-content\/uploads\/2025\/06\/17.6-segegob-1536x1024.jpg 1536w, https:\/\/www.radiolimari.cl\/wp-content\/uploads\/2025\/06\/17.6-segegob-2048x1365.jpg 2048w\" sizes=\"(max-width: 1024px) 100vw, 1024px\" \/><\/a><\/figure>\n\n\n\n<p><strong><em>Iniciativa busca entregar herramientas para que los l\u00edderes locales puedan aportar al desarrollo de su comunidad<\/em><\/strong><\/p>\n\n\n\n<p>Gracias a una alianza entre la Seremi de Gobierno y la Municipalidad de R\u00edo Hurtado, la Divisi\u00f3n de Organizaciones Sociales (DOS) realiz\u00f3 una Escuela de Formaci\u00f3n para m\u00e1s de 30 dirigentes y dirigentas, con el objetivo de capacitarlos en la formulaci\u00f3n, rendici\u00f3n y evaluaci\u00f3n de proyectos.<\/p>\n\n\n\n<p>La jornada, realizada en la localidad de Samo Alto, junto al Cesfam de R\u00edo Hurtado, es parte de la labor de fortalecimiento social que desarrolla la DOS en la Regi\u00f3n de Coquimbo; actividades que son muy valoradas por los aprendizajes y los conocimientos que se adquieren.<\/p>\n\n\n\n<p><strong>\u201cYo, como educador, soy totalmente partidario de este tipo de actividades que vienen un poco a dilucidar y un poco a educar a la comunidad para que participen de estas actividades que son en beneficio para la comunidad. Los proyectos, este mundo funciona a base de proyectos y es importante que quienes somos parte de las organizaciones conozcamos c\u00f3mo desarrollarlos\u201d, expres\u00f3 el vecino de Samo Alto Jorge Santander.<\/strong><\/p>\n\n\n\n<p>Asimismo, la alcaldesa de R\u00edo Hurtado, Carmen Juana Olivares, destac\u00f3 que la alianza entre el Cesfam&nbsp; y la DOS, potenciar\u00e1 la participaci\u00f3n ciudadana en la realizaci\u00f3n de acciones que, sin duda, son un aporte importante para la comuna.<\/p>\n\n\n\n<p><strong>\u201cLa Seremi de Gobierno se ha acercado hasta nuestra comuna para trabajar junto a los dirigentes en la formaci\u00f3n de dirigentes activos y eso para nosotros es importante. Estamos entregando herramientas a cada uno de nuestros vecinos, que siempre forman parte de las diferentes organizaciones, tambi\u00e9n, de la comunidad y cada una de las capacitaciones que ellos puedan recibir va en beneficio de todo un sector\u201d, se\u00f1al\u00f3 la edil.<\/strong><\/p>\n\n\n\n<p>Por su parte, la integrante de la Junta de Vecinos de Samo Alto, Isabel Rojas, manifest\u00f3 que ser parte de estas acciones es clave para generar iniciativas que van en beneficio de la localidad y su gente.&nbsp;<strong>\u201cMuy buena la actividad porque nos ense\u00f1an cosas que, bueno, a veces tenemos en conocimiento pero se nos olvidan o se nos escapan, s\u00ed. M\u00e1s que nada presentar proyectos, porque aqu\u00ed, como pueblo, nos hacen falta cosas y esto nos ayuda mucho para generar m\u00e1s recursos, m\u00e1s cosas para nuestros ni\u00f1os\u201d, precis\u00f3 la vecina.<\/strong><\/p>\n\n\n\n<p>La amplia participaci\u00f3n de la comunidad fue bien recibida por la Vocera Regional, Paulina Mora, quien detall\u00f3 que esto refuerza el rol que cumple la cartera sobre tender puentes, acompa\u00f1ar y entregar las herramientas necesarias para que cada comunidad pueda avanzar con autonom\u00eda y decisi\u00f3n en su propio desarrollo.<\/p>\n\n\n\n<p><strong>\u201cDesde el Gobierno del Presidente Gabriel Boric creemos firmemente que el fortalecimiento de la democracia comienza desde los territorios. Por eso, estamos muy contentas y comprometidas con el desarrollo de esta Escuela de Formaci\u00f3n Social en la comuna de R\u00edo Hurtado, un espacio pensado especialmente para nuestras dirigentas y dirigentes sociales, quienes con su trabajo desinteresado construyen comunidad y justicia desde lo cotidiano. Hoy entregamos una herramienta concreta para que las organizaciones puedan materializar sus sue\u00f1os y responder a las necesidades de sus vecinas y vecinos\u201d, indic\u00f3 Mora.<\/strong><\/p>\n\n\n\n<p>Las Escuelas de Formaci\u00f3n Social (EFS) de la Divisi\u00f3n de Organizaciones Sociales de la Seremi de Gobierno son espacios de aprendizaje y formaci\u00f3n para dirigentes sociales, donde se entregan herramientas que les permitir\u00e1 difundir en su territorio o aplicar en su gesti\u00f3n los conocimientos adquiridos, contribuyendo al desarrollo de sus comunidades.<\/p>\n","protected":false},"excerpt":{"rendered":"<p>Iniciativa busca entregar herramientas para que los l\u00edderes locales puedan aportar al desarrollo de su comunidad Gracias a una alianza entre la Seremi de Gobierno y la Municipalidad de R\u00edo Hurtado, la Divisi\u00f3n de Organizaciones Sociales (DOS) realiz\u00f3 una Escuela de Formaci\u00f3n para m\u00e1s de 30 dirigentes y dirigentas, con el objetivo de capacitarlos en &#8230;<\/p>\n","protected":false},"author":2,"featured_media":12629,"comment_status":"open","ping_status":"open","sticky":false,"template":"","format":"standard","meta":{"footnotes":""},"categories":[5],"tags":[],"class_list":["post-12628","post","type-post","status-publish","format-standard","has-post-thumbnail","hentry","category-actualidad-limarina"],"_links":{"self":[{"href":"https:\/\/www.radiolimari.cl\/index.php?rest_route=\/wp\/v2\/posts\/12628","targetHints":{"allow":["GET"]}}],"collection":[{"href":"https:\/\/www.radiolimari.cl\/index.php?rest_route=\/wp\/v2\/posts"}],"about":[{"href":"https:\/\/www.radiolimari.cl\/index.php?rest_route=\/wp\/v2\/types\/post"}],"author":[{"embeddable":true,"href":"https:\/\/www.radiolimari.cl\/index.php?rest_route=\/wp\/v2\/users\/2"}],"replies":[{"embeddable":true,"href":"https:\/\/www.radiolimari.cl\/index.php?rest_route=%2Fwp%2Fv2%2Fcomments&post=12628"}],"version-history":[{"count":1,"href":"https:\/\/www.radiolimari.cl\/index.php?rest_route=\/wp\/v2\/posts\/12628\/revisions"}],"predecessor-version":[{"id":12630,"href":"https:\/\/www.radiolimari.cl\/index.php?rest_route=\/wp\/v2\/posts\/12628\/revisions\/12630"}],"wp:featuredmedia":[{"embeddable":true,"href":"https:\/\/www.radiolimari.cl\/index.php?rest_route=\/wp\/v2\/media\/12629"}],"wp:attachment":[{"href":"https:\/\/www.radiolimari.cl\/index.php?rest_route=%2Fwp%2Fv2%2Fmedia&parent=12628"}],"wp:term":[{"taxonomy":"category","embeddable":true,"href":"https:\/\/www.radiolimari.cl\/index.php?rest_route=%2Fwp%2Fv2%2Fcategories&post=12628"},{"taxonomy":"post_tag","embeddable":true,"href":"https:\/\/www.radiolimari.cl\/index.php?rest_route=%2Fwp%2Fv2%2Ftags&post=12628"}],"curies":[{"name":"wp","href":"https:\/\/api.w.org\/{rel}","templated":true}]}}