{"id":12618,"date":"2025-06-13T19:24:49","date_gmt":"2025-06-13T19:24:49","guid":{"rendered":"https:\/\/www.radiolimari.cl\/?p=12618"},"modified":"2025-06-13T19:24:50","modified_gmt":"2025-06-13T19:24:50","slug":"evento-de-precipitaciones-en-la-region-de-coquimbo-2","status":"publish","type":"post","link":"https:\/\/www.radiolimari.cl\/?p=12618","title":{"rendered":"Evento de precipitaciones en\u00a0la Regi\u00f3n de Coquimbo."},"content":{"rendered":"\n<p>Se pronostican precipitaciones de lluvia y nieve entre los d\u00edas domingo 15 y martes 17 de junio en la Regi\u00f3n de Coquimbo, asociadas al paso de un sistema frontal. Este evento afectar\u00eda con mayor intensidad a la provincia del Choapa, al Limar\u00ed y, en menor medida, a la zona costera de la provincia del Elqui.<\/p>\n\n\n\n<p>Las precipitaciones comenzar\u00edan durante la noche del domingo 15 de junio, afectando inicialmente sectores costeros y valles del Choapa, mientras que de forma simult\u00e1nea se desarrollar\u00edan precipitaciones nivales prefrontales en la cordillera, especialmente en las provincias del Choapa y Limar\u00ed. El lunes 16 se espera la mayor intensidad del evento, mientras que el martes 17 se registrar\u00edan precipitaciones asociadas a condiciones de inestabilidad postfrontal, principalmente en sectores cordilleranos y algunos valles del sur de la regi\u00f3n.<\/p>\n\n\n\n<p>El nivel de isoterma cero podr\u00eda variar entre 2500 y 3000 m s.n.m., por lo que se espera la ocurrencia de nieve desde aproximadamente 2300 m s.n.m. en sectores cordilleranos. Este rango se considera dentro de lo normal para este tipo de eventos durante la actual temporada.<\/p>\n\n\n\n<p>Se recomienda tomar las precauciones pertinentes frente a este evento meteorol\u00f3gico y mantenerse informado a trav\u00e9s de la p\u00e1gina&nbsp;<a href=\"http:\/\/www.ceazamet.cl\/\" target=\"_blank\" rel=\"noreferrer noopener\">www.ceazamet.cl<\/a>.<\/p>\n\n\n\n<p>PRECIPITACIONES EN LIMAR\u00cd<\/p>\n\n\n\n<figure class=\"wp-block-image size-large\"><a href=\"https:\/\/www.radiolimari.cl\/wp-content\/uploads\/2025\/06\/13.6-limari.png\"><img fetchpriority=\"high\" decoding=\"async\" width=\"1024\" height=\"727\" src=\"https:\/\/www.radiolimari.cl\/wp-content\/uploads\/2025\/06\/13.6-limari-1024x727.png\" alt=\"\" class=\"wp-image-12621\" srcset=\"https:\/\/www.radiolimari.cl\/wp-content\/uploads\/2025\/06\/13.6-limari-1024x727.png 1024w, https:\/\/www.radiolimari.cl\/wp-content\/uploads\/2025\/06\/13.6-limari-300x213.png 300w, https:\/\/www.radiolimari.cl\/wp-content\/uploads\/2025\/06\/13.6-limari-768x545.png 768w, https:\/\/www.radiolimari.cl\/wp-content\/uploads\/2025\/06\/13.6-limari.png 1460w\" sizes=\"(max-width: 1024px) 100vw, 1024px\" \/><\/a><\/figure>\n\n\n\n<p>PRECIPITACIONES ELQUI<\/p>\n\n\n\n<figure class=\"wp-block-image size-large\"><a href=\"https:\/\/www.radiolimari.cl\/wp-content\/uploads\/2025\/06\/13.6-elqui-1.png\"><img decoding=\"async\" width=\"1024\" height=\"786\" src=\"https:\/\/www.radiolimari.cl\/wp-content\/uploads\/2025\/06\/13.6-elqui-1-1024x786.png\" alt=\"\" class=\"wp-image-12620\" srcset=\"https:\/\/www.radiolimari.cl\/wp-content\/uploads\/2025\/06\/13.6-elqui-1-1024x786.png 1024w, https:\/\/www.radiolimari.cl\/wp-content\/uploads\/2025\/06\/13.6-elqui-1-300x230.png 300w, https:\/\/www.radiolimari.cl\/wp-content\/uploads\/2025\/06\/13.6-elqui-1-768x590.png 768w, https:\/\/www.radiolimari.cl\/wp-content\/uploads\/2025\/06\/13.6-elqui-1.png 1460w\" sizes=\"(max-width: 1024px) 100vw, 1024px\" \/><\/a><\/figure>\n\n\n\n<p>PRECIPITACIONES EN CHOAPA<\/p>\n\n\n\n<figure class=\"wp-block-image size-large\"><a href=\"https:\/\/www.radiolimari.cl\/wp-content\/uploads\/2025\/06\/13.6-choapa.png\"><img decoding=\"async\" width=\"1024\" height=\"490\" src=\"https:\/\/www.radiolimari.cl\/wp-content\/uploads\/2025\/06\/13.6-choapa-1024x490.png\" alt=\"\" class=\"wp-image-12622\" srcset=\"https:\/\/www.radiolimari.cl\/wp-content\/uploads\/2025\/06\/13.6-choapa-1024x490.png 1024w, https:\/\/www.radiolimari.cl\/wp-content\/uploads\/2025\/06\/13.6-choapa-300x143.png 300w, https:\/\/www.radiolimari.cl\/wp-content\/uploads\/2025\/06\/13.6-choapa-768x367.png 768w, https:\/\/www.radiolimari.cl\/wp-content\/uploads\/2025\/06\/13.6-choapa.png 1460w\" sizes=\"(max-width: 1024px) 100vw, 1024px\" \/><\/a><\/figure>\n\n\n\n<p>NIEVE EN CORDILLERA<\/p>\n\n\n\n<figure class=\"wp-block-image size-large\"><a href=\"https:\/\/www.radiolimari.cl\/wp-content\/uploads\/2025\/06\/13.6-nieve.png\"><img loading=\"lazy\" decoding=\"async\" width=\"1024\" height=\"381\" src=\"https:\/\/www.radiolimari.cl\/wp-content\/uploads\/2025\/06\/13.6-nieve-1024x381.png\" alt=\"\" class=\"wp-image-12623\" srcset=\"https:\/\/www.radiolimari.cl\/wp-content\/uploads\/2025\/06\/13.6-nieve-1024x381.png 1024w, https:\/\/www.radiolimari.cl\/wp-content\/uploads\/2025\/06\/13.6-nieve-300x112.png 300w, https:\/\/www.radiolimari.cl\/wp-content\/uploads\/2025\/06\/13.6-nieve-768x286.png 768w, https:\/\/www.radiolimari.cl\/wp-content\/uploads\/2025\/06\/13.6-nieve.png 1460w\" sizes=\"(max-width: 1024px) 100vw, 1024px\" \/><\/a><\/figure>\n\n\n\n<p>PRON\u00d3STICO DE PRECIPITACIONES<\/p>\n\n\n\n<figure class=\"wp-block-image size-large\"><a href=\"https:\/\/www.radiolimari.cl\/wp-content\/uploads\/2025\/06\/13.6-pronostico.jpg\"><img loading=\"lazy\" decoding=\"async\" width=\"819\" height=\"1024\" src=\"https:\/\/www.radiolimari.cl\/wp-content\/uploads\/2025\/06\/13.6-pronostico-819x1024.jpg\" alt=\"\" class=\"wp-image-12624\" srcset=\"https:\/\/www.radiolimari.cl\/wp-content\/uploads\/2025\/06\/13.6-pronostico-819x1024.jpg 819w, https:\/\/www.radiolimari.cl\/wp-content\/uploads\/2025\/06\/13.6-pronostico-240x300.jpg 240w, https:\/\/www.radiolimari.cl\/wp-content\/uploads\/2025\/06\/13.6-pronostico-768x960.jpg 768w, https:\/\/www.radiolimari.cl\/wp-content\/uploads\/2025\/06\/13.6-pronostico-1229x1536.jpg 1229w, https:\/\/www.radiolimari.cl\/wp-content\/uploads\/2025\/06\/13.6-pronostico.jpg 1280w\" sizes=\"(max-width: 819px) 100vw, 819px\" \/><\/a><\/figure>\n\n\n\n<p>Se recomienda tomar las precauciones necesarias y estar atentos a la evoluci\u00f3n del pron\u00f3stico en la p\u00e1gina\u00a0<a href=\"http:\/\/www.ceazamet.cl\/\" target=\"_blank\" rel=\"noreferrer noopener\">www.ceazamet.cl<\/a>.\u00a0<\/p>\n","protected":false},"excerpt":{"rendered":"<p>Se pronostican precipitaciones de lluvia y nieve entre los d\u00edas domingo 15 y martes 17 de junio en la Regi\u00f3n de Coquimbo, asociadas al paso de un sistema frontal. Este evento afectar\u00eda con mayor intensidad a la provincia del Choapa, al Limar\u00ed y, en menor medida, a la zona costera de la provincia del Elqui. &#8230;<\/p>\n","protected":false},"author":2,"featured_media":12596,"comment_status":"open","ping_status":"open","sticky":false,"template":"","format":"standard","meta":{"footnotes":""},"categories":[3],"tags":[],"class_list":["post-12618","post","type-post","status-publish","format-standard","has-post-thumbnail","hentry","category-actualidad"],"_links":{"self":[{"href":"https:\/\/www.radiolimari.cl\/index.php?rest_route=\/wp\/v2\/posts\/12618","targetHints":{"allow":["GET"]}}],"collection":[{"href":"https:\/\/www.radiolimari.cl\/index.php?rest_route=\/wp\/v2\/posts"}],"about":[{"href":"https:\/\/www.radiolimari.cl\/index.php?rest_route=\/wp\/v2\/types\/post"}],"author":[{"embeddable":true,"href":"https:\/\/www.radiolimari.cl\/index.php?rest_route=\/wp\/v2\/users\/2"}],"replies":[{"embeddable":true,"href":"https:\/\/www.radiolimari.cl\/index.php?rest_route=%2Fwp%2Fv2%2Fcomments&post=12618"}],"version-history":[{"count":1,"href":"https:\/\/www.radiolimari.cl\/index.php?rest_route=\/wp\/v2\/posts\/12618\/revisions"}],"predecessor-version":[{"id":12625,"href":"https:\/\/www.radiolimari.cl\/index.php?rest_route=\/wp\/v2\/posts\/12618\/revisions\/12625"}],"wp:featuredmedia":[{"embeddable":true,"href":"https:\/\/www.radiolimari.cl\/index.php?rest_route=\/wp\/v2\/media\/12596"}],"wp:attachment":[{"href":"https:\/\/www.radiolimari.cl\/index.php?rest_route=%2Fwp%2Fv2%2Fmedia&parent=12618"}],"wp:term":[{"taxonomy":"category","embeddable":true,"href":"https:\/\/www.radiolimari.cl\/index.php?rest_route=%2Fwp%2Fv2%2Fcategories&post=12618"},{"taxonomy":"post_tag","embeddable":true,"href":"https:\/\/www.radiolimari.cl\/index.php?rest_route=%2Fwp%2Fv2%2Ftags&post=12618"}],"curies":[{"name":"wp","href":"https:\/\/api.w.org\/{rel}","templated":true}]}}