{"id":12563,"date":"2025-06-04T22:58:27","date_gmt":"2025-06-04T22:58:27","guid":{"rendered":"https:\/\/www.radiolimari.cl\/?p=12563"},"modified":"2025-06-04T22:58:28","modified_gmt":"2025-06-04T22:58:28","slug":"alcalde-de-monte-patria-solicita-a-gore-y-minagri-plan-de-accion-frente-a-perdidas-economicas-por-mosca-de-la-fruta","status":"publish","type":"post","link":"https:\/\/www.radiolimari.cl\/?p=12563","title":{"rendered":"Alcalde de Monte Patria solicita a GORE y Minagri plan de acci\u00f3n frente a p\u00e9rdidas econ\u00f3micas por \u201cMosca de la Fruta\u201d"},"content":{"rendered":"\n<figure class=\"wp-block-image size-large\"><a href=\"https:\/\/www.radiolimari.cl\/wp-content\/uploads\/2025\/06\/4.6-MP-MOSCA-FRUTA-scaled.jpg\"><img fetchpriority=\"high\" decoding=\"async\" width=\"1024\" height=\"576\" src=\"https:\/\/www.radiolimari.cl\/wp-content\/uploads\/2025\/06\/4.6-MP-MOSCA-FRUTA-1024x576.jpg\" alt=\"\" class=\"wp-image-12564\" srcset=\"https:\/\/www.radiolimari.cl\/wp-content\/uploads\/2025\/06\/4.6-MP-MOSCA-FRUTA-1024x576.jpg 1024w, https:\/\/www.radiolimari.cl\/wp-content\/uploads\/2025\/06\/4.6-MP-MOSCA-FRUTA-300x169.jpg 300w, https:\/\/www.radiolimari.cl\/wp-content\/uploads\/2025\/06\/4.6-MP-MOSCA-FRUTA-768x432.jpg 768w, https:\/\/www.radiolimari.cl\/wp-content\/uploads\/2025\/06\/4.6-MP-MOSCA-FRUTA-1536x863.jpg 1536w, https:\/\/www.radiolimari.cl\/wp-content\/uploads\/2025\/06\/4.6-MP-MOSCA-FRUTA-2048x1151.jpg 2048w\" sizes=\"(max-width: 1024px) 100vw, 1024px\" \/><\/a><\/figure>\n\n\n\n<p><strong><em>Actualmente, la Campa\u00f1a Tulahu\u00e9n est\u00e1 centrada en la localidad de Tulahu\u00e9n, estableciendo un radio de 7 ha. a la redonda, con trabajos focalizados en instalaci\u00f3n de trampas, tratamiento de suelos, etc.<\/em><\/strong><\/p>\n\n\n\n<p>Ya van cerca de 25 d\u00edas desde que el Servicio Agr\u00edcola y Ganadero (SAG) Coquimbo realizara la declaratoria formal de presencia de Mosca de la Fruta en los valles interiores de Rio Grande, noticia que remece al sector productivo de la comuna de Monte Patria y que pone en aprietos la econom\u00eda, en especial por este constante escenario de sequ\u00eda en la regi\u00f3n.<\/p>\n\n\n\n<p>Cuando comenz\u00f3 la \u201cCampa\u00f1a Tulahu\u00e9n 2025 Mosca de la Fruta\u201d las interrogantes fueron muchas, cu\u00e1les ser\u00edan las restricciones de traslado de fruta, c\u00f3mo se realizar\u00edan las zonas de delimitaci\u00f3n, las propias caracter\u00edsticas del insecto. Si embargo, una de las interrogantes silenciosas entre la comunidad era, qui\u00e9n aportar\u00e1 o compensar\u00e1 en las p\u00e9rdidas econ\u00f3micas.<\/p>\n\n\n\n<p>Si bien, ello no es una responsabilidad del SAG o del estado, hay una necesidad que suplir, principalmente cuando se trata de una peque\u00f1a econom\u00eda campesina, como la presente en Tulahu\u00e9n y alrededores.<\/p>\n\n\n\n<p>Frente ello, el alcalde Cristian Herrera Pe\u00f1a solicita un pronunciamiento al respecto, es m\u00e1s, sugiere un plan de acci\u00f3n frente a p\u00e9rdidas, por concepto de Mosca de la Fruta. Los requerimientos son planteados tanto al ministerio de agricultura como al Gobierno Regional, entendiendo que los sectores ahora afectados, son los principales dinamizadores de la econom\u00eda local y los m\u00e1s golpeados por esta plaga.<\/p>\n\n\n\n<p><strong>\u201cLa aparici\u00f3n de la mosca de la fruta sin duda que afecta nuestras labores productivas, en el sector de Tulahu\u00e9n, donde se encuentra radicada hoy, tiene una afectaci\u00f3n cercana de una veintena de huertos familiares, donde muchos de ellos, su \u00fanico sustento era la venta de frutas. Hacer un llamado, al ministerio de agricultura, al Gobierno Regional, para hacer un plan de ayuda a estas familias, quienes pierden su capacidad productiva y econ\u00f3mica, a ra\u00edz de esta mosca de la fruta\u201d,<\/strong> sentenci\u00f3 Herrera Pe\u00f1a.<\/p>\n\n\n\n<p>La Campa\u00f1a Tulahu\u00e9n 2025 Mosca de la Fruta tiene un solo objetivo, ser exitosa, en eso la responsabilidad para controlar la infestaci\u00f3n de la mosca <em>Ceratitis Capitata <\/em>es compartida.<\/p>\n\n\n\n<p>El alcalde Cristian Herrera hace un llamado a la comunidad, a estar presentes y al tanto del proceso, colaborando con el personal del SAG y prestando toda la informaci\u00f3n atingente al tema.<\/p>\n\n\n\n<p><strong>\u201cUn llamado a la comunidad, a que tome con todos los resguardos, que atiendan al SAG en sus indicaciones, La idea es erradicar de forma r\u00e1pida esta infestaci\u00f3n, el da\u00f1o que va a provocar, si es que a futuro no podemos exportar, ser\u00e1 terrible, en lo econ\u00f3mico nacional y en lo productivo local\u201d,<\/strong> agreg\u00f3 el representante montepatrino.<\/p>\n\n\n\n<p>La lucha contra esta conocida plaga es tarea de todos los involucrados, sea SAG, Minagri, autoridades locales y comunidad; si bien se entiende que la p\u00e9rdida econ\u00f3mica tiene una afectaci\u00f3n en lo macro, las consecuencias negativas en lo local son a\u00fan m\u00e1s complejas, poniendo en riesgo incluso la subsistencia de la peque\u00f1a agricultura campesina.<\/p>\n","protected":false},"excerpt":{"rendered":"<p>Actualmente, la Campa\u00f1a Tulahu\u00e9n est\u00e1 centrada en la localidad de Tulahu\u00e9n, estableciendo un radio de 7 ha. a la redonda, con trabajos focalizados en instalaci\u00f3n de trampas, tratamiento de suelos, etc. Ya van cerca de 25 d\u00edas desde que el Servicio Agr\u00edcola y Ganadero (SAG) Coquimbo realizara la declaratoria formal de presencia de Mosca de &#8230;<\/p>\n","protected":false},"author":2,"featured_media":12564,"comment_status":"open","ping_status":"open","sticky":false,"template":"","format":"standard","meta":{"footnotes":""},"categories":[5],"tags":[],"class_list":["post-12563","post","type-post","status-publish","format-standard","has-post-thumbnail","hentry","category-actualidad-limarina"],"_links":{"self":[{"href":"https:\/\/www.radiolimari.cl\/index.php?rest_route=\/wp\/v2\/posts\/12563","targetHints":{"allow":["GET"]}}],"collection":[{"href":"https:\/\/www.radiolimari.cl\/index.php?rest_route=\/wp\/v2\/posts"}],"about":[{"href":"https:\/\/www.radiolimari.cl\/index.php?rest_route=\/wp\/v2\/types\/post"}],"author":[{"embeddable":true,"href":"https:\/\/www.radiolimari.cl\/index.php?rest_route=\/wp\/v2\/users\/2"}],"replies":[{"embeddable":true,"href":"https:\/\/www.radiolimari.cl\/index.php?rest_route=%2Fwp%2Fv2%2Fcomments&post=12563"}],"version-history":[{"count":1,"href":"https:\/\/www.radiolimari.cl\/index.php?rest_route=\/wp\/v2\/posts\/12563\/revisions"}],"predecessor-version":[{"id":12565,"href":"https:\/\/www.radiolimari.cl\/index.php?rest_route=\/wp\/v2\/posts\/12563\/revisions\/12565"}],"wp:featuredmedia":[{"embeddable":true,"href":"https:\/\/www.radiolimari.cl\/index.php?rest_route=\/wp\/v2\/media\/12564"}],"wp:attachment":[{"href":"https:\/\/www.radiolimari.cl\/index.php?rest_route=%2Fwp%2Fv2%2Fmedia&parent=12563"}],"wp:term":[{"taxonomy":"category","embeddable":true,"href":"https:\/\/www.radiolimari.cl\/index.php?rest_route=%2Fwp%2Fv2%2Fcategories&post=12563"},{"taxonomy":"post_tag","embeddable":true,"href":"https:\/\/www.radiolimari.cl\/index.php?rest_route=%2Fwp%2Fv2%2Ftags&post=12563"}],"curies":[{"name":"wp","href":"https:\/\/api.w.org\/{rel}","templated":true}]}}