{"id":12516,"date":"2025-05-15T14:06:38","date_gmt":"2025-05-15T14:06:38","guid":{"rendered":"https:\/\/www.radiolimari.cl\/?p=12516"},"modified":"2025-05-15T14:06:39","modified_gmt":"2025-05-15T14:06:39","slug":"el-pasado-martes-rodrigo-tapia-molina-asumio-como-director-regional-de-sence","status":"publish","type":"post","link":"https:\/\/www.radiolimari.cl\/?p=12516","title":{"rendered":"El pasado martes, Rodrigo Tapia Molina, asumi\u00f3 como  Director  regional de SENCE"},"content":{"rendered":"\n<figure class=\"wp-block-image size-large\"><a href=\"https:\/\/www.radiolimari.cl\/wp-content\/uploads\/2025\/05\/15.5-sence-Director-Regional-Rodrigo-Tapia-01.jpg\"><img fetchpriority=\"high\" decoding=\"async\" width=\"768\" height=\"1024\" src=\"https:\/\/www.radiolimari.cl\/wp-content\/uploads\/2025\/05\/15.5-sence-Director-Regional-Rodrigo-Tapia-01-768x1024.jpg\" alt=\"\" class=\"wp-image-12517\" srcset=\"https:\/\/www.radiolimari.cl\/wp-content\/uploads\/2025\/05\/15.5-sence-Director-Regional-Rodrigo-Tapia-01-768x1024.jpg 768w, https:\/\/www.radiolimari.cl\/wp-content\/uploads\/2025\/05\/15.5-sence-Director-Regional-Rodrigo-Tapia-01-225x300.jpg 225w, https:\/\/www.radiolimari.cl\/wp-content\/uploads\/2025\/05\/15.5-sence-Director-Regional-Rodrigo-Tapia-01.jpg 960w\" sizes=\"(max-width: 768px) 100vw, 768px\" \/><\/a><\/figure>\n\n\n\n<p><em>La nueva autoridad tiene vasta experiencia en el \u00e1mbito educacional en el sector p\u00fablico.<\/em><\/p>\n\n\n\n<p>El pasado martes asumi\u00f3 como nuevo director regional del Servicio Nacional de Capacitaci\u00f3n y Empleo, SENCE, Rodrigo Tapia Molina, quien llega al Servicio tras haberse adjudicado el concurso de Alta Direcci\u00f3n P\u00fablica; quien fue presentado por la directora nacional de la instituci\u00f3n, Romanina Morales Baltra.<\/p>\n\n\n\n<p>Ante esto, la directora nacional destac\u00f3 que el nuevo director \u201c<em>ha sido seleccionado en un proceso del Servicio Civil de la Alta Direcci\u00f3n P\u00fablica. Es profesor en castellano y filosof\u00eda y m\u00faltiples mag\u00edster, post\u00edtulos y asume una vasta experiencia en la administraci\u00f3n p\u00fablica y sobre todo en la educaci\u00f3n que viene muy af\u00edn para los objetivos y la visi\u00f3n del Servicio Nacional de Capacitaci\u00f3n y Empleo\u201d.<\/em><\/p>\n\n\n\n<p>La nueva autoridad, tal como lo indic\u00f3 la directora nacional, es profesor de Estado en Castellano y Filosof\u00eda de la Universidad de La Serena, posee un Magister en Pol\u00edticas Educativas de la Universidad Alberto Hurtado, y otro en Ciencias de la Educaci\u00f3n con menci\u00f3n en Curr\u00edculo y Evaluaci\u00f3n de la Universidad Mayor, as\u00ed como tambi\u00e9n distintos post\u00edtulos en el \u00e1mbito educacional.<\/p>\n\n\n\n<p>En el plano laboral, se ha desempe\u00f1ado en la Agencia de Calidad de la Educaci\u00f3n como Evaluador de la macrozona Centro Norte, en el SLEP Atacama, como Encargado de mejora continua y como Jefe (s) del Departamento de Planificaci\u00f3n y Control de Gesti\u00f3n de la misma entidad; adem\u00e1s, se destac\u00f3 como Director Acad\u00e9mico del Centro de Formaci\u00f3n T\u00e9cnica Estatal de la regi\u00f3n de Antofagasta.<\/p>\n\n\n\n<p>El nuevo director coment\u00f3 que recibe este nuevo rol <em>\u201centusiasmado, con grandes desaf\u00edos, valga la redundancia porque el Servicio avanza, ha logrado establecer alianzas, se relaciona entre lo p\u00fablico y lo privado, por tanto la primera tarea es darle continuidad a lo que ya existe y que est\u00e1 muy bien posicionado; y en segundo lugar poder poner a disposici\u00f3n todo mi esfuerzo, mis ganas para que esto siga avanzando en pos de la intermediaci\u00f3n laboral y en las capacitaciones para las personas que van a ser certificadas por nosotros\u201d.<\/em><\/p>\n","protected":false},"excerpt":{"rendered":"<p>La nueva autoridad tiene vasta experiencia en el \u00e1mbito educacional en el sector p\u00fablico. El pasado martes asumi\u00f3 como nuevo director regional del Servicio Nacional de Capacitaci\u00f3n y Empleo, SENCE, Rodrigo Tapia Molina, quien llega al Servicio tras haberse adjudicado el concurso de Alta Direcci\u00f3n P\u00fablica; quien fue presentado por la directora nacional de la &#8230;<\/p>\n","protected":false},"author":2,"featured_media":12515,"comment_status":"open","ping_status":"open","sticky":false,"template":"","format":"standard","meta":{"footnotes":""},"categories":[6],"tags":[],"class_list":["post-12516","post","type-post","status-publish","format-standard","has-post-thumbnail","hentry","category-regionales"],"_links":{"self":[{"href":"https:\/\/www.radiolimari.cl\/index.php?rest_route=\/wp\/v2\/posts\/12516","targetHints":{"allow":["GET"]}}],"collection":[{"href":"https:\/\/www.radiolimari.cl\/index.php?rest_route=\/wp\/v2\/posts"}],"about":[{"href":"https:\/\/www.radiolimari.cl\/index.php?rest_route=\/wp\/v2\/types\/post"}],"author":[{"embeddable":true,"href":"https:\/\/www.radiolimari.cl\/index.php?rest_route=\/wp\/v2\/users\/2"}],"replies":[{"embeddable":true,"href":"https:\/\/www.radiolimari.cl\/index.php?rest_route=%2Fwp%2Fv2%2Fcomments&post=12516"}],"version-history":[{"count":1,"href":"https:\/\/www.radiolimari.cl\/index.php?rest_route=\/wp\/v2\/posts\/12516\/revisions"}],"predecessor-version":[{"id":12518,"href":"https:\/\/www.radiolimari.cl\/index.php?rest_route=\/wp\/v2\/posts\/12516\/revisions\/12518"}],"wp:featuredmedia":[{"embeddable":true,"href":"https:\/\/www.radiolimari.cl\/index.php?rest_route=\/wp\/v2\/media\/12515"}],"wp:attachment":[{"href":"https:\/\/www.radiolimari.cl\/index.php?rest_route=%2Fwp%2Fv2%2Fmedia&parent=12516"}],"wp:term":[{"taxonomy":"category","embeddable":true,"href":"https:\/\/www.radiolimari.cl\/index.php?rest_route=%2Fwp%2Fv2%2Fcategories&post=12516"},{"taxonomy":"post_tag","embeddable":true,"href":"https:\/\/www.radiolimari.cl\/index.php?rest_route=%2Fwp%2Fv2%2Ftags&post=12516"}],"curies":[{"name":"wp","href":"https:\/\/api.w.org\/{rel}","templated":true}]}}