{"id":12507,"date":"2025-05-14T21:22:24","date_gmt":"2025-05-14T21:22:24","guid":{"rendered":"https:\/\/www.radiolimari.cl\/?p=12507"},"modified":"2025-05-14T21:22:25","modified_gmt":"2025-05-14T21:22:25","slug":"mas-de-3-mil-embarazadas-no-estan-protegidas-contra-la-influenza-en-la-region-de-coquimbo","status":"publish","type":"post","link":"https:\/\/www.radiolimari.cl\/?p=12507","title":{"rendered":"M\u00e1s de 3 mil embarazadas no est\u00e1n protegidas contra la Influenza en la regi\u00f3n de Coquimbo."},"content":{"rendered":"\n<figure class=\"wp-block-image size-large\"><a href=\"https:\/\/www.radiolimari.cl\/wp-content\/uploads\/2025\/05\/14.5-salud-vacunacion.jpeg\"><img fetchpriority=\"high\" decoding=\"async\" width=\"1024\" height=\"768\" src=\"https:\/\/www.radiolimari.cl\/wp-content\/uploads\/2025\/05\/14.5-salud-vacunacion-1024x768.jpeg\" alt=\"\" class=\"wp-image-12508\" srcset=\"https:\/\/www.radiolimari.cl\/wp-content\/uploads\/2025\/05\/14.5-salud-vacunacion-1024x768.jpeg 1024w, https:\/\/www.radiolimari.cl\/wp-content\/uploads\/2025\/05\/14.5-salud-vacunacion-300x225.jpeg 300w, https:\/\/www.radiolimari.cl\/wp-content\/uploads\/2025\/05\/14.5-salud-vacunacion-768x576.jpeg 768w, https:\/\/www.radiolimari.cl\/wp-content\/uploads\/2025\/05\/14.5-salud-vacunacion-1536x1152.jpeg 1536w, https:\/\/www.radiolimari.cl\/wp-content\/uploads\/2025\/05\/14.5-salud-vacunacion.jpeg 1600w\" sizes=\"(max-width: 1024px) 100vw, 1024px\" \/><\/a><\/figure>\n\n\n\n<p><strong>Autoridades reforzaron el llamado al grupo objetivo de gestantes, para que reciban inmunizaci\u00f3n contra Influenza y Covid-19, en el marco de la Campa\u00f1a de Vacunaci\u00f3n e Inmunizaci\u00f3n para el Invierno 2025.<\/strong><\/p>\n\n\n\n<p>Faltan 39 d\u00edas para el inicio del invierno y, hasta la fecha, <strong>2.701 embarazadas <\/strong>de la regi\u00f3n -de una poblaci\u00f3n objetivo de 5.767- se han vacunado contra la Influenza, mientras que en Covid-19 este grupo objetivo alcanza un <strong>2,3% de cobertura<\/strong>.<\/p>\n\n\n\n<p>Por tal raz\u00f3n, Autoridades regionales y de salud se reunieron en el Cesfam Emilio Schaffhauser de La Serena, para realizar un llamado a las personas gestantes, con el objetivo que reciban su dosis de protecci\u00f3n contra las <strong>enfermedades ocasionadas por virus respiratorios<\/strong> y que actualmente presentan una alta tasa de circulaci\u00f3n.<\/p>\n\n\n\n<p>\u201cEs importante explicar que hay determinadas vacunas que no se pueden aplicar a todas las personas, donde la restricci\u00f3n m\u00e1s importante es edad. Por ende, <strong>la estrategia para proteger a un reci\u00e9n nacido o a un lactante<\/strong>, es inmunizar a la madre mientras gesta, para que genere memoria inmunol\u00f3gica y, con ello, los anticuerpos necesarios para que se traspasen a trav\u00e9s de la lactancia materna y la placenta\u201d, destac\u00f3 el Seremi de Salud, Dr. Dar\u00edo V\u00e1squez.<\/p>\n\n\n\n<p>Presente en la ocasi\u00f3n, con la intenci\u00f3n de reforzar el llamado a las mujeres embarazadas para proteger a sus futuros hijos e hijas, la Seremi de la Mujer y Equidad de G\u00e9nero, Camila Sabando, invit\u00f3 \u201ca mujeres gestantes para completen su esquema de vacunaci\u00f3n de invierno y as\u00ed <strong>poder entregar inmunidad a los hijos e hijas que est\u00e1n gestando<\/strong> en estos momentos, as\u00ed que reforzamos el llamado para que acudan a los centros de salud y requieran sus vacunas\u201d.<\/p>\n\n\n\n<p>Finalmente, B\u00e1rbara Quiroga, coordinadora del Departamento de Salud de la Corporaci\u00f3n Municipal Gabriel Gonz\u00e1lez Videla, record\u00f3 \u201ca todos los grupos de riesgo para que se puedan vacunar, acudiendo a nuestros Cesfam, postas rurales, Cecosf y tambi\u00e9n en <strong>los puntos extramurales, en plaza de armas y Centro Comunitario 4 Esquinas<\/strong>, especialmente a embarazadas en cualquier etapa de su gestaci\u00f3n, personas mayores de 60 a\u00f1os y tambi\u00e9n a ni\u00f1os desde los 6 meses hasta quinto b\u00e1sico\u201d.<\/p>\n\n\n\n<p>Cabe destacar, que las comunas con m\u00e1s bajas coberturas en este grupo objetivo en Influenza son Vicu\u00f1a, Illapel y Andacollo, mientras que en Covid-19 son Canela, Illapel y Monte Patria.<\/p>\n","protected":false},"excerpt":{"rendered":"<p>Autoridades reforzaron el llamado al grupo objetivo de gestantes, para que reciban inmunizaci\u00f3n contra Influenza y Covid-19, en el marco de la Campa\u00f1a de Vacunaci\u00f3n e Inmunizaci\u00f3n para el Invierno 2025. Faltan 39 d\u00edas para el inicio del invierno y, hasta la fecha, 2.701 embarazadas de la regi\u00f3n -de una poblaci\u00f3n objetivo de 5.767- se &#8230;<\/p>\n","protected":false},"author":2,"featured_media":12508,"comment_status":"open","ping_status":"open","sticky":false,"template":"","format":"standard","meta":{"footnotes":""},"categories":[6],"tags":[],"class_list":["post-12507","post","type-post","status-publish","format-standard","has-post-thumbnail","hentry","category-regionales"],"_links":{"self":[{"href":"https:\/\/www.radiolimari.cl\/index.php?rest_route=\/wp\/v2\/posts\/12507","targetHints":{"allow":["GET"]}}],"collection":[{"href":"https:\/\/www.radiolimari.cl\/index.php?rest_route=\/wp\/v2\/posts"}],"about":[{"href":"https:\/\/www.radiolimari.cl\/index.php?rest_route=\/wp\/v2\/types\/post"}],"author":[{"embeddable":true,"href":"https:\/\/www.radiolimari.cl\/index.php?rest_route=\/wp\/v2\/users\/2"}],"replies":[{"embeddable":true,"href":"https:\/\/www.radiolimari.cl\/index.php?rest_route=%2Fwp%2Fv2%2Fcomments&post=12507"}],"version-history":[{"count":1,"href":"https:\/\/www.radiolimari.cl\/index.php?rest_route=\/wp\/v2\/posts\/12507\/revisions"}],"predecessor-version":[{"id":12509,"href":"https:\/\/www.radiolimari.cl\/index.php?rest_route=\/wp\/v2\/posts\/12507\/revisions\/12509"}],"wp:featuredmedia":[{"embeddable":true,"href":"https:\/\/www.radiolimari.cl\/index.php?rest_route=\/wp\/v2\/media\/12508"}],"wp:attachment":[{"href":"https:\/\/www.radiolimari.cl\/index.php?rest_route=%2Fwp%2Fv2%2Fmedia&parent=12507"}],"wp:term":[{"taxonomy":"category","embeddable":true,"href":"https:\/\/www.radiolimari.cl\/index.php?rest_route=%2Fwp%2Fv2%2Fcategories&post=12507"},{"taxonomy":"post_tag","embeddable":true,"href":"https:\/\/www.radiolimari.cl\/index.php?rest_route=%2Fwp%2Fv2%2Ftags&post=12507"}],"curies":[{"name":"wp","href":"https:\/\/api.w.org\/{rel}","templated":true}]}}