{"id":12504,"date":"2025-05-14T21:02:47","date_gmt":"2025-05-14T21:02:47","guid":{"rendered":"https:\/\/www.radiolimari.cl\/?p=12504"},"modified":"2025-05-14T21:02:47","modified_gmt":"2025-05-14T21:02:47","slug":"instituciones-se-preparan-para-prevenir-y-actuar-ante-contingencias-durante-el-invierno-en-la-provincia-de-limari","status":"publish","type":"post","link":"https:\/\/www.radiolimari.cl\/?p=12504","title":{"rendered":"Instituciones se preparan para prevenir y actuar ante contingencias durante el invierno en la Provincia de Limar\u00ed."},"content":{"rendered":"\n<figure class=\"wp-block-image size-large\"><a href=\"https:\/\/www.radiolimari.cl\/wp-content\/uploads\/2025\/05\/14.5-cogrid-MAPA-DE-PUNTOS-CRITICOS.jpg\"><img fetchpriority=\"high\" decoding=\"async\" width=\"1024\" height=\"699\" src=\"https:\/\/www.radiolimari.cl\/wp-content\/uploads\/2025\/05\/14.5-cogrid-MAPA-DE-PUNTOS-CRITICOS-1024x699.jpg\" alt=\"\" class=\"wp-image-12505\" srcset=\"https:\/\/www.radiolimari.cl\/wp-content\/uploads\/2025\/05\/14.5-cogrid-MAPA-DE-PUNTOS-CRITICOS-1024x699.jpg 1024w, https:\/\/www.radiolimari.cl\/wp-content\/uploads\/2025\/05\/14.5-cogrid-MAPA-DE-PUNTOS-CRITICOS-300x205.jpg 300w, https:\/\/www.radiolimari.cl\/wp-content\/uploads\/2025\/05\/14.5-cogrid-MAPA-DE-PUNTOS-CRITICOS-768x524.jpg 768w, https:\/\/www.radiolimari.cl\/wp-content\/uploads\/2025\/05\/14.5-cogrid-MAPA-DE-PUNTOS-CRITICOS.jpg 1181w\" sizes=\"(max-width: 1024px) 100vw, 1024px\" \/><\/a><\/figure>\n\n\n\n<p><strong><em>El COGRID se encuentra trabajando en prevenci\u00f3n y mitigaci\u00f3n de puntos cr\u00edticos en la provincia de Limar\u00ed.<\/em><\/strong><\/p>\n\n\n\n<p>El Comit\u00e9 para la Gesti\u00f3n del Riesgo de Desastres (COGRID) de la provincia de Limar\u00ed, sesion\u00f3 para trabajar de cara al plan de invierno 2025. En esta instancia, el servicio p\u00fablico a trav\u00e9s de los servicios del Estado, y tambi\u00e9n instituciones privadas, se coordinan, planifican y dirigen intersectorialmente, los cursos de acci\u00f3n ante la ocurrencia de una emergencia, desastre o cat\u00e1strofe que afecte o pueda afectar el territorio provincial.&nbsp; Esto, siempre en coordinaci\u00f3n con los municipios y sus respectivos equipos de emergencia.<\/p>\n\n\n\n<p>La temporada invernal y la temporada estivalconforman un \u201cciclo\u201d en el que se intensifican o disminuyen cierto tipo de amenazas. En este sentido, a trav\u00e9s de SENAPRED se han identificado las principales amenazas en la regi\u00f3n de Coquimbo, que incluyen Sismos, Tsunamis,&nbsp; lluvias, tormentas el\u00e9ctricas, vientos, remociones en masa, inundaciones, olas de calor, marejadas, incendios, emergencias mineras, socavones y otras.&nbsp;<\/p>\n\n\n\n<p>En cuanto a los puntos cr\u00edticos de la provincia de Limar\u00ed, se han detectado o informado , un total de 383 en total de los cuales en Ovalle hay 87, Combarbal\u00e1 85, Monte Patria 141, 39 R\u00edo Hurtado 0y 31 Punitaqui. Esta informaci\u00f3n&nbsp; es entregada principalmente por los equipos comunales de emergencia de cada municipio y cargados en la plataforma&nbsp; <a href=\"https:\/\/web.senapred.cl\/puntos-criticos-programa-invierno\/\">https:\/\/web.senapred.cl\/puntos-criticos-programa-invierno\/<\/a><\/p>\n\n\n\n<p>Quien lidera el COGRID es el Delegado Presidencial de Limar\u00ed, Eduardo Alcayaga, quien indic\u00f3 respecto de este trabajo que \u201cnos hemos puesto al d\u00eda en los procedimientos y acciones a realizar con respecto a los deberes de cada instituci\u00f3n y los conductos de acci\u00f3n y flujos de informaci\u00f3n, de manera de responder adecuadamente, pero ante todo estar preparados. Analizamos las implicancias del Plan de Invierno 2025, donde esperamos que llueva bastante y estar preparado para ello. Estamos justamente coordinando, viendo responsabilidades y tambi\u00e9n la forma de mitigaci\u00f3n que cada uno de los servicios ha realizado o debe ir realizando\u201d.<\/p>\n\n\n\n<p>Por su parte,&nbsp; Alfonso Sep\u00falveda, jefe del Departamento de Reducci\u00f3n del Riesgo de Desastres de SENAPRED&nbsp; \u201cEstablecimos este COGRID donde analizamos todas las implicancias de la fase de mitigaci\u00f3n y preparaci\u00f3n, que es s\u00faper importante en pos de lo que viene la temporada de invierno, lo que se inform\u00f3 hoy d\u00eda dentro de los t\u00f3picos fue justamente cu\u00e1l es el panorama provincial, c\u00f3mo est\u00e1 la provincia respecto de los puntos cr\u00edticos que ha levantado cada una de las comunas. En ese sentido, se puede decir que ellos est\u00e1n levantando y trabajando la informaci\u00f3n a nivel provincial y tienen que ver c\u00f3mo los subsanan o los pueden mitigar\u201d.<\/p>\n\n\n\n<p>Para el conocimiento p\u00fablico, la composici\u00f3n del COGRID Provincial est\u00e1 integrado de manera permanente por:<\/p>\n\n\n\n<p><a><\/a><a><strong>Organismos integrantes del COGRID, Provincial<\/strong><\/a>:<\/p>\n\n\n\n<ul class=\"wp-block-list\">\n<li>Delegaci\u00f3n Presidencial Provincial De Limar\u00ed.<ul><li>Unidad de Emergencias Contingencias y Seguridad P\u00fablica.<\/li><\/ul><ul><li>Unidad apoyo t\u00e9cnico Limar\u00ed, Gobierno Regional.<\/li><\/ul><ul><li>Prefectura de Carabineros de Chile.<\/li><\/ul><ul><li>Cuerpo de Bomberos Provincial.<\/li><\/ul><ul><li>Delegaci\u00f3n Provincial de Vialidad Limar\u00ed.<\/li><\/ul><ul><li>Oficina comunal de la Seremi de Salud.<\/li><\/ul><ul><li>Polic\u00eda de Investigaciones (PDI).<\/li><\/ul><ul><li>Gendarmer\u00eda (CDP Ovalle)<\/li><\/ul>\n<ul class=\"wp-block-list\">\n<li>Departamento de Prensa DPP Limar\u00ed.<\/li>\n<\/ul>\n<\/li>\n<\/ul>\n\n\n\n<p>Adem\u00e1s, el delegado presidencial de Limar\u00ed podr\u00e1 convocar a cualquier sesi\u00f3n del Comit\u00e9 Provincial, a otros servicios, Organismos P\u00fablicos y Privados con las competencias t\u00e9cnicas que resulten necesarias para abordar temas relacionados con algunas de las fases del Ciclo de Riesgo de Desastres, como por ejemplo:<\/p>\n\n\n\n<ul class=\"wp-block-list\">\n<li>Compa\u00f1\u00eda General de Electricidad S.A. (CGE).<ul><li>Hospital de Ovalle.<\/li><\/ul><ul><li>Corporaci\u00f3n Nacional Forestal (CONAF).<\/li><\/ul><ul><li>Departamento Provincial SERVIU, Limar\u00ed.<\/li><\/ul><ul><li>\u00c1rea INDAP, Ovalle<\/li><\/ul><ul><li>Ej\u00e9rcito de Chile<\/li><\/ul><ul><li>Armada de Chile<\/li><\/ul><ul><li>Seremi de Transportes y Telecomunicaciones.<\/li><\/ul><ul><li>SAMU, Ovalle<\/li><\/ul><ul><li>Direcci\u00f3n Provincial de Educaci\u00f3n.<\/li><\/ul><ul><li>Direcci\u00f3n general de Aguas (Of. Provincial).<\/li><\/ul><ul><li>DOH Direcci\u00f3n Obras Hidr\u00e1ulicas (Of. Provincial)<\/li><\/ul>\n<ul class=\"wp-block-list\">\n<li>Club A\u00e9reo<\/li>\n<\/ul>\n<\/li>\n<\/ul>\n","protected":false},"excerpt":{"rendered":"<p>El COGRID se encuentra trabajando en prevenci\u00f3n y mitigaci\u00f3n de puntos cr\u00edticos en la provincia de Limar\u00ed. El Comit\u00e9 para la Gesti\u00f3n del Riesgo de Desastres (COGRID) de la provincia de Limar\u00ed, sesion\u00f3 para trabajar de cara al plan de invierno 2025. En esta instancia, el servicio p\u00fablico a trav\u00e9s de los servicios del Estado, &#8230;<\/p>\n","protected":false},"author":2,"featured_media":12505,"comment_status":"open","ping_status":"open","sticky":false,"template":"","format":"standard","meta":{"footnotes":""},"categories":[5],"tags":[],"class_list":["post-12504","post","type-post","status-publish","format-standard","has-post-thumbnail","hentry","category-actualidad-limarina"],"_links":{"self":[{"href":"https:\/\/www.radiolimari.cl\/index.php?rest_route=\/wp\/v2\/posts\/12504","targetHints":{"allow":["GET"]}}],"collection":[{"href":"https:\/\/www.radiolimari.cl\/index.php?rest_route=\/wp\/v2\/posts"}],"about":[{"href":"https:\/\/www.radiolimari.cl\/index.php?rest_route=\/wp\/v2\/types\/post"}],"author":[{"embeddable":true,"href":"https:\/\/www.radiolimari.cl\/index.php?rest_route=\/wp\/v2\/users\/2"}],"replies":[{"embeddable":true,"href":"https:\/\/www.radiolimari.cl\/index.php?rest_route=%2Fwp%2Fv2%2Fcomments&post=12504"}],"version-history":[{"count":1,"href":"https:\/\/www.radiolimari.cl\/index.php?rest_route=\/wp\/v2\/posts\/12504\/revisions"}],"predecessor-version":[{"id":12506,"href":"https:\/\/www.radiolimari.cl\/index.php?rest_route=\/wp\/v2\/posts\/12504\/revisions\/12506"}],"wp:featuredmedia":[{"embeddable":true,"href":"https:\/\/www.radiolimari.cl\/index.php?rest_route=\/wp\/v2\/media\/12505"}],"wp:attachment":[{"href":"https:\/\/www.radiolimari.cl\/index.php?rest_route=%2Fwp%2Fv2%2Fmedia&parent=12504"}],"wp:term":[{"taxonomy":"category","embeddable":true,"href":"https:\/\/www.radiolimari.cl\/index.php?rest_route=%2Fwp%2Fv2%2Fcategories&post=12504"},{"taxonomy":"post_tag","embeddable":true,"href":"https:\/\/www.radiolimari.cl\/index.php?rest_route=%2Fwp%2Fv2%2Ftags&post=12504"}],"curies":[{"name":"wp","href":"https:\/\/api.w.org\/{rel}","templated":true}]}}