{"id":12472,"date":"2025-05-12T12:57:52","date_gmt":"2025-05-12T12:57:52","guid":{"rendered":"https:\/\/www.radiolimari.cl\/?p=12472"},"modified":"2025-05-12T12:57:53","modified_gmt":"2025-05-12T12:57:53","slug":"tras-suicidio-de-estudiante-corte-acredita-acoso-escolar-y-falta-de-protocolo-de-colegio-en-la-serena","status":"publish","type":"post","link":"https:\/\/www.radiolimari.cl\/?p=12472","title":{"rendered":"Tras suicidio de estudiante: Corte acredita acoso escolar y falta de protocolo de Colegio En La Serena"},"content":{"rendered":"\n<figure class=\"wp-block-image size-full\"><a href=\"https:\/\/www.radiolimari.cl\/wp-content\/uploads\/2025\/05\/12.5-foto-acusado.jpg\"><img fetchpriority=\"high\" decoding=\"async\" width=\"1024\" height=\"683\" src=\"https:\/\/www.radiolimari.cl\/wp-content\/uploads\/2025\/05\/12.5-foto-acusado.jpg\" alt=\"\" class=\"wp-image-12473\" srcset=\"https:\/\/www.radiolimari.cl\/wp-content\/uploads\/2025\/05\/12.5-foto-acusado.jpg 1024w, https:\/\/www.radiolimari.cl\/wp-content\/uploads\/2025\/05\/12.5-foto-acusado-300x200.jpg 300w, https:\/\/www.radiolimari.cl\/wp-content\/uploads\/2025\/05\/12.5-foto-acusado-768x512.jpg 768w\" sizes=\"(max-width: 1024px) 100vw, 1024px\" \/><\/a><\/figure>\n\n\n\n<p>En julio del 2023 la vida de una familia de La Serena cambi\u00f3. Una menor de edad del Colegio Ger\u00f3nimo Rendic de La Serena se quit\u00f3 la vida, seg\u00fan sus padres, por los contantes hechos de acoso escolar y amenazas por redes sociales sufridos durante dos a\u00f1os. El hecho fue llevado a Tribunales por la familia donde a trav\u00e9s del abogado Rodrigo Valdivia Brice\u00f1o interpusieron una demanda en el primer Juzgado de Letras de La Serena donde lograron acreditar a trav\u00e9s de una sentencia que la menor fue hostigada por alumnos y que el Colegio no aplic\u00f3 correctamente su reglamento interno y protocolos.<\/p>\n\n\n\n<p>El Colegio debe indemnizar a la familia con 25 millones de pesos seg\u00fan la sentencia del Juzgado de Letras. El abogado, Rodrigo Valdivia explica, <em>\u201c<\/em><em>una ni\u00f1ita que se suicid\u00f3 en el Colegio Ger\u00f3nimo &nbsp;Rendic por consecuencia directa del bullying que recibi\u00f3 dentro del colegio. Este acoso fue acreditado al menos con la sentencia condenatoria en contra del Colegio por 25 millones de pesos los cuales b\u00e1sicamente se expone en la sentencia que el colegio incumpli\u00f3 la normativa en cuanto al resguardo de convivencia escolar\u201d<\/em><\/p>\n\n\n\n<p>La sentencia, se\u00f1ala, \u201c<em>se ha logrado acreditarse que el Colegio Ger\u00f3nimo Rendic de La Serena no aplic\u00f3 correctamente su reglamento interno y protocolos, ya que no contaba con Encargado de Convivencia Escolar, y que se vulner\u00f3 los derechos de los alumnos al aplicar protocolos no ajustados a la normativa educacional vigente\u201d.<\/em><\/p>\n\n\n\n<p>El abogado Rodrigo Valdivia tambi\u00e9n comenta que el juicio fue dif\u00edcil porque la familia no recibi\u00f3 el apoyo esperado de otros apoderados y comunidad escolar que los dejaron solos, <em>\u201c<\/em><em>es una sentencia que nos trae bastante satisfacci\u00f3n profesional porque tuvo un compromiso con la familia, ellos se sintieron solos, abandonados, silenciados por el colegio muchos apoderados le dieron la espalda para que decir, la espalda que le dieron la parte directiva del colegio\u201d<\/em><\/p>\n\n\n\n<p>En la demanda acusa los constantes hechos de violencia escolar que sufri\u00f3 la menor por parte de otros alumnos, tambi\u00e9n se se\u00f1ala que sufri\u00f3 bullyng de profesores e inspectores, pero en la sentencia eso no se logr\u00f3 acreditar.<\/p>\n\n\n\n<p>Sin embargo, el abogado Valdivia Brice\u00f1o se\u00f1alaron que apelar\u00e1n, <em>\u201c<\/em><em>estamos contentos porque se logr\u00f3 acreditar violencia escolar y que no se activaron protocolos, pero as\u00ed y todo vamos a recurrir a la Corte de Apelaciones de la Serena para buscar aumentar los montos que la jueza de primera instancia estableci\u00f3 como el monto que conden\u00f3 al Colegio Ger\u00f3nimo Rendic a una indemnizaci\u00f3n de perjuicios por 25 millones\u201d<\/em><\/p>\n","protected":false},"excerpt":{"rendered":"<p>En julio del 2023 la vida de una familia de La Serena cambi\u00f3. Una menor de edad del Colegio Ger\u00f3nimo Rendic de La Serena se quit\u00f3 la vida, seg\u00fan sus padres, por los contantes hechos de acoso escolar y amenazas por redes sociales sufridos durante dos a\u00f1os. El hecho fue llevado a Tribunales por la &#8230;<\/p>\n","protected":false},"author":2,"featured_media":12473,"comment_status":"open","ping_status":"open","sticky":false,"template":"","format":"standard","meta":{"footnotes":""},"categories":[6],"tags":[],"class_list":["post-12472","post","type-post","status-publish","format-standard","has-post-thumbnail","hentry","category-regionales"],"_links":{"self":[{"href":"https:\/\/www.radiolimari.cl\/index.php?rest_route=\/wp\/v2\/posts\/12472","targetHints":{"allow":["GET"]}}],"collection":[{"href":"https:\/\/www.radiolimari.cl\/index.php?rest_route=\/wp\/v2\/posts"}],"about":[{"href":"https:\/\/www.radiolimari.cl\/index.php?rest_route=\/wp\/v2\/types\/post"}],"author":[{"embeddable":true,"href":"https:\/\/www.radiolimari.cl\/index.php?rest_route=\/wp\/v2\/users\/2"}],"replies":[{"embeddable":true,"href":"https:\/\/www.radiolimari.cl\/index.php?rest_route=%2Fwp%2Fv2%2Fcomments&post=12472"}],"version-history":[{"count":1,"href":"https:\/\/www.radiolimari.cl\/index.php?rest_route=\/wp\/v2\/posts\/12472\/revisions"}],"predecessor-version":[{"id":12474,"href":"https:\/\/www.radiolimari.cl\/index.php?rest_route=\/wp\/v2\/posts\/12472\/revisions\/12474"}],"wp:featuredmedia":[{"embeddable":true,"href":"https:\/\/www.radiolimari.cl\/index.php?rest_route=\/wp\/v2\/media\/12473"}],"wp:attachment":[{"href":"https:\/\/www.radiolimari.cl\/index.php?rest_route=%2Fwp%2Fv2%2Fmedia&parent=12472"}],"wp:term":[{"taxonomy":"category","embeddable":true,"href":"https:\/\/www.radiolimari.cl\/index.php?rest_route=%2Fwp%2Fv2%2Fcategories&post=12472"},{"taxonomy":"post_tag","embeddable":true,"href":"https:\/\/www.radiolimari.cl\/index.php?rest_route=%2Fwp%2Fv2%2Ftags&post=12472"}],"curies":[{"name":"wp","href":"https:\/\/api.w.org\/{rel}","templated":true}]}}