{"id":12460,"date":"2025-05-01T15:34:32","date_gmt":"2025-05-01T15:34:32","guid":{"rendered":"https:\/\/www.radiolimari.cl\/?p=12460"},"modified":"2025-05-01T15:34:32","modified_gmt":"2025-05-01T15:34:32","slug":"ovalle-se-suma-a-la-red-local-de-apoyos-y-cuidados-para-entregar-atencion-a-mas-70-hogares","status":"publish","type":"post","link":"https:\/\/www.radiolimari.cl\/?p=12460","title":{"rendered":"Ovalle se suma a la Red Local de Apoyos y Cuidados para entregar atenci\u00f3n a m\u00e1s 70 hogares."},"content":{"rendered":"\n<figure class=\"wp-block-gallery has-nested-images columns-default is-cropped wp-block-gallery-1 is-layout-flex wp-block-gallery-is-layout-flex\">\n<figure class=\"wp-block-image size-large\"><a href=\"https:\/\/www.radiolimari.cl\/wp-content\/uploads\/2025\/05\/RED-LOCAL-OVALLE-3.jpeg\"><img fetchpriority=\"high\" decoding=\"async\" width=\"1024\" height=\"768\" data-id=\"12461\" src=\"https:\/\/www.radiolimari.cl\/wp-content\/uploads\/2025\/05\/RED-LOCAL-OVALLE-3-1024x768.jpeg\" alt=\"\" class=\"wp-image-12461\" srcset=\"https:\/\/www.radiolimari.cl\/wp-content\/uploads\/2025\/05\/RED-LOCAL-OVALLE-3-1024x768.jpeg 1024w, https:\/\/www.radiolimari.cl\/wp-content\/uploads\/2025\/05\/RED-LOCAL-OVALLE-3-300x225.jpeg 300w, https:\/\/www.radiolimari.cl\/wp-content\/uploads\/2025\/05\/RED-LOCAL-OVALLE-3-768x576.jpeg 768w, https:\/\/www.radiolimari.cl\/wp-content\/uploads\/2025\/05\/RED-LOCAL-OVALLE-3-1536x1152.jpeg 1536w, https:\/\/www.radiolimari.cl\/wp-content\/uploads\/2025\/05\/RED-LOCAL-OVALLE-3.jpeg 1600w\" sizes=\"(max-width: 1024px) 100vw, 1024px\" \/><\/a><\/figure>\n<\/figure>\n\n\n\n<p><strong>A la fecha, este programa cuenta con presencia en 8 comunas de la Regi\u00f3n de Coquimbo, permitiendo brindar atenci\u00f3n a hogares con integrantes de cualquier edad con dependencia moderada y severa, junto con su persona cuidadora.<\/strong><\/p>\n\n\n\n<p>En Ovalle se realiz\u00f3 el lanzamiento de la Red Local de Apoyos y Cuidados, que lleg\u00f3 a la capital limarina a gracias al Ministerio de Desarrollo Social y Familia. Este programa est\u00e1 destinado a ayudar al bienestar de hogares con al menos un integrante en situaci\u00f3n de dependencia, mitigando la carga de trabajo de las personas cuidadoras.<\/p>\n\n\n\n<p>Al respecto, el Seremi de Desarrollo Social y Familia, Celso L\u00f3pez, destac\u00f3 que \u00aben un momento que es bien complejo para las arcas fiscales a nivel del aparato p\u00fablico, tenemos bastantes restricciones. Una de las pocas partidas del aparato p\u00fablico que creci\u00f3, que se multiplic\u00f3 por tres, es todo lo vinculado al Sistema Nacional de Apoyos y Cuidados, entendiendo que es una pol\u00edtica prioritaria del Gobierno. Y esto es un tema cultural, hasta hace poco tiempo atr\u00e1s todo el sistema de cuidados no estaba considerado como parte de las preocupaciones de la pol\u00edtica p\u00fablica. Y s\u00f3lo a partir de este Gobierno, por iniciativa del Presidente, Gabriel Boric, se incorpor\u00f3. A nivel nacional, y en el caso de Ovalle, los recursos que se van a tener para el sistema de cuidados se van a multiplicar\u00bb.<\/p>\n\n\n\n<p>De esta forma, el programa que se enmarca en Chile Cuida, en Ovalle proyecta la atenci\u00f3n domiciliaria a 71 hogares, enfocada en actividades estandarizadas en materia de atenci\u00f3n personal, de apoyo en el hogar y fomento de la autonom\u00eda e inclusi\u00f3n social. Tambi\u00e9n se incluyen servicios especializados como podolog\u00eda, peluquer\u00eda, kinesiolog\u00eda, terapia ocupacional, ayudas t\u00e9cnicas, adaptaciones funcionales a la vivienda y movilizaci\u00f3n.&nbsp;<\/p>\n\n\n\n<p>A su vez, el alcalde de Ovalle, H\u00e9ctor Vega, expres\u00f3 estar \u00abmuy contento por el lanzamiento, que es un programa in\u00e9dito y \u00fanico, y por primera vez va a estar en Ovalle que es el Programa Red Local de Apoyos y Cuidados, as\u00ed que contento por estos cupos, que logramos obtener este a\u00f1o, e ideal todav\u00eda que se van a aumentar los cupos durante el pr\u00f3ximo a\u00f1o alrededor de 200 (&#8230;) y reforzar los apoyos,&nbsp; especialmente algo que no se est\u00e1 visibilizando mucho, con esto creo que le estamos dando visibilidad, nos estamos haciendo cargo y estamos trabajando con el Ministerio de Desarrollo Social y Familia para poder apoyarlo y ayudar especialmente a las personas cuidadoras\u00bb.<\/p>\n\n\n\n<p>A la fecha, el Programa Red Local de Apoyos y Cuidados cuenta con presencia en las comunas de Los Vilos, Monte Patria, Paihuano, Salamanca, Combarbal\u00e1, Coquimbo, Illapel y Ovalle, sumando entre todas, una inversi\u00f3n estatal sobre los $900 millones, lo que permite la atenci\u00f3n proyectada de un total 416 hogares.<\/p>\n","protected":false},"excerpt":{"rendered":"<p>A la fecha, este programa cuenta con presencia en 8 comunas de la Regi\u00f3n de Coquimbo, permitiendo brindar atenci\u00f3n a hogares con integrantes de cualquier edad con dependencia moderada y severa, junto con su persona cuidadora. En Ovalle se realiz\u00f3 el lanzamiento de la Red Local de Apoyos y Cuidados, que lleg\u00f3 a la capital &#8230;<\/p>\n","protected":false},"author":2,"featured_media":12461,"comment_status":"open","ping_status":"open","sticky":false,"template":"","format":"standard","meta":{"footnotes":""},"categories":[6],"tags":[],"class_list":["post-12460","post","type-post","status-publish","format-standard","has-post-thumbnail","hentry","category-regionales"],"_links":{"self":[{"href":"https:\/\/www.radiolimari.cl\/index.php?rest_route=\/wp\/v2\/posts\/12460","targetHints":{"allow":["GET"]}}],"collection":[{"href":"https:\/\/www.radiolimari.cl\/index.php?rest_route=\/wp\/v2\/posts"}],"about":[{"href":"https:\/\/www.radiolimari.cl\/index.php?rest_route=\/wp\/v2\/types\/post"}],"author":[{"embeddable":true,"href":"https:\/\/www.radiolimari.cl\/index.php?rest_route=\/wp\/v2\/users\/2"}],"replies":[{"embeddable":true,"href":"https:\/\/www.radiolimari.cl\/index.php?rest_route=%2Fwp%2Fv2%2Fcomments&post=12460"}],"version-history":[{"count":1,"href":"https:\/\/www.radiolimari.cl\/index.php?rest_route=\/wp\/v2\/posts\/12460\/revisions"}],"predecessor-version":[{"id":12462,"href":"https:\/\/www.radiolimari.cl\/index.php?rest_route=\/wp\/v2\/posts\/12460\/revisions\/12462"}],"wp:featuredmedia":[{"embeddable":true,"href":"https:\/\/www.radiolimari.cl\/index.php?rest_route=\/wp\/v2\/media\/12461"}],"wp:attachment":[{"href":"https:\/\/www.radiolimari.cl\/index.php?rest_route=%2Fwp%2Fv2%2Fmedia&parent=12460"}],"wp:term":[{"taxonomy":"category","embeddable":true,"href":"https:\/\/www.radiolimari.cl\/index.php?rest_route=%2Fwp%2Fv2%2Fcategories&post=12460"},{"taxonomy":"post_tag","embeddable":true,"href":"https:\/\/www.radiolimari.cl\/index.php?rest_route=%2Fwp%2Fv2%2Ftags&post=12460"}],"curies":[{"name":"wp","href":"https:\/\/api.w.org\/{rel}","templated":true}]}}