{"id":12441,"date":"2025-04-22T03:03:13","date_gmt":"2025-04-22T03:03:13","guid":{"rendered":"https:\/\/www.radiolimari.cl\/?p=12441"},"modified":"2025-04-22T03:03:14","modified_gmt":"2025-04-22T03:03:14","slug":"inician-las-obras-de-mejoramiento-e-implementacion-de-alumbrado-publico-en-pueblo-hundido-comuna-de-monte-patria","status":"publish","type":"post","link":"https:\/\/www.radiolimari.cl\/?p=12441","title":{"rendered":"Inician las obras de mejoramiento e implementaci\u00f3n de alumbrado p\u00fablico en Pueblo Hundido, comuna de Monte Patria."},"content":{"rendered":"\n<figure class=\"wp-block-gallery has-nested-images columns-default is-cropped wp-block-gallery-1 is-layout-flex wp-block-gallery-is-layout-flex\">\n<figure class=\"wp-block-image size-large\"><a href=\"https:\/\/www.radiolimari.cl\/wp-content\/uploads\/2025\/04\/HITO-OBRA-DE-CONFIANZA-QUIERO-MI-BARRIO_26-scaled.jpg\"><img fetchpriority=\"high\" decoding=\"async\" width=\"1024\" height=\"683\" data-id=\"12442\" src=\"https:\/\/www.radiolimari.cl\/wp-content\/uploads\/2025\/04\/HITO-OBRA-DE-CONFIANZA-QUIERO-MI-BARRIO_26-1024x683.jpg\" alt=\"\" class=\"wp-image-12442\" srcset=\"https:\/\/www.radiolimari.cl\/wp-content\/uploads\/2025\/04\/HITO-OBRA-DE-CONFIANZA-QUIERO-MI-BARRIO_26-1024x683.jpg 1024w, https:\/\/www.radiolimari.cl\/wp-content\/uploads\/2025\/04\/HITO-OBRA-DE-CONFIANZA-QUIERO-MI-BARRIO_26-300x200.jpg 300w, https:\/\/www.radiolimari.cl\/wp-content\/uploads\/2025\/04\/HITO-OBRA-DE-CONFIANZA-QUIERO-MI-BARRIO_26-768x512.jpg 768w, https:\/\/www.radiolimari.cl\/wp-content\/uploads\/2025\/04\/HITO-OBRA-DE-CONFIANZA-QUIERO-MI-BARRIO_26-1536x1024.jpg 1536w, https:\/\/www.radiolimari.cl\/wp-content\/uploads\/2025\/04\/HITO-OBRA-DE-CONFIANZA-QUIERO-MI-BARRIO_26-2048x1365.jpg 2048w\" sizes=\"(max-width: 1024px) 100vw, 1024px\" \/><\/a><\/figure>\n<\/figure>\n\n\n\n<p><strong><em>Se instalar\u00e1n 49 luminarias con la finalidad de que el sector sea m\u00e1s seguro para el tr\u00e1nsito de la comunidad.<\/em><\/strong><\/p>\n\n\n\n<p><strong><em><br><\/em><\/strong>Mediante una ceremonia se dio inicio a las obras de mejoramiento e implementaci\u00f3n del alumbrado p\u00fablico del barrio Pueblo Hundido, comuna de Monte Patria, propuesta trabajada gracias al funcionamiento del programa Quiero Mi Barrio. Esta, su obra de confianza, consta de un proyecto de luminarias, licitaci\u00f3n de 80 millones de pesos con financiamiento del Ministerio de Vivienda y Urbanismo, m\u00e1s un aporte municipal de cinco millones de pesos, que les permitir\u00e1 instalar un total de 49 luminarias con la finalidad de que el sector sea m\u00e1s seguro para transitar.<\/p>\n\n\n\n<p><strong>\u201cSe adjudicaron proyectos de subvenciones municipales para el sector y se aprob\u00f3 el puente que une Pueblo Hundido con Vista Hermosa. Pero especialmente, se dio inicio a la obra de confianza del programa Quiero Mi Barrio con la iluminaci\u00f3n de 49 focos en distintos puntos de este pol\u00edgono de Pueblo Hundido, que les va a entregar mayor seguridad. Estamos muy contentos porque estamos avanzando y se nota\u201d, <\/strong>destac\u00f3 el alcalde de Monte Patria, Cristian Herrera.<\/p>\n\n\n\n<p>Clara Milla, presidenta de la Junta de Vecinos de&nbsp;Pueblo Hundido, agradeci\u00f3 a los representantes de las entidades por hacer esto posible.<strong> \u201cEs una alegr\u00eda inmensa que tenemos en este momento. Esto va a ser un bienestar muy lindo porque hab\u00eda mucha inseguridad. Con esto vamos a estar m\u00e1s tranquilos porque ya no van a ver esos focos de oscuridad, que uno sal\u00eda y andaba muy preocupado\u201d, <\/strong>detall\u00f3.&nbsp;<\/p>\n\n\n\n<p>La idea de este programa de mejoramiento es que abarque una r\u00e1pida gesti\u00f3n, ejecuci\u00f3n y visibilidad, no presentando gran complejidad. En ese sentido, los mismos vecinos son parte del acta de validaci\u00f3n, siendo actores claves en la recuperaci\u00f3n del territorio en un trabajo colaborativo con la Municipalidad de Monte Patria, el Serviu y el Ministerio de Vivienda y Urbanismo (Minvu).<\/p>\n\n\n\n<p><strong>\u201cLo bonito de este programa es que la inversi\u00f3n que vamos a hacer es consensuada con ellos y con ellas. As\u00ed que partimos el proceso de inversi\u00f3n iluminando el sector de Pueblo Hundido ac\u00e1 en Monte Patria, as\u00ed que felicidades a los vecinos. Nos esperan meses y un par de a\u00f1os de inversiones para mejorar su vivienda, su espacio p\u00fablico y su calidad de vida\u201d,<\/strong> expres\u00f3 Jos\u00e9 Manuel Peralta, seremi del Minvu.<\/p>\n\n\n\n<p><br>El delegado presidencial regional (s) de Coquimbo, Eduardo Alcayaga se\u00f1al\u00f3 que \u201c<strong>estamos participando con los vecinos en un hito muy importante, que es la obra de confianza que ellos definieron a trav\u00e9s de la participaci\u00f3n con poner luminarias y recuperar la seguridad, esa sensaci\u00f3n que nos invade y que muchas veces est\u00e1 motivada por factores externos. Entendemos que Monte Patria es una comuna tranquila, pero bien, estamos acompa\u00f1ando a nuestro alcalde para darle el realce a este tipo de programas que le va a cambiar la vida al entorno y las familias\u201d.<\/strong><\/p>\n\n\n\n<p>En la gesti\u00f3n municipal, se ha dado \u00e9nfasis en levantar proyectos de mejoramiento de la calidad de vida como ha sido este mismo inicio de obras de mejoramiento e implementaci\u00f3n de alumbrado en Pueblo Hundido y tambi\u00e9n con el cierre del programa Quiero mi Barrio con la apertura de la nueva Plaza Barrial en la Villa Esperanza Juvenil.<\/p>\n\n\n\n<p><strong>Patrullajes nocturnos<\/strong><\/p>\n\n\n\n<p>Los vecinos presentaron una serie de demandas relacionadas con la inseguridad en las calles y pasajes por la falta de luminarias, la no apropiaci\u00f3n de los espacios p\u00fablicos por la noche, la inseguridad en espacios de encuentro, la accesibilidad para los adultos mayores del barrio, el abandono y exceso de basura en el canal, los puntos de delincuencia y la drogadicci\u00f3n que se evidencia en el lugar.<\/p>\n\n\n\n<p><strong>\u201cEstamos muy contentos como Carabineros con el mejoramiento que se hace a esta calle que ten\u00edamos en oscura, como lo dec\u00eda la gente ac\u00e1 en la poblaci\u00f3n de Pueblo Hundido. Tambi\u00e9n nos va a permitir a nosotros efectuar los patrullajes de mejor manera por el sector, poder ubicar los blancos delictuales que tenemos, sobre todo en horarios nocturnos\u201d,<\/strong> indic\u00f3 Juan Carlos Ju\u00e1rez, capit\u00e1n de la Subcomisar\u00eda de Monte Patria.<\/p>\n","protected":false},"excerpt":{"rendered":"<p>Se instalar\u00e1n 49 luminarias con la finalidad de que el sector sea m\u00e1s seguro para el tr\u00e1nsito de la comunidad. Mediante una ceremonia se dio inicio a las obras de mejoramiento e implementaci\u00f3n del alumbrado p\u00fablico del barrio Pueblo Hundido, comuna de Monte Patria, propuesta trabajada gracias al funcionamiento del programa Quiero Mi Barrio. Esta, &#8230;<\/p>\n","protected":false},"author":2,"featured_media":12442,"comment_status":"open","ping_status":"open","sticky":false,"template":"","format":"standard","meta":{"footnotes":""},"categories":[3],"tags":[],"class_list":["post-12441","post","type-post","status-publish","format-standard","has-post-thumbnail","hentry","category-actualidad"],"_links":{"self":[{"href":"https:\/\/www.radiolimari.cl\/index.php?rest_route=\/wp\/v2\/posts\/12441","targetHints":{"allow":["GET"]}}],"collection":[{"href":"https:\/\/www.radiolimari.cl\/index.php?rest_route=\/wp\/v2\/posts"}],"about":[{"href":"https:\/\/www.radiolimari.cl\/index.php?rest_route=\/wp\/v2\/types\/post"}],"author":[{"embeddable":true,"href":"https:\/\/www.radiolimari.cl\/index.php?rest_route=\/wp\/v2\/users\/2"}],"replies":[{"embeddable":true,"href":"https:\/\/www.radiolimari.cl\/index.php?rest_route=%2Fwp%2Fv2%2Fcomments&post=12441"}],"version-history":[{"count":1,"href":"https:\/\/www.radiolimari.cl\/index.php?rest_route=\/wp\/v2\/posts\/12441\/revisions"}],"predecessor-version":[{"id":12443,"href":"https:\/\/www.radiolimari.cl\/index.php?rest_route=\/wp\/v2\/posts\/12441\/revisions\/12443"}],"wp:featuredmedia":[{"embeddable":true,"href":"https:\/\/www.radiolimari.cl\/index.php?rest_route=\/wp\/v2\/media\/12442"}],"wp:attachment":[{"href":"https:\/\/www.radiolimari.cl\/index.php?rest_route=%2Fwp%2Fv2%2Fmedia&parent=12441"}],"wp:term":[{"taxonomy":"category","embeddable":true,"href":"https:\/\/www.radiolimari.cl\/index.php?rest_route=%2Fwp%2Fv2%2Fcategories&post=12441"},{"taxonomy":"post_tag","embeddable":true,"href":"https:\/\/www.radiolimari.cl\/index.php?rest_route=%2Fwp%2Fv2%2Ftags&post=12441"}],"curies":[{"name":"wp","href":"https:\/\/api.w.org\/{rel}","templated":true}]}}