{"id":12423,"date":"2025-03-20T01:34:54","date_gmt":"2025-03-20T01:34:54","guid":{"rendered":"https:\/\/www.radiolimari.cl\/?p=12423"},"modified":"2025-03-20T01:34:55","modified_gmt":"2025-03-20T01:34:55","slug":"en-la-localidad-de-el-palqui-comuna-de-monte-patria-se-inauguraron-semaforos-para-mayor-seguridad-vial","status":"publish","type":"post","link":"https:\/\/www.radiolimari.cl\/?p=12423","title":{"rendered":"En la localidad de El Palqui, comuna de Monte Patria, se inauguraron sem\u00e1foros para mayor seguridad vial."},"content":{"rendered":"\n<figure class=\"wp-block-gallery has-nested-images columns-default is-cropped wp-block-gallery-1 is-layout-flex wp-block-gallery-is-layout-flex\">\n<figure class=\"wp-block-image size-large\"><a href=\"https:\/\/www.radiolimari.cl\/wp-content\/uploads\/2025\/03\/IMG_8942-scaled.jpg\"><img fetchpriority=\"high\" decoding=\"async\" width=\"1024\" height=\"683\" data-id=\"12424\" src=\"https:\/\/www.radiolimari.cl\/wp-content\/uploads\/2025\/03\/IMG_8942-1024x683.jpg\" alt=\"\" class=\"wp-image-12424\" srcset=\"https:\/\/www.radiolimari.cl\/wp-content\/uploads\/2025\/03\/IMG_8942-1024x683.jpg 1024w, https:\/\/www.radiolimari.cl\/wp-content\/uploads\/2025\/03\/IMG_8942-300x200.jpg 300w, https:\/\/www.radiolimari.cl\/wp-content\/uploads\/2025\/03\/IMG_8942-768x512.jpg 768w, https:\/\/www.radiolimari.cl\/wp-content\/uploads\/2025\/03\/IMG_8942-1536x1024.jpg 1536w, https:\/\/www.radiolimari.cl\/wp-content\/uploads\/2025\/03\/IMG_8942-2048x1365.jpg 2048w\" sizes=\"(max-width: 1024px) 100vw, 1024px\" \/><\/a><\/figure>\n<\/figure>\n\n\n\n<p><strong><em>El proyecto, financiado con el Fondo de Equidad Territorial del Royalty Minero, tuvo un costo total de 55 millones de pesos.<\/em><\/strong><\/p>\n\n\n\n<p>Dar seguridad a los peatones fue el principal prop\u00f3sito de la instalaci\u00f3n de sem\u00e1foros entre las intersecciones de Avenida El Palqui y Pedro Le\u00f3n Gallo, esto en la localidad de El Palqui, comuna de Monte Patria. Y es que este sue\u00f1o por parte de vecinos se hizo realidad, gracias a un proyecto levantado desde el municipio con ayuda del ministerio de Transportes y Telecomunicaciones.<\/p>\n\n\n\n<p>Para la comunidad palquina, la espera termin\u00f3 la tarde del d\u00eda lunes 17 de marzo, cuando los aparatos se encendieron en compa\u00f1\u00eda del alcalde Cristian Herrera Pe\u00f1a, la Seremitt Alejandra Maureira Flores, la comunidad educativa de la escuela El Palqui y vecinos del sector que a menudo transitan por el lugar.<\/p>\n\n\n\n<p><strong>\u201cEstamos muy contentos de inaugurar estos sem\u00e1foros tan requeridos por la comunidad, principalmente, por la escuela El Palqui para poder entregar seguridad a los peatones, los estudiantes, incluso, tambi\u00e9n a los veh\u00edculos que transitan por esta ruta. Cabe destacar que este sem\u00e1foro, nos permite contar con el primer sem\u00e1foro que est\u00e1 conectado al centro de control para hacer gesti\u00f3n de tr\u00e1nsito si as\u00ed se requiere\u201d<\/strong>, expuso&nbsp; Alejandra Maureira Flores, Seremi de Transportes y Telecomunicaciones.<\/p>\n\n\n\n<p>Pasada la cuenta regresiva, los sem\u00e1foros \u2013que son los primeros de la comuna en estar conectado con la Unidad Operativa de Control y Tr\u00e1nsito de la ciudad de La Serena\u2013 comenzaron a funcionar, asombrando a los conductores que se encontraban en la intersecci\u00f3n. <strong>\u201cMe parece excelente, porque vamos avanzando como pueblo, a otra variedad a toda la juventud para que vayan aprendiendo, sobre todo, los conductores en el \u00e1rea del colegio, donde muchos no respetan\u201d<\/strong>, indic\u00f3 Ingrid Brice\u00f1o, vecina del sector.<\/p>\n\n\n\n<p>Por su parte, Esmeralda Segovia, coincide con la visi\u00f3n de Ingrid Brice\u00f1o y resalt\u00f3 el valor del proyecto en la localidad de El Palqui <strong>&nbsp;\u201cantes era un peligro. Recuerdo que cuando tuve a mi hija en la escuela era peligroso que cruzaran los ni\u00f1os y ni\u00f1as sin una protecci\u00f3n y esto va a ser uy bueno. Me parece genial que esto se haya realizado con recursos royalty porque se utilizar\u00e1n en la comunidad\u201d.<\/strong><\/p>\n\n\n\n<p>Los nuevos sem\u00e1foros, cuyo valor de proyecto ascendi\u00f3 a los 55 millones de pesos, tienen distintos tramos de horario y los que, a su vez, poseen diversas fases. Por ejemplo, la fase de las 17.00 horas (cercano al horario punta) tendr\u00e1 un temporizador de 80 segundos para volver a comenzar su ciclo. En ese aspecto, cada sem\u00e1foro tendr\u00e1 una duraci\u00f3n distinta, dependiendo del sentido y direcci\u00f3n vial.<\/p>\n\n\n\n<p><strong>Luz roja, amarilla y verde<\/strong><\/p>\n\n\n\n<p>La instalaci\u00f3n de los sem\u00e1foros era una necesidad de la comunidad que deb\u00eda abordarse con urgencia, debido a que la escuela del sector colinda la carretera en la que transitan veh\u00edculos de carga, buses y autom\u00f3viles. Asimismo, el cambio a un solo sentido de Av. El Palqui -que comenz\u00f3 a principios de enero\u2013 obligar\u00e1 a los conductores a ordenarse, en especial, en el horario punta de la ma\u00f1ana, donde se produc\u00edan tacos y dificultaba el paso de los y las estudiantes que iban en direcci\u00f3n al colegio y personas que usan el transporte p\u00fablico para ir a sus trabajos.<\/p>\n\n\n\n<p>Sin duda, los m\u00e1s felices son los estudiantes, que podr\u00e1n cruzar de forma m\u00e1s segura la carretera y calles aleda\u00f1as entre El Palqui Alto y Bajo <strong>\u201cMe parece bien, porque cuando iba a El Palqui Bajo me era dif\u00edcil cruzar, porque ten\u00edamos que correr, ya que los autos no respetaban a las personas que quer\u00edan pasar hacia el otro lado de la carretera\u201d<\/strong>, explic\u00f3 Isidora, estudiante de la escuela El Palqui.<\/p>\n\n\n\n<p>En tanto, el alcalde Cristian Herrera Pe\u00f1a, impulsor del proyecto y quien trabaj\u00f3 con la cartera de Transportes y Telecomunicaciones, destac\u00f3 la iniciativa como un&nbsp; <strong>\u201cEstuvimos compartiendo con la comunidad educativa que. An a ser usuarios directos de esta medida vial que les permitir\u00e1 transitar de manera mucho m\u00e1s segura, en un espacio donde se requer\u00eda tener ordenamiento distinto. Tenemos el colegio a un lado de la ruta, hacia la parte baja tenemos la poblaci\u00f3n de El Palqui bajo y adem\u00e1s la construcci\u00f3n del nuevo CESFAM, necesit\u00e1bamos regular esta ruta de vialidad\u201d.<\/strong><\/p>\n\n\n\n<p>Cabe se\u00f1alar que estos nuevos sem\u00e1foros fueron financiados con aportes del Fondo Nacional de Equidad Territorial del Royalty Minero que fue entregado al municipio el a\u00f1o 2024.<\/p>\n","protected":false},"excerpt":{"rendered":"<p>El proyecto, financiado con el Fondo de Equidad Territorial del Royalty Minero, tuvo un costo total de 55 millones de pesos. Dar seguridad a los peatones fue el principal prop\u00f3sito de la instalaci\u00f3n de sem\u00e1foros entre las intersecciones de Avenida El Palqui y Pedro Le\u00f3n Gallo, esto en la localidad de El Palqui, comuna de &#8230;<\/p>\n","protected":false},"author":2,"featured_media":12424,"comment_status":"open","ping_status":"open","sticky":false,"template":"","format":"standard","meta":{"footnotes":""},"categories":[5],"tags":[],"class_list":["post-12423","post","type-post","status-publish","format-standard","has-post-thumbnail","hentry","category-actualidad-limarina"],"_links":{"self":[{"href":"https:\/\/www.radiolimari.cl\/index.php?rest_route=\/wp\/v2\/posts\/12423","targetHints":{"allow":["GET"]}}],"collection":[{"href":"https:\/\/www.radiolimari.cl\/index.php?rest_route=\/wp\/v2\/posts"}],"about":[{"href":"https:\/\/www.radiolimari.cl\/index.php?rest_route=\/wp\/v2\/types\/post"}],"author":[{"embeddable":true,"href":"https:\/\/www.radiolimari.cl\/index.php?rest_route=\/wp\/v2\/users\/2"}],"replies":[{"embeddable":true,"href":"https:\/\/www.radiolimari.cl\/index.php?rest_route=%2Fwp%2Fv2%2Fcomments&post=12423"}],"version-history":[{"count":1,"href":"https:\/\/www.radiolimari.cl\/index.php?rest_route=\/wp\/v2\/posts\/12423\/revisions"}],"predecessor-version":[{"id":12425,"href":"https:\/\/www.radiolimari.cl\/index.php?rest_route=\/wp\/v2\/posts\/12423\/revisions\/12425"}],"wp:featuredmedia":[{"embeddable":true,"href":"https:\/\/www.radiolimari.cl\/index.php?rest_route=\/wp\/v2\/media\/12424"}],"wp:attachment":[{"href":"https:\/\/www.radiolimari.cl\/index.php?rest_route=%2Fwp%2Fv2%2Fmedia&parent=12423"}],"wp:term":[{"taxonomy":"category","embeddable":true,"href":"https:\/\/www.radiolimari.cl\/index.php?rest_route=%2Fwp%2Fv2%2Fcategories&post=12423"},{"taxonomy":"post_tag","embeddable":true,"href":"https:\/\/www.radiolimari.cl\/index.php?rest_route=%2Fwp%2Fv2%2Ftags&post=12423"}],"curies":[{"name":"wp","href":"https:\/\/api.w.org\/{rel}","templated":true}]}}