{"id":12414,"date":"2025-03-14T16:38:05","date_gmt":"2025-03-14T16:38:05","guid":{"rendered":"https:\/\/www.radiolimari.cl\/?p=12414"},"modified":"2025-03-14T16:38:06","modified_gmt":"2025-03-14T16:38:06","slug":"de-la-ciudad-al-campo-esa-fue-la-transicion-que-realizo-un-joven-rural-de-ovalle-para-dedicarse-a-la-produccion-de-almacigos-y-plantines","status":"publish","type":"post","link":"https:\/\/www.radiolimari.cl\/?p=12414","title":{"rendered":"De la ciudad al campo: Esa fue la transici\u00f3n que realiz\u00f3 un joven rural de Ovalle para dedicarse a la producci\u00f3n de alm\u00e1cigos y plantines."},"content":{"rendered":"\n<figure class=\"wp-block-gallery has-nested-images columns-default is-cropped wp-block-gallery-1 is-layout-flex wp-block-gallery-is-layout-flex\">\n<figure class=\"wp-block-image size-large\"><a href=\"https:\/\/www.radiolimari.cl\/wp-content\/uploads\/2025\/03\/Joven-rural-dejo-la-ciudad-para-apostar-por-la-produccion-de-almacigos-y-plantines-en-el-sector-rural-de-Ovalle-01.jpg\"><img fetchpriority=\"high\" decoding=\"async\" width=\"963\" height=\"493\" data-id=\"12415\" src=\"https:\/\/www.radiolimari.cl\/wp-content\/uploads\/2025\/03\/Joven-rural-dejo-la-ciudad-para-apostar-por-la-produccion-de-almacigos-y-plantines-en-el-sector-rural-de-Ovalle-01.jpg\" alt=\"\" class=\"wp-image-12415\" srcset=\"https:\/\/www.radiolimari.cl\/wp-content\/uploads\/2025\/03\/Joven-rural-dejo-la-ciudad-para-apostar-por-la-produccion-de-almacigos-y-plantines-en-el-sector-rural-de-Ovalle-01.jpg 963w, https:\/\/www.radiolimari.cl\/wp-content\/uploads\/2025\/03\/Joven-rural-dejo-la-ciudad-para-apostar-por-la-produccion-de-almacigos-y-plantines-en-el-sector-rural-de-Ovalle-01-300x154.jpg 300w, https:\/\/www.radiolimari.cl\/wp-content\/uploads\/2025\/03\/Joven-rural-dejo-la-ciudad-para-apostar-por-la-produccion-de-almacigos-y-plantines-en-el-sector-rural-de-Ovalle-01-768x393.jpg 768w\" sizes=\"(max-width: 963px) 100vw, 963px\" \/><\/a><\/figure>\n<\/figure>\n\n\n\n<p><em>Christopher Contreras, tiene 26 <\/em>a\u00f1os, cuenta con una<em> clientela fija y apuesta por seguir creciendo.<\/em><\/p>\n\n\n\n<p>Cada vez son m\u00e1s los y las j\u00f3venes que deciden aprovechar las bondades que ofrece el campo. Uno de ellos es el agricultor Christopher Contreras, quien vio en \u00e9l una oportunidad para hacer crecer su emprendimiento.<\/p>\n\n\n\n<p>Actualmente, con 26 a\u00f1os de edad el usuario del Instituto de Desarrollo Agropecuario (INDAP) posee un terreno en el sector rural de Ovalle llamado Campo Lindo. \u00c9l naci\u00f3 y creci\u00f3 en el mundo urbano, pero su primer nexo con la ruralidad lo tuvo al estudiar su ense\u00f1anza media en un liceo agr\u00edcola.<\/p>\n\n\n\n<p>Una vez terminado el periodo escolar decidi\u00f3 incursionar en el cultivo y comercializaci\u00f3n de plantines, una actividad que realizaba en su hogar, \u201cpero despu\u00e9s el espacio me qued\u00f3 chico y tuve que arrendar un terreno fuera de la ciudad. Posteriormente, fui creciendo y adquiriendo m\u00e1s conocimientos. Ahora mis productos son vendidos mayoritariamente a compradores de La Serena, ya tengo clientes fijos\u201d.<\/p>\n\n\n\n<p>Huerto Urbano es el nombre de fantas\u00eda que dio a su emprendimiento. En \u00e9l produce alm\u00e1cigos y plantines de hortalizas, frutas y hierbas de temporada. Igualmente, cultiva una amplia variedad de flores.<\/p>\n\n\n\n<p>En dicho trabajo, y como pasa con muchos integrantes del Mundo Rural, un aliado esencial ha sido el INDAP, mediante el cual ha obtenido infraestructuras como una nave invernadero y un sombreadero. Adem\u00e1s, es beneficiario del Programa de Desarrollo Local (PRODESAL), una iniciativa ejecutada entre el servicio del agro y, en este caso, la Municipalidad de Ovalle, de la que constantemente recibe asesor\u00eda t\u00e9cnica para fortalecer sus conocimientos.<\/p>\n\n\n\n<p>El Director Regional de INDAP, V\u00edctor Illanes, destaca que \u201cnos pone contentos que las y los j\u00f3venes puedan ver con claridad las oportunidades que entrega el campo. Christopher ha hecho de esta actividad su forma de vida, su sustento y a la cual dedica todo su cari\u00f1o y talento, siendo enf\u00e1tico en la importancia de incorporar pr\u00e1cticas sustentables y sostenibles a estas tareas, como lo hace \u00e9l con sus corredores biol\u00f3gicos, los que les permiten, entre otras cosas, controlar naturalmente las plagas y enfermedades que podr\u00edan afectas sus producciones. Las juventudes rurales est\u00e1n en el coraz\u00f3n de nuestro trabajo y por eso vamos a seguir junto a ellos transformando positivamente el Mundo Rural y campesino\u201d.<\/p>\n\n\n\n<p>Cabe mencionar que el emprendedor tambi\u00e9n es parte de la Mesa Regional de Juventudes Rurales de INDAP, instancia donde dicho segmento etario puede compartir experiencias con sus pares y exponer a la instituci\u00f3n sus necesidades y\/o requerimientos.<\/p>\n\n\n\n<p>\u201cA trav\u00e9s de INDAP como Ministerio de Agricultura hemos estado dando a conocer historias de diferentes j\u00f3venes rurales, quienes dejan en alto tanto su potencial como el del mismo campo. En este caso Christopher decidi\u00f3 transitar de lo urbano a la ruralidad, porque encontr\u00f3 en este sector una gran opci\u00f3n para emprender y hacer de ello su forma de vida. Sin duda valoramos la decisi\u00f3n que tom\u00f3 y lo quiero poner como ejemplo para que m\u00e1s de sus pares apuesten por trabajar en el Mundo Rural y contribuir as\u00ed a la econom\u00eda de sus territorios y a la seguridad y soberan\u00eda alimentaria del pa\u00eds\u201d, hace hincapi\u00e9 el Seremi de Agricultura, Christian \u00c1lvarez.<\/p>\n\n\n\n<p>Dentro de las proyecciones a mediano y corto plazo Christopher cuenta que quiere ampliar la cantidad de invernaderos que posee y aumentar la variedad de sus productos, con el fin de captar m\u00e1s y mejores mercados, tanto a nivel local como regional y nacional.<\/p>\n\n\n\n<p>Para comprar algunas de sus producciones o conocer un poco m\u00e1s de su historia los interesados e interesadas se pueden contactar con Christopher Contreras al n\u00famero de tel\u00e9fono y WhatsApp +56 9 9763 8290.<\/p>\n","protected":false},"excerpt":{"rendered":"<p>Christopher Contreras, tiene 26 a\u00f1os, cuenta con una clientela fija y apuesta por seguir creciendo. Cada vez son m\u00e1s los y las j\u00f3venes que deciden aprovechar las bondades que ofrece el campo. Uno de ellos es el agricultor Christopher Contreras, quien vio en \u00e9l una oportunidad para hacer crecer su emprendimiento. Actualmente, con 26 a\u00f1os &#8230;<\/p>\n","protected":false},"author":2,"featured_media":12415,"comment_status":"open","ping_status":"open","sticky":false,"template":"","format":"standard","meta":{"footnotes":""},"categories":[5],"tags":[],"class_list":["post-12414","post","type-post","status-publish","format-standard","has-post-thumbnail","hentry","category-actualidad-limarina"],"_links":{"self":[{"href":"https:\/\/www.radiolimari.cl\/index.php?rest_route=\/wp\/v2\/posts\/12414","targetHints":{"allow":["GET"]}}],"collection":[{"href":"https:\/\/www.radiolimari.cl\/index.php?rest_route=\/wp\/v2\/posts"}],"about":[{"href":"https:\/\/www.radiolimari.cl\/index.php?rest_route=\/wp\/v2\/types\/post"}],"author":[{"embeddable":true,"href":"https:\/\/www.radiolimari.cl\/index.php?rest_route=\/wp\/v2\/users\/2"}],"replies":[{"embeddable":true,"href":"https:\/\/www.radiolimari.cl\/index.php?rest_route=%2Fwp%2Fv2%2Fcomments&post=12414"}],"version-history":[{"count":1,"href":"https:\/\/www.radiolimari.cl\/index.php?rest_route=\/wp\/v2\/posts\/12414\/revisions"}],"predecessor-version":[{"id":12416,"href":"https:\/\/www.radiolimari.cl\/index.php?rest_route=\/wp\/v2\/posts\/12414\/revisions\/12416"}],"wp:featuredmedia":[{"embeddable":true,"href":"https:\/\/www.radiolimari.cl\/index.php?rest_route=\/wp\/v2\/media\/12415"}],"wp:attachment":[{"href":"https:\/\/www.radiolimari.cl\/index.php?rest_route=%2Fwp%2Fv2%2Fmedia&parent=12414"}],"wp:term":[{"taxonomy":"category","embeddable":true,"href":"https:\/\/www.radiolimari.cl\/index.php?rest_route=%2Fwp%2Fv2%2Fcategories&post=12414"},{"taxonomy":"post_tag","embeddable":true,"href":"https:\/\/www.radiolimari.cl\/index.php?rest_route=%2Fwp%2Fv2%2Ftags&post=12414"}],"curies":[{"name":"wp","href":"https:\/\/api.w.org\/{rel}","templated":true}]}}