{"id":12408,"date":"2025-03-13T20:11:19","date_gmt":"2025-03-13T20:11:19","guid":{"rendered":"https:\/\/www.radiolimari.cl\/?p=12408"},"modified":"2025-03-13T20:11:19","modified_gmt":"2025-03-13T20:11:19","slug":"inician-oficialmente-ano-escolar-2025-en-punitaqui","status":"publish","type":"post","link":"https:\/\/www.radiolimari.cl\/?p=12408","title":{"rendered":"Inician oficialmente a\u00f1o escolar 2025 en Punitaqui"},"content":{"rendered":"\n<figure class=\"wp-block-gallery has-nested-images columns-default is-cropped wp-block-gallery-1 is-layout-flex wp-block-gallery-is-layout-flex\">\n<figure class=\"wp-block-image size-large\"><a href=\"https:\/\/www.radiolimari.cl\/wp-content\/uploads\/2025\/03\/IMG-20250313-WA0008-scaled.jpg\"><img fetchpriority=\"high\" decoding=\"async\" width=\"1024\" height=\"768\" data-id=\"12409\" src=\"https:\/\/www.radiolimari.cl\/wp-content\/uploads\/2025\/03\/IMG-20250313-WA0008-1024x768.jpg\" alt=\"\" class=\"wp-image-12409\" srcset=\"https:\/\/www.radiolimari.cl\/wp-content\/uploads\/2025\/03\/IMG-20250313-WA0008-1024x768.jpg 1024w, https:\/\/www.radiolimari.cl\/wp-content\/uploads\/2025\/03\/IMG-20250313-WA0008-300x225.jpg 300w, https:\/\/www.radiolimari.cl\/wp-content\/uploads\/2025\/03\/IMG-20250313-WA0008-768x576.jpg 768w, https:\/\/www.radiolimari.cl\/wp-content\/uploads\/2025\/03\/IMG-20250313-WA0008-1536x1152.jpg 1536w, https:\/\/www.radiolimari.cl\/wp-content\/uploads\/2025\/03\/IMG-20250313-WA0008-2048x1536.jpg 2048w\" sizes=\"(max-width: 1024px) 100vw, 1024px\" \/><\/a><\/figure>\n<\/figure>\n\n\n\n<p>Autoridades conmemoraron a\u00f1o escolar en la escuela urbana Teresita de los Andes y por primera vez en el establecimiento rural, Escuela Graneros.<\/p>\n\n\n\n<p><br>Con el objetivo de relevar la labor de las profesoras, profesores y asistentes de la educaci\u00f3n de la comuna de Punitaqui y su vez destacar el compromiso para mejorar la calidad en la educaci\u00f3n, se llev\u00f3 a cabo un acto en la escuela Teresita de los Andes y en la escuela de Graneros, que marc\u00f3 el inicio del a\u00f1o escolar de Punitaqui, 2025.<br>En la instancia estuvo presente el Alcalde de la Comuna de Punitaqui, Pedro Humberto Araya Zepeda, el Jefe de Educaci\u00f3n de Punitaqui, Jos\u00e9 Manzano \u00c1lvarez y el Delegado Presidencial de Limar\u00ed, Eduardo Alcayaga Cort\u00e9s; el Jefe Provincial de Educaci\u00f3n Limar\u00ed, Jorge Castillo Cerda.<\/p>\n\n\n\n<p><br>El Alcalde de la Comuna de Punitaqui se\u00f1al\u00f3 que \u201chemos estado en estos dos emotivos actos para iniciar oficialmente el a\u00f1o escolar en la comuna, los cuales son muy significativos puesto que empieza el a\u00f1o acad\u00e9mico para nuestros estudiantes, a quienes los invitamos a seguir por la senda del conocimiento para abrir caminos en la vida y a los padres a seguir apoyando\u201d.<\/p>\n\n\n\n<p>Por su parte, Eduardo Alcayaga Cort\u00e9s, Delegado Presidencial de Limar\u00ed afirm\u00f3 que \u201chemos visitados dos establecimientos de Punitaqui, la Escuela Teresita de los Andes en el \u00e1rea urbana y otro la Escuela de Graneros que es unidocente y cuenta con seis estudiantes. Estuvimos cumpliendo nuestro compromiso como Gobierno de llegar especialmente a lugares apartados, en este caso acompa\u00f1ando a la comunidad educativa en el inicio del a\u00f1o escolar\u201d.<\/p>\n\n\n\n<p><br>Adem\u00e1s, el Delegado Presidencial de Limar\u00ed expres\u00f3 que \u201cagradecemos la invitaci\u00f3n del alcalde Pedro Araya a participar en estos significativos actos y deseamos a toda la comunidad educativa de Punitaqui un gran a\u00f1o, lleno de aprendizajes y buenos momentos\u201d.<\/p>\n\n\n\n<p><br>La Profesora Encargada de la Escuela Graneros, Yesika Rojas Astudillo respecto a la realizaci\u00f3n de la actividad indic\u00f3 que \u201cestoy agradecida que se haya realizado esta iniciativa por primera vez en esta escuela. Este es el momento de engrandecer nuestra educaci\u00f3n rural, ya que nuestros estudiantes necesitan la mejor educaci\u00f3n, las familias necesitan nuestro apoyo para salir adelante\u201d.<\/p>\n\n\n\n<p><br>En la instancia se destacaron los resultados obtenidos en el SIMCE en la Escuela Graneros, ya que a trav\u00e9s del desempe\u00f1o de las y los estudiantes de cuarto a\u00f1o b\u00e1sico, este fue el \u00fanico establecimiento de Punitaqui que alcanz\u00f3 puntaje m\u00e1ximo IDPS (Indicadores de Desarrollo Personal y Social en Participaci\u00f3n y Formaci\u00f3n Ciudadana), alcanzando el puntaje m\u00e1ximo. Adem\u00e1s, se obtuvo un alza significativa en sexto a\u00f1o b\u00e1sico en lectura (288) y matem\u00e1ticas (280).<\/p>\n","protected":false},"excerpt":{"rendered":"<p>Autoridades conmemoraron a\u00f1o escolar en la escuela urbana Teresita de los Andes y por primera vez en el establecimiento rural, Escuela Graneros. Con el objetivo de relevar la labor de las profesoras, profesores y asistentes de la educaci\u00f3n de la comuna de Punitaqui y su vez destacar el compromiso para mejorar la calidad en la &#8230;<\/p>\n","protected":false},"author":2,"featured_media":12409,"comment_status":"open","ping_status":"open","sticky":false,"template":"","format":"standard","meta":{"footnotes":""},"categories":[5],"tags":[],"class_list":["post-12408","post","type-post","status-publish","format-standard","has-post-thumbnail","hentry","category-actualidad-limarina"],"_links":{"self":[{"href":"https:\/\/www.radiolimari.cl\/index.php?rest_route=\/wp\/v2\/posts\/12408","targetHints":{"allow":["GET"]}}],"collection":[{"href":"https:\/\/www.radiolimari.cl\/index.php?rest_route=\/wp\/v2\/posts"}],"about":[{"href":"https:\/\/www.radiolimari.cl\/index.php?rest_route=\/wp\/v2\/types\/post"}],"author":[{"embeddable":true,"href":"https:\/\/www.radiolimari.cl\/index.php?rest_route=\/wp\/v2\/users\/2"}],"replies":[{"embeddable":true,"href":"https:\/\/www.radiolimari.cl\/index.php?rest_route=%2Fwp%2Fv2%2Fcomments&post=12408"}],"version-history":[{"count":1,"href":"https:\/\/www.radiolimari.cl\/index.php?rest_route=\/wp\/v2\/posts\/12408\/revisions"}],"predecessor-version":[{"id":12410,"href":"https:\/\/www.radiolimari.cl\/index.php?rest_route=\/wp\/v2\/posts\/12408\/revisions\/12410"}],"wp:featuredmedia":[{"embeddable":true,"href":"https:\/\/www.radiolimari.cl\/index.php?rest_route=\/wp\/v2\/media\/12409"}],"wp:attachment":[{"href":"https:\/\/www.radiolimari.cl\/index.php?rest_route=%2Fwp%2Fv2%2Fmedia&parent=12408"}],"wp:term":[{"taxonomy":"category","embeddable":true,"href":"https:\/\/www.radiolimari.cl\/index.php?rest_route=%2Fwp%2Fv2%2Fcategories&post=12408"},{"taxonomy":"post_tag","embeddable":true,"href":"https:\/\/www.radiolimari.cl\/index.php?rest_route=%2Fwp%2Fv2%2Ftags&post=12408"}],"curies":[{"name":"wp","href":"https:\/\/api.w.org\/{rel}","templated":true}]}}