{"id":12404,"date":"2025-03-13T14:11:50","date_gmt":"2025-03-13T14:11:50","guid":{"rendered":"https:\/\/www.radiolimari.cl\/?p=12404"},"modified":"2025-03-13T14:11:50","modified_gmt":"2025-03-13T14:11:50","slug":"columna-de-opinion-un-chile-que-avanza-en-mas-justicia-social","status":"publish","type":"post","link":"https:\/\/www.radiolimari.cl\/?p=12404","title":{"rendered":"Columna de Opini\u00f3n: Un Chile que avanza en m\u00e1s justicia social"},"content":{"rendered":"\n<figure class=\"wp-block-gallery has-nested-images columns-default is-cropped wp-block-gallery-1 is-layout-flex wp-block-gallery-is-layout-flex\">\n<figure class=\"wp-block-image size-large\"><a href=\"https:\/\/www.radiolimari.cl\/wp-content\/uploads\/2025\/03\/IMG-20250313-WA0000.jpg\"><img fetchpriority=\"high\" decoding=\"async\" width=\"1024\" height=\"905\" data-id=\"12405\" src=\"https:\/\/www.radiolimari.cl\/wp-content\/uploads\/2025\/03\/IMG-20250313-WA0000-1024x905.jpg\" alt=\"\" class=\"wp-image-12405\" srcset=\"https:\/\/www.radiolimari.cl\/wp-content\/uploads\/2025\/03\/IMG-20250313-WA0000-1024x905.jpg 1024w, https:\/\/www.radiolimari.cl\/wp-content\/uploads\/2025\/03\/IMG-20250313-WA0000-300x265.jpg 300w, https:\/\/www.radiolimari.cl\/wp-content\/uploads\/2025\/03\/IMG-20250313-WA0000-768x679.jpg 768w, https:\/\/www.radiolimari.cl\/wp-content\/uploads\/2025\/03\/IMG-20250313-WA0000.jpg 1280w\" sizes=\"(max-width: 1024px) 100vw, 1024px\" \/><\/a><\/figure>\n<\/figure>\n\n\n\n<p>A tres a\u00f1os de asumir el gobierno estamos cumpliendo nuestros compromisos con las chilenas y chilenos. Nuestro pa\u00eds avanza, eso es indudable. Recordemos que, cuando iniciamos este camino en el 2022, el escenario pa\u00eds era bastante complejo, convulsionado en lo social y lo pol\u00edtico, con una econom\u00eda fr\u00e1gil y estancada, con una inflaci\u00f3n que super\u00f3 los 2 d\u00edgitos. Un pa\u00eds que no estaba invirtiendo en seguridad y con pensiones que no alcanzaban para llegar a fin de mes.<\/p>\n\n\n\n<p>Con una gesti\u00f3n eficiente, responsable y emp\u00e1tica, poniendo en el centro de la discusi\u00f3n pol\u00edtica el rol del Estado y su importancia para mejorar la vida de las personas, podemos decir que el Chile de hoy es mejor que el de ayer. Tenemos un Estado m\u00e1s presente y preparado para dar m\u00e1s tranquilidad a las familias de nuestro pa\u00eds.<\/p>\n\n\n\n<p>Este trayecto no ha sido f\u00e1cil, hemos gobernado siendo minor\u00eda en el Congreso, enfrentamos bloqueos sistem\u00e1ticos por parte de la oposici\u00f3n, con una ultraderecha que ha intentado frenar cada una de nuestras iniciativas. Rechazaron el alza al sueldo m\u00ednimo, dijeron que las 40 horas eran imposibles, se opusieron al Ministerio de Seguridad y a la Reforma a las Pensiones. Pero aqu\u00ed estamos, gracias a la capacidad de di\u00e1logo y a poner los intereses comunes por sobre los particulares logramos hacer realidad estos proyectos. Avanzamos concretando acuerdos y reformas que est\u00e1n cambiando y mejorando la vida de las personas.<\/p>\n\n\n\n<p>El Sistema Nacional de Cuidados \u201cChile Cuida\u201d, la Ley TEA, la Ley de las 40 Horas, la Ley \u201cpapito coraz\u00f3n\u201d, el Copago Cero en salud, el Pago de la deuda hist\u00f3rica a profesoras y profesores, el Royalty Minero, entre muchas otras iniciativas hablan por s\u00ed mismas, estamos cumpliendo con Chile, con la responsabilidad que asumimos y con trabajar por el bienestar de nuestra gente.<\/p>\n\n\n\n<p>Porque cuando se gobierna con convicci\u00f3n, con compromiso con el pueblo y con un sentido profundo de justicia social, es posible avanzar convirtiendo los desaf\u00edos en logros. A diferencia de quienes prefieren bloquear, criticar y negar, nuestro gobierno opt\u00f3 por construir, con di\u00e1logo abierto e insistencia, para que hoy, miles de familias tengan un sueldo m\u00e1s digno, un sistema de seguridad m\u00e1s robusto y la esperanza de contar con pensiones que no los condenen a la pobreza. Estos logros no son ret\u00f3rica, son hechos concretos. Chile est\u00e1 mejor que hace tres a\u00f1os.<\/p>\n\n\n\n<p>En nuestra Regi\u00f3n de Coquimbo, tambi\u00e9n, hemos crecido y lo hemos hecho abordando problemas de los que nadie se hab\u00eda hecho cargo antes con medidas concretas, como la sequ\u00eda, la seguridad y el transporte. Hoy contamos con la licitaci\u00f3n de la planta Desaladora, los 42 buses el\u00e9ctricos para la conurbaci\u00f3n y el OS7 Limar\u00ed-Choapa. Tambi\u00e9n, estamos avanzando en proyectos muy sentidos para la ciudadan\u00eda como son los hospitales de Coquimbo, La Serena e Illapel y los centros comunitarios en Monte Patria, Illapel, y pr\u00f3ximamente Coquimbo, Los Vilos y Paihuano.<\/p>\n\n\n\n<p>Estas son algunas muestras concretas de que el Gobierno est\u00e1 haciendo la pega, sabemos que nos quedan muchos desaf\u00edos y los seguiremos afrontando hasta el \u00faltimo d\u00eda de nuestra administraci\u00f3n por las mujeres, por la juventud, por los y las trabajadoras, por las hijas e hijos y sus familias. Por todos aquellos que a\u00fan pensamos que es posible un Chile m\u00e1s justo y solidario con todas y todos.<\/p>\n\n\n\n<p><strong>Paulina Mora Lara, Seremi de Gobierno de la Regi\u00f3n de Coquimbo.<\/strong><\/p>\n","protected":false},"excerpt":{"rendered":"<p>A tres a\u00f1os de asumir el gobierno estamos cumpliendo nuestros compromisos con las chilenas y chilenos. Nuestro pa\u00eds avanza, eso es indudable. Recordemos que, cuando iniciamos este camino en el 2022, el escenario pa\u00eds era bastante complejo, convulsionado en lo social y lo pol\u00edtico, con una econom\u00eda fr\u00e1gil y estancada, con una inflaci\u00f3n que super\u00f3 &#8230;<\/p>\n","protected":false},"author":2,"featured_media":12405,"comment_status":"open","ping_status":"open","sticky":false,"template":"","format":"standard","meta":{"footnotes":""},"categories":[3],"tags":[],"class_list":["post-12404","post","type-post","status-publish","format-standard","has-post-thumbnail","hentry","category-actualidad"],"_links":{"self":[{"href":"https:\/\/www.radiolimari.cl\/index.php?rest_route=\/wp\/v2\/posts\/12404","targetHints":{"allow":["GET"]}}],"collection":[{"href":"https:\/\/www.radiolimari.cl\/index.php?rest_route=\/wp\/v2\/posts"}],"about":[{"href":"https:\/\/www.radiolimari.cl\/index.php?rest_route=\/wp\/v2\/types\/post"}],"author":[{"embeddable":true,"href":"https:\/\/www.radiolimari.cl\/index.php?rest_route=\/wp\/v2\/users\/2"}],"replies":[{"embeddable":true,"href":"https:\/\/www.radiolimari.cl\/index.php?rest_route=%2Fwp%2Fv2%2Fcomments&post=12404"}],"version-history":[{"count":1,"href":"https:\/\/www.radiolimari.cl\/index.php?rest_route=\/wp\/v2\/posts\/12404\/revisions"}],"predecessor-version":[{"id":12406,"href":"https:\/\/www.radiolimari.cl\/index.php?rest_route=\/wp\/v2\/posts\/12404\/revisions\/12406"}],"wp:featuredmedia":[{"embeddable":true,"href":"https:\/\/www.radiolimari.cl\/index.php?rest_route=\/wp\/v2\/media\/12405"}],"wp:attachment":[{"href":"https:\/\/www.radiolimari.cl\/index.php?rest_route=%2Fwp%2Fv2%2Fmedia&parent=12404"}],"wp:term":[{"taxonomy":"category","embeddable":true,"href":"https:\/\/www.radiolimari.cl\/index.php?rest_route=%2Fwp%2Fv2%2Fcategories&post=12404"},{"taxonomy":"post_tag","embeddable":true,"href":"https:\/\/www.radiolimari.cl\/index.php?rest_route=%2Fwp%2Fv2%2Ftags&post=12404"}],"curies":[{"name":"wp","href":"https:\/\/api.w.org\/{rel}","templated":true}]}}