{"id":12400,"date":"2025-03-12T22:18:11","date_gmt":"2025-03-12T22:18:11","guid":{"rendered":"https:\/\/www.radiolimari.cl\/?p=12400"},"modified":"2025-03-12T22:18:12","modified_gmt":"2025-03-12T22:18:12","slug":"anfa-confirma-el-regreso-de-deportes-ovalle-en-tercera-division-b-2026","status":"publish","type":"post","link":"https:\/\/www.radiolimari.cl\/?p=12400","title":{"rendered":"\u00a1ANFA confirma el regreso de Deportes Ovalle en Tercera Divisi\u00f3n B 2026!"},"content":{"rendered":"\n<figure class=\"wp-block-gallery has-nested-images columns-default is-cropped wp-block-gallery-1 is-layout-flex wp-block-gallery-is-layout-flex\">\n<figure class=\"wp-block-image size-large\"><a href=\"https:\/\/www.radiolimari.cl\/wp-content\/uploads\/2025\/03\/FB_IMG_1741817787310.jpg\"><img fetchpriority=\"high\" decoding=\"async\" width=\"960\" height=\"720\" data-id=\"12401\" src=\"https:\/\/www.radiolimari.cl\/wp-content\/uploads\/2025\/03\/FB_IMG_1741817787310.jpg\" alt=\"\" class=\"wp-image-12401\" srcset=\"https:\/\/www.radiolimari.cl\/wp-content\/uploads\/2025\/03\/FB_IMG_1741817787310.jpg 960w, https:\/\/www.radiolimari.cl\/wp-content\/uploads\/2025\/03\/FB_IMG_1741817787310-300x225.jpg 300w, https:\/\/www.radiolimari.cl\/wp-content\/uploads\/2025\/03\/FB_IMG_1741817787310-768x576.jpg 768w\" sizes=\"(max-width: 960px) 100vw, 960px\" \/><\/a><\/figure>\n<\/figure>\n\n\n\n<p>\u2705 Este mi\u00e9rcoles 12 de marzo el directorio de la Asociaci\u00f3n Nacional de F\u00fatbol Amateur comunic\u00f3 que el hist\u00f3rico CDO participar\u00e1 en Tercera B a partir del pr\u00f3ximo a\u00f1o. Tras una importante reuni\u00f3n con la plana mayor de ANFA realizada en Santiago se confirma el regreso de \u201cLos Verdes del Limar\u00ed\u201d para la competencia oficial 2026.<\/p>\n\n\n\n<p>\ud83c\udf99\ufe0f \u201cEstamos felices, emocionados y profundamente contentos con esta noticia, que pone a Club Deportes Ovalle de vuelta en el f\u00fatbol chileno. Este club tiene m\u00e1s de 60 a\u00f1os de historia y diez a\u00f1os de ausencia ha provocado un dolor muy grande para la ciudad y sus habitantes. Volveremos a ser grandes\u201d, se\u00f1al\u00f3 desde Santiago el presidente del CDO, Luis Carlos Contreras.<\/p>\n\n\n\n<p>\ud83d\udccc A la reuni\u00f3n en la sede nacional de ANFA lleg\u00f3 el directorio completo de Deportes Ovalle, conformados por Luis Carlos Contreras (presidente), C\u00e9sar Vega (vicepresidente), Herman Varas (tesorero), Fernando Vallejos (secretario), Maximiliano Gamboa (director), Eduardo Larrondo (director), Gabriel Pe\u00f1a (director), Patricio Salgado (director) y Juan Castillo (director).<\/p>\n\n\n\n<p>\ud83c\udf99\ufe0f \u201cEsta noticia nos entrega la absoluta certeza de volver a las canchas el pr\u00f3ximo a\u00f1o y desde ma\u00f1ana mismo comenzaremos el plan retorno 2026. Tendremos un a\u00f1o para trabajar duro y con tiempo para ir conformando el equipo, generando recursos y reencantando a la comunidad. Tenemos una base importante gracias al trabajo de la Escuela y el Equipo de Proyecci\u00f3n, y seguiremos fortaleciendo este hermoso proyecto deportivo\u201d, destac\u00f3 Cesar Vega.<\/p>\n","protected":false},"excerpt":{"rendered":"<p>\u2705 Este mi\u00e9rcoles 12 de marzo el directorio de la Asociaci\u00f3n Nacional de F\u00fatbol Amateur comunic\u00f3 que el hist\u00f3rico CDO participar\u00e1 en Tercera B a partir del pr\u00f3ximo a\u00f1o. Tras una importante reuni\u00f3n con la plana mayor de ANFA realizada en Santiago se confirma el regreso de \u201cLos Verdes del Limar\u00ed\u201d para la competencia oficial &#8230;<\/p>\n","protected":false},"author":2,"featured_media":12401,"comment_status":"open","ping_status":"open","sticky":false,"template":"","format":"standard","meta":{"footnotes":""},"categories":[5],"tags":[],"class_list":["post-12400","post","type-post","status-publish","format-standard","has-post-thumbnail","hentry","category-actualidad-limarina"],"_links":{"self":[{"href":"https:\/\/www.radiolimari.cl\/index.php?rest_route=\/wp\/v2\/posts\/12400","targetHints":{"allow":["GET"]}}],"collection":[{"href":"https:\/\/www.radiolimari.cl\/index.php?rest_route=\/wp\/v2\/posts"}],"about":[{"href":"https:\/\/www.radiolimari.cl\/index.php?rest_route=\/wp\/v2\/types\/post"}],"author":[{"embeddable":true,"href":"https:\/\/www.radiolimari.cl\/index.php?rest_route=\/wp\/v2\/users\/2"}],"replies":[{"embeddable":true,"href":"https:\/\/www.radiolimari.cl\/index.php?rest_route=%2Fwp%2Fv2%2Fcomments&post=12400"}],"version-history":[{"count":1,"href":"https:\/\/www.radiolimari.cl\/index.php?rest_route=\/wp\/v2\/posts\/12400\/revisions"}],"predecessor-version":[{"id":12402,"href":"https:\/\/www.radiolimari.cl\/index.php?rest_route=\/wp\/v2\/posts\/12400\/revisions\/12402"}],"wp:featuredmedia":[{"embeddable":true,"href":"https:\/\/www.radiolimari.cl\/index.php?rest_route=\/wp\/v2\/media\/12401"}],"wp:attachment":[{"href":"https:\/\/www.radiolimari.cl\/index.php?rest_route=%2Fwp%2Fv2%2Fmedia&parent=12400"}],"wp:term":[{"taxonomy":"category","embeddable":true,"href":"https:\/\/www.radiolimari.cl\/index.php?rest_route=%2Fwp%2Fv2%2Fcategories&post=12400"},{"taxonomy":"post_tag","embeddable":true,"href":"https:\/\/www.radiolimari.cl\/index.php?rest_route=%2Fwp%2Fv2%2Ftags&post=12400"}],"curies":[{"name":"wp","href":"https:\/\/api.w.org\/{rel}","templated":true}]}}