{"id":12396,"date":"2025-03-12T14:21:29","date_gmt":"2025-03-12T14:21:29","guid":{"rendered":"https:\/\/www.radiolimari.cl\/?p=12396"},"modified":"2025-03-12T14:21:30","modified_gmt":"2025-03-12T14:21:30","slug":"comunidades-deportivas-de-el-palqui-reciben-nueva-implementacion-deportiva-gracias-a-fondos-gore","status":"publish","type":"post","link":"https:\/\/www.radiolimari.cl\/?p=12396","title":{"rendered":"Comunidades deportivas de El Palqui reciben nueva implementaci\u00f3n deportiva gracias a fondos GORE."},"content":{"rendered":"\n<figure class=\"wp-block-gallery has-nested-images columns-default is-cropped wp-block-gallery-1 is-layout-flex wp-block-gallery-is-layout-flex\">\n<figure class=\"wp-block-image size-large\"><a href=\"https:\/\/www.radiolimari.cl\/wp-content\/uploads\/2025\/03\/IMPLEMENTOS-DEPORTIVOS-GORE-PALQUI-BAJO_4-scaled.jpg\"><img fetchpriority=\"high\" decoding=\"async\" width=\"1024\" height=\"683\" data-id=\"12397\" src=\"https:\/\/www.radiolimari.cl\/wp-content\/uploads\/2025\/03\/IMPLEMENTOS-DEPORTIVOS-GORE-PALQUI-BAJO_4-1024x683.jpg\" alt=\"\" class=\"wp-image-12397\" srcset=\"https:\/\/www.radiolimari.cl\/wp-content\/uploads\/2025\/03\/IMPLEMENTOS-DEPORTIVOS-GORE-PALQUI-BAJO_4-1024x683.jpg 1024w, https:\/\/www.radiolimari.cl\/wp-content\/uploads\/2025\/03\/IMPLEMENTOS-DEPORTIVOS-GORE-PALQUI-BAJO_4-300x200.jpg 300w, https:\/\/www.radiolimari.cl\/wp-content\/uploads\/2025\/03\/IMPLEMENTOS-DEPORTIVOS-GORE-PALQUI-BAJO_4-768x512.jpg 768w, https:\/\/www.radiolimari.cl\/wp-content\/uploads\/2025\/03\/IMPLEMENTOS-DEPORTIVOS-GORE-PALQUI-BAJO_4-1536x1024.jpg 1536w, https:\/\/www.radiolimari.cl\/wp-content\/uploads\/2025\/03\/IMPLEMENTOS-DEPORTIVOS-GORE-PALQUI-BAJO_4-2048x1365.jpg 2048w\" sizes=\"(max-width: 1024px) 100vw, 1024px\" \/><\/a><\/figure>\n<\/figure>\n\n\n\n<p><strong><em>La comuna de Monte Patria tiene un total de 7 academias infantiles de f\u00fatbol, desde la gesti\u00f3n plantearon para este periodo llegar a 10 academias, con nuevas en Rapel, Tome y en Mostazal.<\/em><\/strong><\/p>\n\n\n\n<p>Buenas noticias en materias deportivas, los alumnos de la Academia Municipal de Futbol de El Palqui recibieron de forma satisfactoria sus nuevos insumos y equipos completos. Todo esto gracias al desarrollo de un proyecto GORE 2024 de implementaci\u00f3n deportiva, el cual tuvo su cierre formal este lunes 10 en el campo deportivo de CD Palestino El Palqui.<\/p>\n\n\n\n<p>La actual gesti\u00f3n municipal ha buscado un sinf\u00edn de herramientas para aporta al desarrollo deportivo y social del territorio, una de las formas es la implementaci\u00f3n de la Oficina de Proyectos, espacio que tiene por objetivo asesorar y apoyar en la formulaci\u00f3n de proyectos, como los aqu\u00ed presentes.<\/p>\n\n\n\n<p>En este caso, la oficina de proyectos entreg\u00f3 su apoyo a la agrupaci\u00f3n C\u00edrculo de Amigos de El Palqui, quienes postularon a un fondo del Gobierno Regional, por $2.730.000, los que fueron empleados para la adquisici\u00f3n de nueva implementaci\u00f3n deportiva, principalmente 20 balones nuevos y 4 equipos completos para los jugadores.<\/p>\n\n\n\n<p>Desde la gesti\u00f3n municipal, el alcalde Cristian Herrera Pe\u00f1a se\u00f1al\u00f3 la importancia de apoyar este tipo de iniciativas, pues van en directo beneficio de los ni\u00f1os y ni\u00f1as del territorio. <strong>\u201cUn proyecto postulado por el C\u00edrculo de Amigos de la Academia de El Palqui, ayudado por nuestra oficina de proyectos municipales; con ello pudieron obtener estos recursos externos, con los que se compraron balones, equipos e implementos. Estamos contentos, hemos compartido con los chicos, sus apoderados, profesores, etc.; todos los a\u00f1os hemos estado inaugurando iniciativas aqu\u00ed en El Palqui. Estamos trabajando para que nuestros ni\u00f1os y ni\u00f1as puedan seguir desarroll\u00e1ndose en el f\u00fatbol\u201d.<\/strong><\/p>\n\n\n\n<p>El desarrollo deportivo siempre va acompa\u00f1ado de un trabajo formativo, en la Academia Municipal Infantil de El Palqui, Patricio Rubina cumple funciones de entrenador y responsable de los logros del grupo, \u00e9l enfatiz\u00f3 en la importancia simb\u00f3lica de estos nuevos insumos deportivos, <strong>\u201cfeliz de postular a estos proyectos, con el apoyo del alcalde, los apoderados, el profe C\u00e9sar y bueno, feliz de compartir estos momentos. Esto a los ni\u00f1os los hace muy felices, cuando ellos llegan con su propio equipo es algo hermoso, esperamos seguir logrando m\u00e1s proyectos para la academia y para los ni\u00f1os\u201d.<\/strong><\/p>\n\n\n\n<p>Los beneficiados son los m\u00e1s felices con estos nuevos equipos, en total son 4 equipos completos y cerca de 20 balones para uso comunitario.Mat\u00edas Miranda y Mat\u00edas Huerta relatan su experiencia en esta nueva entrega, <strong>\u201cnos hemos sentido bien, son equipos bonitos y era lo que nos faltaba\u201d, <\/strong>mientras que su compa\u00f1ero Huerta agreg\u00f3<strong>, \u201creitero lo que indic\u00f3 \u00e9l, los uniforme se estaban descoloriendo, se estaban rompiendo en manchas\u201d.<\/strong><\/p>\n\n\n\n<p>Desde la agrupaci\u00f3n C\u00edrculo de Amigos de El Palqui, correspondiente a los apoderados de la academia, indican que seguir\u00e1n postulando a fondos y subvenciones, para as\u00ed mejorar la calidad deportiva de esta academia formativa y deportiva de El Palqui.<\/p>\n","protected":false},"excerpt":{"rendered":"<p>La comuna de Monte Patria tiene un total de 7 academias infantiles de f\u00fatbol, desde la gesti\u00f3n plantearon para este periodo llegar a 10 academias, con nuevas en Rapel, Tome y en Mostazal. Buenas noticias en materias deportivas, los alumnos de la Academia Municipal de Futbol de El Palqui recibieron de forma satisfactoria sus nuevos &#8230;<\/p>\n","protected":false},"author":2,"featured_media":12397,"comment_status":"open","ping_status":"open","sticky":false,"template":"","format":"standard","meta":{"footnotes":""},"categories":[5],"tags":[],"class_list":["post-12396","post","type-post","status-publish","format-standard","has-post-thumbnail","hentry","category-actualidad-limarina"],"_links":{"self":[{"href":"https:\/\/www.radiolimari.cl\/index.php?rest_route=\/wp\/v2\/posts\/12396","targetHints":{"allow":["GET"]}}],"collection":[{"href":"https:\/\/www.radiolimari.cl\/index.php?rest_route=\/wp\/v2\/posts"}],"about":[{"href":"https:\/\/www.radiolimari.cl\/index.php?rest_route=\/wp\/v2\/types\/post"}],"author":[{"embeddable":true,"href":"https:\/\/www.radiolimari.cl\/index.php?rest_route=\/wp\/v2\/users\/2"}],"replies":[{"embeddable":true,"href":"https:\/\/www.radiolimari.cl\/index.php?rest_route=%2Fwp%2Fv2%2Fcomments&post=12396"}],"version-history":[{"count":1,"href":"https:\/\/www.radiolimari.cl\/index.php?rest_route=\/wp\/v2\/posts\/12396\/revisions"}],"predecessor-version":[{"id":12398,"href":"https:\/\/www.radiolimari.cl\/index.php?rest_route=\/wp\/v2\/posts\/12396\/revisions\/12398"}],"wp:featuredmedia":[{"embeddable":true,"href":"https:\/\/www.radiolimari.cl\/index.php?rest_route=\/wp\/v2\/media\/12397"}],"wp:attachment":[{"href":"https:\/\/www.radiolimari.cl\/index.php?rest_route=%2Fwp%2Fv2%2Fmedia&parent=12396"}],"wp:term":[{"taxonomy":"category","embeddable":true,"href":"https:\/\/www.radiolimari.cl\/index.php?rest_route=%2Fwp%2Fv2%2Fcategories&post=12396"},{"taxonomy":"post_tag","embeddable":true,"href":"https:\/\/www.radiolimari.cl\/index.php?rest_route=%2Fwp%2Fv2%2Ftags&post=12396"}],"curies":[{"name":"wp","href":"https:\/\/api.w.org\/{rel}","templated":true}]}}