{"id":12393,"date":"2025-03-12T14:06:41","date_gmt":"2025-03-12T14:06:41","guid":{"rendered":"https:\/\/www.radiolimari.cl\/?p=12393"},"modified":"2025-03-12T14:06:41","modified_gmt":"2025-03-12T14:06:41","slug":"en-el-marco-del-mes-de-la-mujer-destacan-a-mujeres-lideres-en-canela","status":"publish","type":"post","link":"https:\/\/www.radiolimari.cl\/?p=12393","title":{"rendered":"En el marco del Mes de la Mujer destacan a mujeres l\u00edderes en Canela."},"content":{"rendered":"\n<figure class=\"wp-block-gallery has-nested-images columns-default is-cropped wp-block-gallery-1 is-layout-flex wp-block-gallery-is-layout-flex\">\n<figure class=\"wp-block-image size-large\"><a href=\"https:\/\/www.radiolimari.cl\/wp-content\/uploads\/2025\/03\/IMG_6055.jpeg\"><img fetchpriority=\"high\" decoding=\"async\" width=\"1024\" height=\"683\" data-id=\"12394\" src=\"https:\/\/www.radiolimari.cl\/wp-content\/uploads\/2025\/03\/IMG_6055-1024x683.jpeg\" alt=\"\" class=\"wp-image-12394\" srcset=\"https:\/\/www.radiolimari.cl\/wp-content\/uploads\/2025\/03\/IMG_6055-1024x683.jpeg 1024w, https:\/\/www.radiolimari.cl\/wp-content\/uploads\/2025\/03\/IMG_6055-300x200.jpeg 300w, https:\/\/www.radiolimari.cl\/wp-content\/uploads\/2025\/03\/IMG_6055-768x512.jpeg 768w, https:\/\/www.radiolimari.cl\/wp-content\/uploads\/2025\/03\/IMG_6055.jpeg 1200w\" sizes=\"(max-width: 1024px) 100vw, 1024px\" \/><\/a><\/figure>\n<\/figure>\n\n\n\n<p><strong><em>La iniciativa desarrollada en el principal paseo publico comunal relev\u00f3 el rol de alrededor de doce mujeres, quienes han desarrollado una enorme contribuci\u00f3n en sus respectivas organizaciones<\/em><\/strong><strong><em><\/em><\/strong><\/p>\n\n\n\n<p>En plaza de armas de Canela se llev\u00f3 a cabo una importante jornada de reconocimiento a alrededor de doce mujeres l\u00edderes de la comuna, en el marco del mes de la mujer, cuya finalidad es conmemorar con diversas actividades y reflexiones centradas en la igualdad de g\u00e9nero y el reconocimiento del rol femenino.<\/p>\n\n\n\n<p>A la actividad acudi\u00f3 el Delegado Presidencial de Choapa, Jonatan Vega Carvajal, quien acompa\u00f1ando del edil comunal, Waldo Contreras, resaltaron en sus intervenciones, el continuar trabajando para relevar el rol las mujeres, con numerosas actividades, campa\u00f1as y reflexiones en torno a la igualdad de g\u00e9nero, los derechos de las mujeres y la lucha contra la violencia de g\u00e9nero, reconociendo y visibilizando los avances en los derechos de las mujeres, as\u00ed como los desaf\u00edos pendientes.<\/p>\n\n\n\n<p>Al respecto, una de las mujeres l\u00edderes destacadas en la jornada, Ismenia Dub\u00f3, quien labora en su local, \u201cEl Rinc\u00f3n de Benita\u201d se\u00f1al\u00f3 que <strong><em>\u201cYo desde los tres a\u00f1os que trabajo y he laborando en distintos lugares y aprend\u00ed a conocer a muchas personas y sigo conociendo gente en mi local, por lo que doy las gracias por lo lindo que est\u00e1n realizando por las mujeres, se nota que est\u00e1n atentos a nosotras como damas y mujeres ac\u00e1 en la comuna, se vi\u00f3 mucha&nbsp; gente hoy, que sigan haciendo esto y premiar a mas personas\u201d<\/em><\/strong><strong><em><\/em><\/strong><\/p>\n\n\n\n<p><strong><em>\u201cHemos querido acompa\u00f1ar en esta conmemoraci\u00f3n del D\u00eda Internacional de la Mujer Trabajadora, para eso fuimos a recorrer la feria donde entregamos un reconocimiento a las distintas mujeres que ah\u00ed trabajan, que todos los d\u00edas sacan adelante a sus familias con su esfuerzo, tambi\u00e9n presenciamos una obra de teatro de \u201cLas Chinchillas Subversivas\u201d quienes nos contaron de los desaf\u00edos que aun tenemos como mujeres en nuestra sociedad, y desde la Serem\u00eda de la Mujer y Equidad de G\u00e9nero, hemos querido venir a contar a las mujeres de Canela, cu\u00e1les han sido los avances y preocupaciones de nuestro gobierno para avanzar en equidad de g\u00e9nero y erradicaci\u00f3n de la violencia\u201d<\/em><\/strong> asegur\u00f3, la Seremi de la Mujer y Equidad de G\u00e9nero, Camila Sabando.<strong><em><\/em><\/strong><\/p>\n\n\n\n<p>Por su parte, el alcalde de Canela, Waldo Contreras, destac\u00f3 los alcances de esta magna actividad, <strong><em>\u201cComo comuna de Canela, hemos querido entregar una jornada de esparcimiento y reflexi\u00f3n, conmemor\u00e1ndolas a ustedes las mujeres como se merecen,&nbsp; si ustedes se dan cuenta, tuvimos una plaza llena de mujeres de nuestra comuna que quisieron venir a apreciar nuestras palabras y ver lo que ten\u00edamos preparado para ellas, pero tambi\u00e9n, nosotros como administraci\u00f3n municipal, les invitamos para todas las mujeres se sientan parte de nuestra comuna de Canela y sientan que esta administraci\u00f3n est\u00e1 pendiente de desarrollar un trabajo que est\u00e1 enfocado en ustedes y sus familias\u201d<\/em><\/strong><strong><em><\/em><\/strong><\/p>\n\n\n\n<p><strong><em>\u201cHoy logramos un importante hito provincial en la comuna de Canela, con un significativo acompa\u00f1amiento de mujeres que se unieron a nosotros para conmemorar el D\u00eda de la Mujer. Esta actividad forma parte de la agenda de trabajo del Gobierno, que hemos impulsado en conjunto con nuestra Seremi de la Mujer y Equidad de G\u00e9nero. A lo largo del tiempo, hemos trabajado diversos hitos provinciales, y hoy fue el turno de Canela. Pudimos recorrer la feria local, visitando a las mujeres que desempe\u00f1an un valioso trabajo en sus respectivos puestos de venta. Posteriormente, realizamos un acto central que nos permiti\u00f3 reflexionar sobre los avances alcanzados como gobierno en la implementaci\u00f3n de pol\u00edticas p\u00fablicas orientadas a la equidad de g\u00e9nero\u201d<\/em><\/strong> explic\u00f3 el Delegado Presidencial Provincial de Choapa, Jonatan Vega<strong><em><\/em><\/strong><\/p>\n\n\n\n<p>Cabe hacer presente que las actividades de conmemoraci\u00f3n del mes de la mujer continuar\u00e1n este jueves 12 de marzo con el conversatorio sobre \u201cEl D\u00eda Internacional de la Mujer\u201d a efectuarse el Liceo Polivalente de la comuna de Canela<\/p>\n","protected":false},"excerpt":{"rendered":"<p>La iniciativa desarrollada en el principal paseo publico comunal relev\u00f3 el rol de alrededor de doce mujeres, quienes han desarrollado una enorme contribuci\u00f3n en sus respectivas organizaciones En plaza de armas de Canela se llev\u00f3 a cabo una importante jornada de reconocimiento a alrededor de doce mujeres l\u00edderes de la comuna, en el marco del &#8230;<\/p>\n","protected":false},"author":2,"featured_media":12394,"comment_status":"open","ping_status":"open","sticky":false,"template":"","format":"standard","meta":{"footnotes":""},"categories":[3],"tags":[],"class_list":["post-12393","post","type-post","status-publish","format-standard","has-post-thumbnail","hentry","category-actualidad"],"_links":{"self":[{"href":"https:\/\/www.radiolimari.cl\/index.php?rest_route=\/wp\/v2\/posts\/12393","targetHints":{"allow":["GET"]}}],"collection":[{"href":"https:\/\/www.radiolimari.cl\/index.php?rest_route=\/wp\/v2\/posts"}],"about":[{"href":"https:\/\/www.radiolimari.cl\/index.php?rest_route=\/wp\/v2\/types\/post"}],"author":[{"embeddable":true,"href":"https:\/\/www.radiolimari.cl\/index.php?rest_route=\/wp\/v2\/users\/2"}],"replies":[{"embeddable":true,"href":"https:\/\/www.radiolimari.cl\/index.php?rest_route=%2Fwp%2Fv2%2Fcomments&post=12393"}],"version-history":[{"count":1,"href":"https:\/\/www.radiolimari.cl\/index.php?rest_route=\/wp\/v2\/posts\/12393\/revisions"}],"predecessor-version":[{"id":12395,"href":"https:\/\/www.radiolimari.cl\/index.php?rest_route=\/wp\/v2\/posts\/12393\/revisions\/12395"}],"wp:featuredmedia":[{"embeddable":true,"href":"https:\/\/www.radiolimari.cl\/index.php?rest_route=\/wp\/v2\/media\/12394"}],"wp:attachment":[{"href":"https:\/\/www.radiolimari.cl\/index.php?rest_route=%2Fwp%2Fv2%2Fmedia&parent=12393"}],"wp:term":[{"taxonomy":"category","embeddable":true,"href":"https:\/\/www.radiolimari.cl\/index.php?rest_route=%2Fwp%2Fv2%2Fcategories&post=12393"},{"taxonomy":"post_tag","embeddable":true,"href":"https:\/\/www.radiolimari.cl\/index.php?rest_route=%2Fwp%2Fv2%2Ftags&post=12393"}],"curies":[{"name":"wp","href":"https:\/\/api.w.org\/{rel}","templated":true}]}}