{"id":12390,"date":"2025-03-12T11:36:17","date_gmt":"2025-03-12T11:36:17","guid":{"rendered":"https:\/\/www.radiolimari.cl\/?p=12390"},"modified":"2025-03-12T11:36:18","modified_gmt":"2025-03-12T11:36:18","slug":"con-mas-de-178-millones-apoyaran-ejecucion-de-proyectos-de-medios-de-comunicacion-en-la-region-de-coquimbo","status":"publish","type":"post","link":"https:\/\/www.radiolimari.cl\/?p=12390","title":{"rendered":"Con m\u00e1s de $178 millones apoyar\u00e1n ejecuci\u00f3n de proyectos de medios de comunicaci\u00f3n en la Regi\u00f3n de Coquimbo."},"content":{"rendered":"\n<figure class=\"wp-block-gallery has-nested-images columns-default is-cropped wp-block-gallery-1 is-layout-flex wp-block-gallery-is-layout-flex\">\n<figure class=\"wp-block-image size-large\"><a href=\"https:\/\/www.radiolimari.cl\/wp-content\/uploads\/2025\/03\/IMG-20250312-WA0000.jpg\"><img fetchpriority=\"high\" decoding=\"async\" width=\"1024\" height=\"576\" data-id=\"12391\" src=\"https:\/\/www.radiolimari.cl\/wp-content\/uploads\/2025\/03\/IMG-20250312-WA0000-1024x576.jpg\" alt=\"\" class=\"wp-image-12391\" srcset=\"https:\/\/www.radiolimari.cl\/wp-content\/uploads\/2025\/03\/IMG-20250312-WA0000-1024x576.jpg 1024w, https:\/\/www.radiolimari.cl\/wp-content\/uploads\/2025\/03\/IMG-20250312-WA0000-300x169.jpg 300w, https:\/\/www.radiolimari.cl\/wp-content\/uploads\/2025\/03\/IMG-20250312-WA0000-768x432.jpg 768w, https:\/\/www.radiolimari.cl\/wp-content\/uploads\/2025\/03\/IMG-20250312-WA0000-1536x864.jpg 1536w, https:\/\/www.radiolimari.cl\/wp-content\/uploads\/2025\/03\/IMG-20250312-WA0000.jpg 1600w\" sizes=\"(max-width: 1024px) 100vw, 1024px\" \/><\/a><\/figure>\n<\/figure>\n\n\n\n<p><strong><em>El concurso estar\u00e1 abierto, en la plataforma fondos.gob.cl, hasta el 29 de abril. Las bases y documentos de ayuda a la postulaci\u00f3n est\u00e1n en fondodemedios.gob.cl<\/em><\/strong><strong><em><\/em><\/strong><\/p>\n\n\n\n<p>Esta semana partieron las postulaciones al Fondo de Medios de Comunicaci\u00f3n Social en su versi\u00f3n 2025. La iniciativa del Ministerio Secretar\u00eda General de Gobierno tiene por objetivo financiar complementariamente proyectos para diversificar la programaci\u00f3n local, fortalecer el rol de la comunicaci\u00f3n en el desarrollo social y cultural de la Regi\u00f3n de Coquimbo.<\/p>\n\n\n\n<p>A trav\u00e9s de la p\u00e1gina web fondodemedios.gob.cl se pueden obtener m\u00e1s detalles de las bases del concurso, el que en esta ocasi\u00f3n espera repartir m\u00e1s de 178 millones de pesos para medios comunitarios y tradicionales, como digitales, radiales, impresos y televisivos.<\/p>\n\n\n\n<p><strong>\u201cEl Fondo de Medios de Comunicaci\u00f3n Social es una herramienta clave que tenemos como ministerio para apoyar la labor, que desarrollan los medios de comunicaci\u00f3n local, permiti\u00e9ndoles crear y llevar a cabo contenidos de calidad, con el claro objetivo de fomentar el pluralismo informativo, fortalecer la democracia y llegar a m\u00e1s territorios y personas con informaci\u00f3n veraz y oportuna\u201d, indic\u00f3 la Vocera Regional, Paulina Mora.<\/strong><\/p>\n\n\n\n<p>El Delegado Presidencial Regional Presidencial, Galo Luna, se\u00f1al\u00f3 que un claro ejemplo de la relevancia de los medios de comunicaci\u00f3n local se dio en el pasado apag\u00f3n el\u00e9ctrico del 25 de febrero, ya que varios medios radiales y digitales, lograron mantenerse funcionando y llegar con la informaci\u00f3n oficial que estaba entregando la autoridad a las comunidades.<\/p>\n\n\n\n<p><strong>\u201cSabemos que los medios de comunicaci\u00f3n locales son muy relevantes para nuestra gesti\u00f3n. Es m\u00e1s, son nuestros aliados estrat\u00e9gicos, tanto para contar sobre los avances que hemos impulsado como Gobierno, pero, sobre todo, en momentos de emergencia, d\u00f3nde las personas necesitan tener detalles de lo que sucede y as\u00ed pueden tomar decisiones que llegan a salvar vidas\u201d, explic\u00f3 el Delegado Presidencial Regional, Galo Luna.<\/strong><\/p>\n\n\n\n<p>Para este a\u00f1o, existen diversas categor\u00edas que pueden abordar los proyectos, as\u00ed como la historia regional, la identidad cultural, arte y cultura regional; econom\u00eda, educaci\u00f3n y desarrollo regional, informaci\u00f3n regional, provincial y comunal. Adem\u00e1s, se privilegiar\u00e1n las iniciativas que presenten, en su estructura t\u00e9cnica, la interculturalidad y\/o el medio ambiente, en temas como la sequ\u00eda, por ejemplo.<\/p>\n\n\n\n<p><strong>RECURSOS A ENTREGAR. <\/strong>Cabe recordar que todo tipo de medios de comunicaci\u00f3n comunitarios podr\u00e1n acceder a 5 millones 500 mil pesos; mientras que dentro de los tradicionales los televisivos podr\u00e1n acceder a cinco millones, radiales e impresos 4 millones y medio de pesos, y digitales a tres millones 500 mil pesos.<\/p>\n\n\n\n<p>Para tener m\u00e1s informaci\u00f3n sobre el proceso se puede visitar la web fondodemedios.gob.cl y para postular debe hacer por medio de la plataforma <a href=\"http:\/\/www.fondos.gob.cl\">www.fondos.gob.cl<\/a> hasta el 29 de abril. Tambi\u00e9n, se recibir\u00e1n propuestas en papel hasta el 08 de abril a las 15:00 horas, las que deben ser dirigidas a las oficinas de la Seremi de Gobierno de la Regi\u00f3n de Coquimbo, ubicada en calle Matta 555, La Serena.<\/p>\n","protected":false},"excerpt":{"rendered":"<p>El concurso estar\u00e1 abierto, en la plataforma fondos.gob.cl, hasta el 29 de abril. Las bases y documentos de ayuda a la postulaci\u00f3n est\u00e1n en fondodemedios.gob.cl Esta semana partieron las postulaciones al Fondo de Medios de Comunicaci\u00f3n Social en su versi\u00f3n 2025. La iniciativa del Ministerio Secretar\u00eda General de Gobierno tiene por objetivo financiar complementariamente proyectos &#8230;<\/p>\n","protected":false},"author":2,"featured_media":12391,"comment_status":"open","ping_status":"open","sticky":false,"template":"","format":"standard","meta":{"footnotes":""},"categories":[6],"tags":[],"class_list":["post-12390","post","type-post","status-publish","format-standard","has-post-thumbnail","hentry","category-regionales"],"_links":{"self":[{"href":"https:\/\/www.radiolimari.cl\/index.php?rest_route=\/wp\/v2\/posts\/12390","targetHints":{"allow":["GET"]}}],"collection":[{"href":"https:\/\/www.radiolimari.cl\/index.php?rest_route=\/wp\/v2\/posts"}],"about":[{"href":"https:\/\/www.radiolimari.cl\/index.php?rest_route=\/wp\/v2\/types\/post"}],"author":[{"embeddable":true,"href":"https:\/\/www.radiolimari.cl\/index.php?rest_route=\/wp\/v2\/users\/2"}],"replies":[{"embeddable":true,"href":"https:\/\/www.radiolimari.cl\/index.php?rest_route=%2Fwp%2Fv2%2Fcomments&post=12390"}],"version-history":[{"count":1,"href":"https:\/\/www.radiolimari.cl\/index.php?rest_route=\/wp\/v2\/posts\/12390\/revisions"}],"predecessor-version":[{"id":12392,"href":"https:\/\/www.radiolimari.cl\/index.php?rest_route=\/wp\/v2\/posts\/12390\/revisions\/12392"}],"wp:featuredmedia":[{"embeddable":true,"href":"https:\/\/www.radiolimari.cl\/index.php?rest_route=\/wp\/v2\/media\/12391"}],"wp:attachment":[{"href":"https:\/\/www.radiolimari.cl\/index.php?rest_route=%2Fwp%2Fv2%2Fmedia&parent=12390"}],"wp:term":[{"taxonomy":"category","embeddable":true,"href":"https:\/\/www.radiolimari.cl\/index.php?rest_route=%2Fwp%2Fv2%2Fcategories&post=12390"},{"taxonomy":"post_tag","embeddable":true,"href":"https:\/\/www.radiolimari.cl\/index.php?rest_route=%2Fwp%2Fv2%2Ftags&post=12390"}],"curies":[{"name":"wp","href":"https:\/\/api.w.org\/{rel}","templated":true}]}}