{"id":12377,"date":"2025-03-10T13:53:56","date_gmt":"2025-03-10T13:53:56","guid":{"rendered":"https:\/\/www.radiolimari.cl\/?p=12377"},"modified":"2025-03-10T13:54:24","modified_gmt":"2025-03-10T13:54:24","slug":"fondo-de-fortalecimiento-organizaciones-de-la-region-de-coquimbo-podran-acceder-a-mas-de-96-millones","status":"publish","type":"post","link":"https:\/\/www.radiolimari.cl\/?p=12377","title":{"rendered":"Fondo de Fortalecimiento: Organizaciones de la Regi\u00f3n de Coquimbo podr\u00e1n acceder a m\u00e1s de $96 millones."},"content":{"rendered":"\n<figure class=\"wp-block-gallery has-nested-images columns-default is-cropped wp-block-gallery-1 is-layout-flex wp-block-gallery-is-layout-flex\">\n<figure class=\"wp-block-image size-large\"><a href=\"https:\/\/www.radiolimari.cl\/wp-content\/uploads\/2025\/03\/IMG-20250310-WA0005.jpg\"><img fetchpriority=\"high\" decoding=\"async\" width=\"1024\" height=\"682\" data-id=\"12378\" src=\"https:\/\/www.radiolimari.cl\/wp-content\/uploads\/2025\/03\/IMG-20250310-WA0005-1024x682.jpg\" alt=\"\" class=\"wp-image-12378\" srcset=\"https:\/\/www.radiolimari.cl\/wp-content\/uploads\/2025\/03\/IMG-20250310-WA0005-1024x682.jpg 1024w, https:\/\/www.radiolimari.cl\/wp-content\/uploads\/2025\/03\/IMG-20250310-WA0005-300x200.jpg 300w, https:\/\/www.radiolimari.cl\/wp-content\/uploads\/2025\/03\/IMG-20250310-WA0005-768x512.jpg 768w, https:\/\/www.radiolimari.cl\/wp-content\/uploads\/2025\/03\/IMG-20250310-WA0005-1536x1023.jpg 1536w, https:\/\/www.radiolimari.cl\/wp-content\/uploads\/2025\/03\/IMG-20250310-WA0005.jpg 1600w\" sizes=\"(max-width: 1024px) 100vw, 1024px\" \/><\/a><\/figure>\n<\/figure>\n\n\n\n<p><strong><em>Este 7 de marzo parti\u00f3 el concurso 2025 y se extender\u00e1 hasta el 02 de mayo a trav\u00e9s de la web fondos.gob.cl<\/em><\/strong><strong><em><\/em><\/strong><\/p>\n\n\n\n<p>Bajo el eslogan <strong>\u201cLa fuerza de las ideas mueve\u201d<\/strong>, se abri\u00f3 el Fondo de Fortalecimiento de las Organizaciones de Inter\u00e9s P\u00fablico (FFOIP) del Ministerio Secretaria General de Gobierno, recursos tienen por objetivo apoyar el trabajo de agrupaciones sociales que trabajen en la promoci\u00f3n de derechos ciudadanos, equidad de g\u00e9nero, asistencia social, educaci\u00f3n, salud, medio ambiente y otras tem\u00e1ticas.<\/p>\n\n\n\n<p>Al respecto, la Seremi de Gobierno, Paulina Mora, indic\u00f3 que este a\u00f1o la Regi\u00f3n de Coquimbo logr\u00f3 un aumento de recursos, ya que se dispondr\u00e1 de <strong>m\u00e1s de 96 millones de pesos<\/strong> para financiar ideas o proyectos de la sociedad civil local.<\/p>\n\n\n\n<p><strong>\u201cEstamos muy contentos de anunciar que ya se inici\u00f3 el proceso de postulaci\u00f3n al Fondo de Fortalecimiento a trav\u00e9s de la web fondos.gob.cl. Sabemos que estos concursos son muy esperados por las organizaciones para trabajar por sus comunidades o seguir especializ\u00e1ndose en la labor que realizan. Por eso estamos expectante de las propuestas que podremos evaluar, ya que el a\u00f1o pasado recibimos 181 iniciativas, dando cuenta de la fuerza que tiene el tejido social en nuestra zona y en el desarrollo de una democracia sana y participativa\u201d, precis\u00f3 la Vocera Regional, Paulina Mora.<\/strong><\/p>\n\n\n\n<p>Los proyectos del FFOIP deber\u00e1n enfocarse en promover los derechos humanos, el enfoque de g\u00e9nero o tener un impacto concreto en el territorio. Adem\u00e1s, este a\u00f1o, por segunda vez y gracias a una alianza con la Subsecretar\u00eda de la Ni\u00f1ez, el concurso contempla una tem\u00e1tica para el fortalecimiento de la participaci\u00f3n ciudadana de ni\u00f1os, ni\u00f1as y adolescentes. Esta l\u00ednea cuenta con un presupuesto regional de $20 millones de pesos dirigido a organizaciones que desarrollen proyectos a nivel local para promover la participaci\u00f3n social y comunitaria de ni\u00f1os, ni\u00f1as y adolescentes.<\/p>\n\n\n\n<p>Por su parte, la Subsecretaria general de Gobierno, Nicole Cardoch, destac\u00f3 que<strong> \u201clos ni\u00f1os, ni\u00f1as y adolescentes no son el futuro de Chile, sino su presente. Por eso, queremos apoyar los proyectos de organizaciones sociales que hoy est\u00e1n trabajando para que ellos y ellas tengan un papel activo en la construcci\u00f3n de nuestra sociedad, de las pol\u00edticas p\u00fablicas y de nuestras comunidades. Sus voces y acciones son fundamentales para fortalecer nuestra democracia\u201d.<\/strong><\/p>\n\n\n\n<p>Asimismo, la subsecretaria de la Ni\u00f1ez, Ver\u00f3nica Silva, resalt\u00f3 que<strong> \u201cdesde la Subsecretar\u00eda de la Ni\u00f1ez tenemos el desaf\u00edo de incentivar espacios y mecanismos que favorezcan la participaci\u00f3n de ni\u00f1os, ni\u00f1as y adolescentes. Que sus preocupaciones, ideas y propuestas sean parte de la toma de decisiones en el ciclo de las pol\u00edticas p\u00fablicas. Es por ello que este a\u00f1o junto a la Secretar\u00eda General de Gobierno buscamos convocar a Organizaciones de Inter\u00e9s P\u00fablico que, entre sus objetivos y l\u00edneas de acci\u00f3n, se enfoquen en proteger y promover la participaci\u00f3n social y comunitaria efectiva de ni\u00f1os, ni\u00f1as y adolescentes\u201d.<\/strong><\/p>\n\n\n\n<p><strong>MONTOS. <\/strong>Las organizaciones podr\u00e1n acceder a un m\u00e1ximo de $2 millones cuando se trate de proyectos locales (una comuna), $4 millones para aquellos de car\u00e1cter regional (dos o m\u00e1s comunas de una misma regi\u00f3n) y un l\u00edmite de $10 millones para iniciativas de alcance nacional (m\u00e1s de una regi\u00f3n).<\/p>\n\n\n\n<p>Para informarte del proceso puedes visitar fondodefortalecimiento.gob.cl y para postular debes hacerlo en la plataforma <a href=\"http:\/\/www.fondos.gob.cl\">www.fondos.gob.cl<\/a> hasta el 02 de mayo. Tambi\u00e9n se recibir\u00e1n propuestas en papel hasta el 17 de abril, las que deben ser dirigidas a las oficinas de la Seremi de Gobierno de la Regi\u00f3n de Coquimbo, ubicada en calle Matta 555, La Serena.<\/p>\n","protected":false},"excerpt":{"rendered":"<p>Este 7 de marzo parti\u00f3 el concurso 2025 y se extender\u00e1 hasta el 02 de mayo a trav\u00e9s de la web fondos.gob.cl Bajo el eslogan \u201cLa fuerza de las ideas mueve\u201d, se abri\u00f3 el Fondo de Fortalecimiento de las Organizaciones de Inter\u00e9s P\u00fablico (FFOIP) del Ministerio Secretaria General de Gobierno, recursos tienen por objetivo apoyar &#8230;<\/p>\n","protected":false},"author":2,"featured_media":12378,"comment_status":"open","ping_status":"open","sticky":false,"template":"","format":"standard","meta":{"footnotes":""},"categories":[6],"tags":[],"class_list":["post-12377","post","type-post","status-publish","format-standard","has-post-thumbnail","hentry","category-regionales"],"_links":{"self":[{"href":"https:\/\/www.radiolimari.cl\/index.php?rest_route=\/wp\/v2\/posts\/12377","targetHints":{"allow":["GET"]}}],"collection":[{"href":"https:\/\/www.radiolimari.cl\/index.php?rest_route=\/wp\/v2\/posts"}],"about":[{"href":"https:\/\/www.radiolimari.cl\/index.php?rest_route=\/wp\/v2\/types\/post"}],"author":[{"embeddable":true,"href":"https:\/\/www.radiolimari.cl\/index.php?rest_route=\/wp\/v2\/users\/2"}],"replies":[{"embeddable":true,"href":"https:\/\/www.radiolimari.cl\/index.php?rest_route=%2Fwp%2Fv2%2Fcomments&post=12377"}],"version-history":[{"count":1,"href":"https:\/\/www.radiolimari.cl\/index.php?rest_route=\/wp\/v2\/posts\/12377\/revisions"}],"predecessor-version":[{"id":12379,"href":"https:\/\/www.radiolimari.cl\/index.php?rest_route=\/wp\/v2\/posts\/12377\/revisions\/12379"}],"wp:featuredmedia":[{"embeddable":true,"href":"https:\/\/www.radiolimari.cl\/index.php?rest_route=\/wp\/v2\/media\/12378"}],"wp:attachment":[{"href":"https:\/\/www.radiolimari.cl\/index.php?rest_route=%2Fwp%2Fv2%2Fmedia&parent=12377"}],"wp:term":[{"taxonomy":"category","embeddable":true,"href":"https:\/\/www.radiolimari.cl\/index.php?rest_route=%2Fwp%2Fv2%2Fcategories&post=12377"},{"taxonomy":"post_tag","embeddable":true,"href":"https:\/\/www.radiolimari.cl\/index.php?rest_route=%2Fwp%2Fv2%2Ftags&post=12377"}],"curies":[{"name":"wp","href":"https:\/\/api.w.org\/{rel}","templated":true}]}}