{"id":12357,"date":"2025-03-06T01:42:07","date_gmt":"2025-03-06T01:42:07","guid":{"rendered":"https:\/\/www.radiolimari.cl\/?p=12357"},"modified":"2025-03-06T01:42:07","modified_gmt":"2025-03-06T01:42:07","slug":"en-ovalle-este-viernes-realizaran-jornada-recreativa-en-el-marco-del-dia-internacional-de-la-mujer","status":"publish","type":"post","link":"https:\/\/www.radiolimari.cl\/?p=12357","title":{"rendered":"En Ovalle, este viernes realizar\u00e1n jornada recreativa en el marco del D\u00eda Internacional de la Mujer."},"content":{"rendered":"\n<figure class=\"wp-block-gallery has-nested-images columns-default is-cropped wp-block-gallery-1 is-layout-flex wp-block-gallery-is-layout-flex\">\n<figure class=\"wp-block-image size-large\"><a href=\"https:\/\/www.radiolimari.cl\/wp-content\/uploads\/2025\/03\/MUJERES-CAMPESINAS-scaled.jpg\"><img fetchpriority=\"high\" decoding=\"async\" width=\"1024\" height=\"581\" data-id=\"12358\" src=\"https:\/\/www.radiolimari.cl\/wp-content\/uploads\/2025\/03\/MUJERES-CAMPESINAS-1024x581.jpg\" alt=\"\" class=\"wp-image-12358\" srcset=\"https:\/\/www.radiolimari.cl\/wp-content\/uploads\/2025\/03\/MUJERES-CAMPESINAS-1024x581.jpg 1024w, https:\/\/www.radiolimari.cl\/wp-content\/uploads\/2025\/03\/MUJERES-CAMPESINAS-300x170.jpg 300w, https:\/\/www.radiolimari.cl\/wp-content\/uploads\/2025\/03\/MUJERES-CAMPESINAS-768x436.jpg 768w, https:\/\/www.radiolimari.cl\/wp-content\/uploads\/2025\/03\/MUJERES-CAMPESINAS-1536x871.jpg 1536w, https:\/\/www.radiolimari.cl\/wp-content\/uploads\/2025\/03\/MUJERES-CAMPESINAS-2048x1162.jpg 2048w\" sizes=\"(max-width: 1024px) 100vw, 1024px\" \/><\/a><\/figure>\n<\/figure>\n\n\n\n<p><strong><em>El municipio de Ovalle, a trav\u00e9s de la Oficina de la Mujer y Equidad de G\u00e9nero, realizar\u00e1 diversas actividades el pr\u00f3ximo viernes 7 de marzo, de 9.30 a 13.00 horas en la plaza de armas.<\/em><\/strong><\/p>\n\n\n\n<p>El 8 de marzo se conmemora el D\u00eda Internacional de la Mujer y el municipio de Ovalle realizar\u00e1 una jornada de actividades dedicadas exclusivamente para ellas. El evento, se llevar\u00e1 a cabo el pr\u00f3ximo viernes 7 de marzo, desde las 9.30 horas y se extender\u00e1 hasta las 13.00 horas.<\/p>\n\n\n\n<p>La iniciativa comenzar\u00e1 con un taller de Yoga y posteriormente se dar\u00e1 paso al conversatorio \u201cDesmasculinizando mi oficio\u201d, en el que Mar\u00eda Angelina Romero (inspectora municipal), Francisca Opazo (Centro de Negocios), Mar\u00eda Jos\u00e9 Araya (Mec\u00e1nico) y Jeannette Andrade (criancera) expondr\u00e1n su experiencia laboral. Adem\u00e1s, se desarrollar\u00e1 el conversatorio \u201cLiderando territorios\u201d, instancia en que la dirigenta del Servicio Sanitario Rural (SSR) de la localidad de La Paloma, Natalia Lemus, la integrante del Consejo Consultivo de Salud local, Alexandra Cort\u00e9s y la integrante de la Agrupaci\u00f3n Foviades, Leydy de Los R\u00edos, quienes dar\u00e1n a conocer el rol fundamental de la mujer en el liderazgo de las organizaciones sociales. Quienes asistan a la plaza de armas podr\u00e1n participar de un Taller de Zumba, que se desarrollar\u00e1 a partir de las 12.00 horas.<\/p>\n\n\n\n<p>\u201cInvitamos a la comunidad a que se acerque a la plaza de armas y pueda participar de una jornada que tendr\u00e1 exposiciones, recreaci\u00f3n e informaci\u00f3n del importante rol que cumplen las mujeres en nuestra sociedad\u201d sostuvo el alcalde de Ovalle, H\u00e9ctor Vega Campusano.<\/p>\n\n\n\n<p>En tanto, la encargada de la Oficina de la Mujer del municipio de Ovalle, Mar\u00eda Paulina Alfaro indic\u00f3 que el objetivo de la actividad es \u201cconmemorar el D\u00eda Internacional de la Mujer, destacando sus logros y vivencias, destacando la importancia del empoderamiento femenino y la igualdad de g\u00e9nero a trav\u00e9s de las diversas iniciativas\u201d.<\/p>\n\n\n\n<p>La actividad concluir\u00e1 con la presentaci\u00f3n de la cantante local PAE, quien interpretar\u00e1 \u00e9xitos de todos los tiempos y ser\u00e1 la encargada de hacer cantar y bailar al p\u00fablico local.<\/p>\n\n\n\n<p><strong>Corrida Conmemoraci\u00f3n del D\u00eda Internacional de la Mujer<\/strong><\/p>\n\n\n\n<p>En tanto, el s\u00e1bado 8 de marzo, desde las 18.00 horas, se realizar\u00e1 la corrida \u201cOvalle Corre con Ellas\u201d, actividad organizada por los clubes Las Perlas del Limar\u00ed y Desenfrenadas Ovalle y apoyada por el municipio local. Las primeras 200 personas que se inscriban, previo a la competencia, recibir\u00e1n una polera de regalo.<\/p>\n","protected":false},"excerpt":{"rendered":"<p>El municipio de Ovalle, a trav\u00e9s de la Oficina de la Mujer y Equidad de G\u00e9nero, realizar\u00e1 diversas actividades el pr\u00f3ximo viernes 7 de marzo, de 9.30 a 13.00 horas en la plaza de armas. El 8 de marzo se conmemora el D\u00eda Internacional de la Mujer y el municipio de Ovalle realizar\u00e1 una jornada &#8230;<\/p>\n","protected":false},"author":2,"featured_media":12358,"comment_status":"open","ping_status":"open","sticky":false,"template":"","format":"standard","meta":{"footnotes":""},"categories":[3],"tags":[],"class_list":["post-12357","post","type-post","status-publish","format-standard","has-post-thumbnail","hentry","category-actualidad"],"_links":{"self":[{"href":"https:\/\/www.radiolimari.cl\/index.php?rest_route=\/wp\/v2\/posts\/12357","targetHints":{"allow":["GET"]}}],"collection":[{"href":"https:\/\/www.radiolimari.cl\/index.php?rest_route=\/wp\/v2\/posts"}],"about":[{"href":"https:\/\/www.radiolimari.cl\/index.php?rest_route=\/wp\/v2\/types\/post"}],"author":[{"embeddable":true,"href":"https:\/\/www.radiolimari.cl\/index.php?rest_route=\/wp\/v2\/users\/2"}],"replies":[{"embeddable":true,"href":"https:\/\/www.radiolimari.cl\/index.php?rest_route=%2Fwp%2Fv2%2Fcomments&post=12357"}],"version-history":[{"count":1,"href":"https:\/\/www.radiolimari.cl\/index.php?rest_route=\/wp\/v2\/posts\/12357\/revisions"}],"predecessor-version":[{"id":12359,"href":"https:\/\/www.radiolimari.cl\/index.php?rest_route=\/wp\/v2\/posts\/12357\/revisions\/12359"}],"wp:featuredmedia":[{"embeddable":true,"href":"https:\/\/www.radiolimari.cl\/index.php?rest_route=\/wp\/v2\/media\/12358"}],"wp:attachment":[{"href":"https:\/\/www.radiolimari.cl\/index.php?rest_route=%2Fwp%2Fv2%2Fmedia&parent=12357"}],"wp:term":[{"taxonomy":"category","embeddable":true,"href":"https:\/\/www.radiolimari.cl\/index.php?rest_route=%2Fwp%2Fv2%2Fcategories&post=12357"},{"taxonomy":"post_tag","embeddable":true,"href":"https:\/\/www.radiolimari.cl\/index.php?rest_route=%2Fwp%2Fv2%2Ftags&post=12357"}],"curies":[{"name":"wp","href":"https:\/\/api.w.org\/{rel}","templated":true}]}}