{"id":12354,"date":"2025-03-06T01:33:34","date_gmt":"2025-03-06T01:33:34","guid":{"rendered":"https:\/\/www.radiolimari.cl\/?p=12354"},"modified":"2025-03-06T01:33:35","modified_gmt":"2025-03-06T01:33:35","slug":"alcalde-de-monte-patria-reconocio-labor-de-una-decena-de-docentes-acogidos-a-retiro-voluntario","status":"publish","type":"post","link":"https:\/\/www.radiolimari.cl\/?p=12354","title":{"rendered":"Alcalde de Monte Patria reconoci\u00f3 labor de una decena de docentes acogidos a retiro voluntario."},"content":{"rendered":"\n<figure class=\"wp-block-gallery has-nested-images columns-default is-cropped wp-block-gallery-1 is-layout-flex wp-block-gallery-is-layout-flex\">\n<figure class=\"wp-block-image size-large\"><a href=\"https:\/\/www.radiolimari.cl\/wp-content\/uploads\/2025\/03\/foto2-2.png\"><img fetchpriority=\"high\" decoding=\"async\" width=\"1024\" height=\"766\" data-id=\"12355\" src=\"https:\/\/www.radiolimari.cl\/wp-content\/uploads\/2025\/03\/foto2-2-1024x766.png\" alt=\"\" class=\"wp-image-12355\" srcset=\"https:\/\/www.radiolimari.cl\/wp-content\/uploads\/2025\/03\/foto2-2-1024x766.png 1024w, https:\/\/www.radiolimari.cl\/wp-content\/uploads\/2025\/03\/foto2-2-300x225.png 300w, https:\/\/www.radiolimari.cl\/wp-content\/uploads\/2025\/03\/foto2-2-768x575.png 768w, https:\/\/www.radiolimari.cl\/wp-content\/uploads\/2025\/03\/foto2-2-1536x1150.png 1536w, https:\/\/www.radiolimari.cl\/wp-content\/uploads\/2025\/03\/foto2-2.png 2044w\" sizes=\"(max-width: 1024px) 100vw, 1024px\" \/><\/a><\/figure>\n<\/figure>\n\n\n\n<p><strong><em>&#8211; La jornada culmin\u00f3 entre aplausos y abrazos por parte de los funcionarios del Departamento de Educaci\u00f3n hacia los profesores, quienes no contuvieron la emoci\u00f3n latente de ser reconocidos en vida por su labor y servicio en el sistema de educaci\u00f3n p\u00fablica.<\/em><\/strong><\/p>\n\n\n\n<p>Momentos de emoci\u00f3n y nostalgia se vivieron durante el desayuno de reconocimiento a 10 docentes que se acogieron a retiro, luego de haber estado en el sistema educativo municipal por d\u00e9cadas. La actividad, que cont\u00f3 con la m\u00e1xima autoridad comunal, Cristian Herrera Pe\u00f1a y el director del DEM Monte Patria, Jaime Castillo Boilet, estuvo amenizada por historias y an\u00e9cdotas que los mismos docentes contaron mientras se desempe\u00f1aban durante sus d\u00edas como funcionarios de la red de educaci\u00f3n p\u00fablica.<\/p>\n\n\n\n<p><br>La realidad para cada sujeto es distinta, as\u00ed tambi\u00e9n son las historias de cada docente. Y es que, en la comuna, que de por s\u00ed un valle transversal geogr\u00e1ficamente extenso, algunos tuvieron la comodidad de trasladarse sin problema en zonas urbanas a sus respectivos establecimientos educacionales, mientras que otros docentes vivieron condiciones extremas, pero que de alguna forma fueron parte forjadora de sus vidas profesionales.<\/p>\n\n\n\n<p>Rita Jofr\u00e9 Bruna, actualmente exfuncionaria del Colegio R\u00edo Grande de Car\u00e9n fue una de las docentes que este a\u00f1o se acogi\u00f3 a retiro. Desde que inici\u00f3 su carrera como docente en el sistema municipal en el a\u00f1o 1985 en la escuela cordillerana de Las Ramadas de Tulahu\u00e9n -ubicada a 72 km de la capital comunal- no ha parado de apoyar la educaci\u00f3n de generaciones de ni\u00f1os y ni\u00f1as de zona rurales.<\/p>\n\n\n\n<p><strong>\u201cTen\u00eda conocimiento que era alejado, pero al llegar all\u00e1 fue otra cosa. Fue ah\u00ed donde aprend\u00ed y me hice grande como profesora. Mis mejores recuerdos est\u00e1n all\u00e1. No desmerezco a Car\u00e9n, pero el hecho de llegar a Las Ramadas, no tener luz, no tener d\u00f3nde vivir, tener que ayudar a subir el agua para que los ni\u00f1os se pudieran alimentar todas esas cosas hicieron que valorara la profesi\u00f3n\u201d<\/strong>, indic\u00f3 la profesora.<\/p>\n\n\n\n<p><br>Por su parte, Enrique Alcayaga, exdirector de la escuela Wenceslao Vargas comenta que jam\u00e1s pens\u00f3 en quedarse en su natal Vicu\u00f1a, desde que egres\u00f3 de la Universidad de Chile, sede La Serena (actualmente ULS), quiso un rumbo distinto y as\u00ed fue como lleg\u00f3 a Monte Patria a trabajar como profesor.<br><br><strong>\u201cSab\u00eda que esta etapa de mi vida iba a llegar. Son sentimientos encontrados por la cantidad de a\u00f1os al servicio de esta muy buena comuna. Desde el a\u00f1o 1986 en la comuna de Monte Patria y desde 1990 en la localidad de Rapel, primero como profesor y luego como director de esa escena. Quiero agradecer a la comunidad del R\u00edo Rapel porque la escuela Wenceslao Vargas alberga estudiantes de todo el r\u00edo y es un lugar con condiciones muy especiales; son personas buenas al igual que sus estudiantes y uno al trabajar ah\u00ed se siente parte de ellos\u201d<\/strong>.<\/p>\n\n\n\n<p>As\u00ed como las historias de Rita y Enrique, dos profesores que hicieron carrera en la comuna, son cientos de docentes que cada a\u00f1o deciden aventurarse en el territorio. Actualmente la red de educaci\u00f3n municipal consta de 14 establecimientos polidocentes; cuatro escuelas intermedias y una veintena de escuelas multigrado (unidocentes).<\/p>\n\n\n\n<p><br>Desde el municipio, el alcalde Cristian Herrera Pe\u00f1a, indic\u00f3 que <strong>\u201cson profesores y profesoras que son parte de la historia de la comuna de Monte Patria en los establecimientos en donde ellos les toc\u00f3 hacer clases a generaciones de estudiantes formados por cada uno de ellos, que son parte de los establecimientos, pero tambi\u00e9n de cada uno de los pueblos donde estuvieron con escuelas abiertas. Hoy fue el minuto de entregarles el cheque de su jubilaci\u00f3n, pero principalmente agradecerles por la vocaci\u00f3n de servicio p\u00fablico que demostraron durante sus a\u00f1os de carrera docente\u201d.<\/strong><\/p>\n\n\n\n<p>La jornada culmin\u00f3 entre aplausos y abrazos de parte de los funcionarios del Departamento de Educaci\u00f3n hacia los docentes, que no contuvieron la emoci\u00f3n latente de ser reconocidos en vida por su labor y servicio en el sistema de educaci\u00f3n p\u00fablica.<\/p>\n","protected":false},"excerpt":{"rendered":"<p>&#8211; La jornada culmin\u00f3 entre aplausos y abrazos por parte de los funcionarios del Departamento de Educaci\u00f3n hacia los profesores, quienes no contuvieron la emoci\u00f3n latente de ser reconocidos en vida por su labor y servicio en el sistema de educaci\u00f3n p\u00fablica. Momentos de emoci\u00f3n y nostalgia se vivieron durante el desayuno de reconocimiento a &#8230;<\/p>\n","protected":false},"author":2,"featured_media":12355,"comment_status":"open","ping_status":"open","sticky":false,"template":"","format":"standard","meta":{"footnotes":""},"categories":[5],"tags":[],"class_list":["post-12354","post","type-post","status-publish","format-standard","has-post-thumbnail","hentry","category-actualidad-limarina"],"_links":{"self":[{"href":"https:\/\/www.radiolimari.cl\/index.php?rest_route=\/wp\/v2\/posts\/12354","targetHints":{"allow":["GET"]}}],"collection":[{"href":"https:\/\/www.radiolimari.cl\/index.php?rest_route=\/wp\/v2\/posts"}],"about":[{"href":"https:\/\/www.radiolimari.cl\/index.php?rest_route=\/wp\/v2\/types\/post"}],"author":[{"embeddable":true,"href":"https:\/\/www.radiolimari.cl\/index.php?rest_route=\/wp\/v2\/users\/2"}],"replies":[{"embeddable":true,"href":"https:\/\/www.radiolimari.cl\/index.php?rest_route=%2Fwp%2Fv2%2Fcomments&post=12354"}],"version-history":[{"count":1,"href":"https:\/\/www.radiolimari.cl\/index.php?rest_route=\/wp\/v2\/posts\/12354\/revisions"}],"predecessor-version":[{"id":12356,"href":"https:\/\/www.radiolimari.cl\/index.php?rest_route=\/wp\/v2\/posts\/12354\/revisions\/12356"}],"wp:featuredmedia":[{"embeddable":true,"href":"https:\/\/www.radiolimari.cl\/index.php?rest_route=\/wp\/v2\/media\/12355"}],"wp:attachment":[{"href":"https:\/\/www.radiolimari.cl\/index.php?rest_route=%2Fwp%2Fv2%2Fmedia&parent=12354"}],"wp:term":[{"taxonomy":"category","embeddable":true,"href":"https:\/\/www.radiolimari.cl\/index.php?rest_route=%2Fwp%2Fv2%2Fcategories&post=12354"},{"taxonomy":"post_tag","embeddable":true,"href":"https:\/\/www.radiolimari.cl\/index.php?rest_route=%2Fwp%2Fv2%2Ftags&post=12354"}],"curies":[{"name":"wp","href":"https:\/\/api.w.org\/{rel}","templated":true}]}}