{"id":12342,"date":"2025-03-04T15:17:29","date_gmt":"2025-03-04T15:17:29","guid":{"rendered":"https:\/\/www.radiolimari.cl\/?p=12342"},"modified":"2025-03-04T15:17:30","modified_gmt":"2025-03-04T15:17:30","slug":"en-la-comuna-de-ovalle-sectores-urbanos-y-rurales-recorreran-los-operativos-de-basura-historica-durante-marzo","status":"publish","type":"post","link":"https:\/\/www.radiolimari.cl\/?p=12342","title":{"rendered":"En la comuna de Ovalle, sectores urbanos y rurales recorrer\u00e1n los operativos de basura hist\u00f3rica durante marzo."},"content":{"rendered":"\n<figure class=\"wp-block-gallery has-nested-images columns-default is-cropped wp-block-gallery-1 is-layout-flex wp-block-gallery-is-layout-flex\">\n<figure class=\"wp-block-image size-large\"><a href=\"https:\/\/www.radiolimari.cl\/wp-content\/uploads\/2025\/03\/Basura-historica-Ovalle-1-scaled.jpg\"><img fetchpriority=\"high\" decoding=\"async\" width=\"1024\" height=\"768\" data-id=\"12343\" src=\"https:\/\/www.radiolimari.cl\/wp-content\/uploads\/2025\/03\/Basura-historica-Ovalle-1-1024x768.jpg\" alt=\"\" class=\"wp-image-12343\" srcset=\"https:\/\/www.radiolimari.cl\/wp-content\/uploads\/2025\/03\/Basura-historica-Ovalle-1-1024x768.jpg 1024w, https:\/\/www.radiolimari.cl\/wp-content\/uploads\/2025\/03\/Basura-historica-Ovalle-1-300x225.jpg 300w, https:\/\/www.radiolimari.cl\/wp-content\/uploads\/2025\/03\/Basura-historica-Ovalle-1-768x576.jpg 768w, https:\/\/www.radiolimari.cl\/wp-content\/uploads\/2025\/03\/Basura-historica-Ovalle-1-1536x1152.jpg 1536w, https:\/\/www.radiolimari.cl\/wp-content\/uploads\/2025\/03\/Basura-historica-Ovalle-1-2048x1536.jpg 2048w\" sizes=\"(max-width: 1024px) 100vw, 1024px\" \/><\/a><\/figure>\n<\/figure>\n\n\n\n<p><strong><em>Las intervenciones, que permiten que las familias de la comuna se deshagan de materiales y artefactos el\u00e9ctricos en desuso, son realizadas por el departamento de Medio Ambiente, Aseo y Ornato y la empresa SoloVerde, los d\u00edas jueves en la zona rural y los s\u00e1bados en la zona urbana.<\/em><\/strong><\/p>\n\n\n\n<p>Durante marzo, el municipio de Ovalle realizar\u00e1 operativos de basura hist\u00f3rica en zona urbana y rural de la comuna. La intervenci\u00f3n se ejecuta a trav\u00e9s del departamento de Medio Ambiente, Aseo y Ornato en conjunto con la empresa encargada de recolecci\u00f3n domiciliaria SoloVerde, y permite que las familias ovallinas se deshagan de materiales en desuso, mobiliario y art\u00edculos el\u00e9ctricos en mal estado.<\/p>\n\n\n\n<p>Los beneficiarios ser\u00e1n los habitantes de la localidad de Salala (jueves 6 de marzo), la poblaci\u00f3n Media Hacienda (s\u00e1bado 8 de marzo), La Torre (jueves 13 de marzo), Villa Los Pimientos y Las Tranqueras (s\u00e1bado 15 de marzo), Cerrillos de Tamaya (jueves 20 de marzo), Poblaci\u00f3n Stecher y Poblaci\u00f3n Canihuante (s\u00e1bado 22 de marzo), Sotaqui (jueves 27 de marzo) y El Molino, Villa El Molino, poblaci\u00f3n Pac\u00edfico (s\u00e1bado 29 de marzo).<\/p>\n\n\n\n<p>El alcalde de Ovalle, H\u00e9ctor Vega Campusano indic\u00f3 que como municipio \u201centregamos esta alternativa, con el fin de mejorar la calidad de vida de nuestras familias, puesto que se pueden deshacer de materiales y artefactos el\u00e9ctricos en mal estado de forma gratuita, lo que evita la acumulaci\u00f3n y problemas sanitarios en las \u00e1reas de recreaci\u00f3n de los hogares. Adem\u00e1s, estos operativos contribuyen con el medio ambiente, puesto que evitamos que estos residuos sean depositados en sitios eriazos y zonas perif\u00e9ricas de la comuna\u201d.&nbsp;<\/p>\n\n\n\n<p>Previo al proceso de retiro, las principales recomendaciones son dejar sus residuos en el frontis de sus hogares o en alg\u00fan lugar que hayan acordado con la respectiva junta de vecinos. Los operativos se efect\u00faan desde las 9.00 de la ma\u00f1ana, horario en que las cuadrillas de trabajadores inician su labor.<\/p>\n","protected":false},"excerpt":{"rendered":"<p>Las intervenciones, que permiten que las familias de la comuna se deshagan de materiales y artefactos el\u00e9ctricos en desuso, son realizadas por el departamento de Medio Ambiente, Aseo y Ornato y la empresa SoloVerde, los d\u00edas jueves en la zona rural y los s\u00e1bados en la zona urbana. Durante marzo, el municipio de Ovalle realizar\u00e1 &#8230;<\/p>\n","protected":false},"author":2,"featured_media":12343,"comment_status":"open","ping_status":"open","sticky":false,"template":"","format":"standard","meta":{"footnotes":""},"categories":[5],"tags":[],"class_list":["post-12342","post","type-post","status-publish","format-standard","has-post-thumbnail","hentry","category-actualidad-limarina"],"_links":{"self":[{"href":"https:\/\/www.radiolimari.cl\/index.php?rest_route=\/wp\/v2\/posts\/12342","targetHints":{"allow":["GET"]}}],"collection":[{"href":"https:\/\/www.radiolimari.cl\/index.php?rest_route=\/wp\/v2\/posts"}],"about":[{"href":"https:\/\/www.radiolimari.cl\/index.php?rest_route=\/wp\/v2\/types\/post"}],"author":[{"embeddable":true,"href":"https:\/\/www.radiolimari.cl\/index.php?rest_route=\/wp\/v2\/users\/2"}],"replies":[{"embeddable":true,"href":"https:\/\/www.radiolimari.cl\/index.php?rest_route=%2Fwp%2Fv2%2Fcomments&post=12342"}],"version-history":[{"count":1,"href":"https:\/\/www.radiolimari.cl\/index.php?rest_route=\/wp\/v2\/posts\/12342\/revisions"}],"predecessor-version":[{"id":12344,"href":"https:\/\/www.radiolimari.cl\/index.php?rest_route=\/wp\/v2\/posts\/12342\/revisions\/12344"}],"wp:featuredmedia":[{"embeddable":true,"href":"https:\/\/www.radiolimari.cl\/index.php?rest_route=\/wp\/v2\/media\/12343"}],"wp:attachment":[{"href":"https:\/\/www.radiolimari.cl\/index.php?rest_route=%2Fwp%2Fv2%2Fmedia&parent=12342"}],"wp:term":[{"taxonomy":"category","embeddable":true,"href":"https:\/\/www.radiolimari.cl\/index.php?rest_route=%2Fwp%2Fv2%2Fcategories&post=12342"},{"taxonomy":"post_tag","embeddable":true,"href":"https:\/\/www.radiolimari.cl\/index.php?rest_route=%2Fwp%2Fv2%2Ftags&post=12342"}],"curies":[{"name":"wp","href":"https:\/\/api.w.org\/{rel}","templated":true}]}}