{"id":12339,"date":"2025-03-03T21:02:26","date_gmt":"2025-03-03T21:02:26","guid":{"rendered":"https:\/\/www.radiolimari.cl\/?p=12339"},"modified":"2025-03-03T21:02:27","modified_gmt":"2025-03-03T21:02:27","slug":"un-exitoso-zonal-norte-enduro-monte-patria-2025-se-realizo-el-fin-de-semana","status":"publish","type":"post","link":"https:\/\/www.radiolimari.cl\/?p=12339","title":{"rendered":"Un exitoso Zonal Norte Enduro Monte Patria 2025 se realiz\u00f3  el fin de semana."},"content":{"rendered":"\n<figure class=\"wp-block-gallery has-nested-images columns-default is-cropped wp-block-gallery-1 is-layout-flex wp-block-gallery-is-layout-flex\">\n<figure class=\"wp-block-image size-large\"><a href=\"https:\/\/www.radiolimari.cl\/wp-content\/uploads\/2025\/03\/ZONAL-NORTE-ENDURO-MONTE-PATRIA-2025_218-scaled.jpg\"><img fetchpriority=\"high\" decoding=\"async\" width=\"1024\" height=\"683\" data-id=\"12340\" src=\"https:\/\/www.radiolimari.cl\/wp-content\/uploads\/2025\/03\/ZONAL-NORTE-ENDURO-MONTE-PATRIA-2025_218-1024x683.jpg\" alt=\"\" class=\"wp-image-12340\" srcset=\"https:\/\/www.radiolimari.cl\/wp-content\/uploads\/2025\/03\/ZONAL-NORTE-ENDURO-MONTE-PATRIA-2025_218-1024x683.jpg 1024w, https:\/\/www.radiolimari.cl\/wp-content\/uploads\/2025\/03\/ZONAL-NORTE-ENDURO-MONTE-PATRIA-2025_218-300x200.jpg 300w, https:\/\/www.radiolimari.cl\/wp-content\/uploads\/2025\/03\/ZONAL-NORTE-ENDURO-MONTE-PATRIA-2025_218-768x512.jpg 768w, https:\/\/www.radiolimari.cl\/wp-content\/uploads\/2025\/03\/ZONAL-NORTE-ENDURO-MONTE-PATRIA-2025_218-1536x1024.jpg 1536w, https:\/\/www.radiolimari.cl\/wp-content\/uploads\/2025\/03\/ZONAL-NORTE-ENDURO-MONTE-PATRIA-2025_218-2048x1365.jpg 2048w\" sizes=\"(max-width: 1024px) 100vw, 1024px\" \/><\/a><\/figure>\n<\/figure>\n\n\n\n<p><strong><em>El evento corresponde a la primera fecha de la temporada, con nuevos encuentros previstos para los sectores de Tierra Amarilla, Combarbal\u00e1, Ovalle, La Serena, Canela y Punitaqui.<\/em><\/strong><\/p>\n\n\n\n<p>M\u00e1s de 250 competidores y 800 asistentes, el Zonal Norte Enduro Monte Patria 2025 dej\u00f3 en alto el nombre de la comuna de los valles generosos. Durante este fin de semana, fueron cientos las familias que se movilizaron para participar de este gran evento deportivo, la primera fecha de la temporada, que este a\u00f1o viene cargada de panoramas.<\/p>\n\n\n\n<p>Desde hace 29 a\u00f1os, la coordinaci\u00f3n del Zonal Norte Enduro ha realizado una serie de temporadas y eventos de este deporte, el cual mezcla lo mejor de la adrenalina deportiva y la destreza mec\u00e1nica del mundo de las motos. Este s\u00e1bado 01 y domingo 02 le correspondi\u00f3 a Monte Patria ser local en este gran evento, el cual convoc\u00f3 a m\u00e1s de 800 personas, generando una activaci\u00f3n deportiva, econ\u00f3mica y tur\u00edstica.<\/p>\n\n\n\n<p>El evento se realiz\u00f3 en el sector La Laja, interior de Monte Patria, donde se realizaron las extensas competencias de Enduro, con m\u00e1s de 16 categor\u00edas, pilotos de todo el norte del pa\u00eds disfrutaron de los obst\u00e1culos y complejos caminos de los valles generosos.<\/p>\n\n\n\n<p>El evento fue organizado por el Club Enduro Monte Patria, anfitriones locales quienes, en conjunto con el apoyo del municipio de Monte Patria, lograron levantar esta gran apuesta deportiva. La competencia en s\u00ed estuvo re\u00f1ida, los podios fueron variados, algunos para Monte Patria, otros para clubes de otras regiones, Atacama, Antofagasta y varios de la regi\u00f3n de Coquimbo.<\/p>\n\n\n\n<p>El detalle de competencia y primeros lugares es el siguiente: 50CC, Maximiliano Campusano Pinto; 65CC, Maximiliano Maldonado; 85CC, Joaqu\u00edn Vega Barrera; Escuela, Johans Alcayaga; Escuela Mayor 30, Juan Camilo Ospina; Experto, Boris Rubilar Castro; Experto Mayor 30, Nimer Hammad De La Rosa; Experto Mayor 42, Carlos Roberto Mu\u00f1oz Barraza; Intermedio, Angelo Marre Valenzuela; Intermedio Mayor 30, Christian MacMillan; Mamadera, Jos\u00e9 Thomas Cort\u00e9s; Master, Franklin Rivera Latrille; Promocional A, Fabi\u00e1n Flores; Promocional B, Pablo Castillo; Super Experto, Danko Mar\u00edn; Super Experto Mayor 30, Edgardo D\u00edaz Araya.<\/p>\n\n\n\n<p>Al respecto de la jornada, Joaqu\u00edn Huerta Rodr\u00edguez, joven montepatrino ganador de la categor\u00eda intermedio e integrante del Club Enduro Monte Patria, relat\u00f3 su experiencia por este evento, <strong>\u201cuna fecha muy buena, tuve que darlo todo, tuve una ca\u00edda, pero llegamos al final y logr\u00e9 ganar. Representado a Monte Patria, agradecido a mi familia, mis amigos, me han apoyado siempre\u201d.<\/strong><\/p>\n\n\n\n<p>Desde la provincia del Elqui, Ignacio \u00c1lvarez, integrante del Team Furia Costera y ganador de la categor\u00eda S\u00faper Experto, destac\u00f3 la pista de competici\u00f3n y la propuesta desde Monte Patria. <strong>\u201cNo ven\u00edamos muy bien preparados, por temas personas, pero pudimos sacar la carrera adelante, con un primer lugar. Fue una pista dif\u00edcil, pero lo logramos bien\u201d.<\/strong><\/p>\n\n\n\n<p>El evento fue organizado por el deportivo local Club Enduro Monte Patria, su presidente Leonardo Laflor, destac\u00f3 el trabajo realizado, valorando la alta participaci\u00f3n de clubes de otros territorios. <strong>\u201cTenemos competidores de toda la zona norte, antofagasta, Ovalle, La Serena, Coquimbo, Copiap\u00f3, Canela, vicu\u00f1a. Tuvimos un n\u00famero cercano a 24\u00ba pilotos y m\u00e1s de 800 asistentes, fue todo un \u00e9xito\u201d.<\/strong><\/p>\n\n\n\n<p>Desde la gesti\u00f3n Municipal, Victor Arqueros, encargado de la Oficina Municipal de Deportes valor\u00f3 el resultado de este evento, el cual solo es el comienzo de la temporada actual de Enduro en el norte del pa\u00eds. <strong>\u201cNos juntamos con el alcalde y don Cristian Herrera nos encomend\u00f3 gestionar los aportes, hacer una grata jornada y bueno, los pilotos se fueron muy contentos, con grandes expectativas para las fechas que se viene. La gente contenta, est\u00e1n dejando todo impecable y bueno, una gran jornada\u201d.<\/strong><\/p>\n\n\n\n<p>La siguiente fecha del Zonal Norte Enduro est\u00e1 prevista para la regi\u00f3n de Atacama, puntualmente en Tierra Amarilla, sin embargo, aun considerando los detalles que faltan por resolver, lo que s\u00ed est\u00e1 confirmado es el entusiasmo de los pilotos y <em>teams<\/em> de Enduro, quienes se deber\u00e1n trasladar hasta la 3ra regi\u00f3n para disputar la segunda fecha de la temporada.<\/p>\n","protected":false},"excerpt":{"rendered":"<p>El evento corresponde a la primera fecha de la temporada, con nuevos encuentros previstos para los sectores de Tierra Amarilla, Combarbal\u00e1, Ovalle, La Serena, Canela y Punitaqui. M\u00e1s de 250 competidores y 800 asistentes, el Zonal Norte Enduro Monte Patria 2025 dej\u00f3 en alto el nombre de la comuna de los valles generosos. Durante este &#8230;<\/p>\n","protected":false},"author":2,"featured_media":12340,"comment_status":"open","ping_status":"open","sticky":false,"template":"","format":"standard","meta":{"footnotes":""},"categories":[3],"tags":[],"class_list":["post-12339","post","type-post","status-publish","format-standard","has-post-thumbnail","hentry","category-actualidad"],"_links":{"self":[{"href":"https:\/\/www.radiolimari.cl\/index.php?rest_route=\/wp\/v2\/posts\/12339","targetHints":{"allow":["GET"]}}],"collection":[{"href":"https:\/\/www.radiolimari.cl\/index.php?rest_route=\/wp\/v2\/posts"}],"about":[{"href":"https:\/\/www.radiolimari.cl\/index.php?rest_route=\/wp\/v2\/types\/post"}],"author":[{"embeddable":true,"href":"https:\/\/www.radiolimari.cl\/index.php?rest_route=\/wp\/v2\/users\/2"}],"replies":[{"embeddable":true,"href":"https:\/\/www.radiolimari.cl\/index.php?rest_route=%2Fwp%2Fv2%2Fcomments&post=12339"}],"version-history":[{"count":1,"href":"https:\/\/www.radiolimari.cl\/index.php?rest_route=\/wp\/v2\/posts\/12339\/revisions"}],"predecessor-version":[{"id":12341,"href":"https:\/\/www.radiolimari.cl\/index.php?rest_route=\/wp\/v2\/posts\/12339\/revisions\/12341"}],"wp:featuredmedia":[{"embeddable":true,"href":"https:\/\/www.radiolimari.cl\/index.php?rest_route=\/wp\/v2\/media\/12340"}],"wp:attachment":[{"href":"https:\/\/www.radiolimari.cl\/index.php?rest_route=%2Fwp%2Fv2%2Fmedia&parent=12339"}],"wp:term":[{"taxonomy":"category","embeddable":true,"href":"https:\/\/www.radiolimari.cl\/index.php?rest_route=%2Fwp%2Fv2%2Fcategories&post=12339"},{"taxonomy":"post_tag","embeddable":true,"href":"https:\/\/www.radiolimari.cl\/index.php?rest_route=%2Fwp%2Fv2%2Ftags&post=12339"}],"curies":[{"name":"wp","href":"https:\/\/api.w.org\/{rel}","templated":true}]}}