{"id":12325,"date":"2025-03-03T00:10:09","date_gmt":"2025-03-03T00:10:09","guid":{"rendered":"https:\/\/www.radiolimari.cl\/?p=12325"},"modified":"2025-03-03T00:10:10","modified_gmt":"2025-03-03T00:10:10","slug":"estudiantes-ovallinos-inician-el-desafio-de-la-educacion-superior-participando-en-la-semana-cero-de-santo-tomas","status":"publish","type":"post","link":"https:\/\/www.radiolimari.cl\/?p=12325","title":{"rendered":"Estudiantes ovallinos inician el desaf\u00edo de la educaci\u00f3n superior participando en la \u00abSemana Cero\u00bb de Santo Tom\u00e1s."},"content":{"rendered":"\n<figure class=\"wp-block-gallery has-nested-images columns-default is-cropped wp-block-gallery-1 is-layout-flex wp-block-gallery-is-layout-flex\">\n<figure class=\"wp-block-image size-large\"><a href=\"https:\/\/www.radiolimari.cl\/wp-content\/uploads\/2025\/03\/IMG_6177-1-scaled.jpg\"><img fetchpriority=\"high\" decoding=\"async\" width=\"1024\" height=\"683\" data-id=\"12326\" src=\"https:\/\/www.radiolimari.cl\/wp-content\/uploads\/2025\/03\/IMG_6177-1-1024x683.jpg\" alt=\"\" class=\"wp-image-12326\" srcset=\"https:\/\/www.radiolimari.cl\/wp-content\/uploads\/2025\/03\/IMG_6177-1-1024x683.jpg 1024w, https:\/\/www.radiolimari.cl\/wp-content\/uploads\/2025\/03\/IMG_6177-1-300x200.jpg 300w, https:\/\/www.radiolimari.cl\/wp-content\/uploads\/2025\/03\/IMG_6177-1-768x512.jpg 768w, https:\/\/www.radiolimari.cl\/wp-content\/uploads\/2025\/03\/IMG_6177-1-1536x1024.jpg 1536w, https:\/\/www.radiolimari.cl\/wp-content\/uploads\/2025\/03\/IMG_6177-1-2048x1365.jpg 2048w\" sizes=\"(max-width: 1024px) 100vw, 1024px\" \/><\/a><\/figure>\n<\/figure>\n\n\n\n<p><strong><em>Diversas actividades de inducci\u00f3n a la educaci\u00f3n superior marcan el inicio del a\u00f1o acad\u00e9mico para nuevos tomasinos.<\/em><\/strong><\/p>\n\n\n\n<p>Con el objetivo de brindar una c\u00e1lida bienvenida y acompa\u00f1ar a los nuevos estudiantes en su proceso de inserci\u00f3n a la educaci\u00f3n superior, el Instituto Profesional y Centro de Formaci\u00f3n T\u00e9cnica Santo Tom\u00e1s sede Ovalle dio inicio a la tradicional \u00abSemana Cero\u00bb. Durante este per\u00edodo, los alumnos de primer a\u00f1o participan en reuniones generales con sus jefes de carrera y docentes, donde conocen en profundidad su malla curricular, las asignaturas y talleres que cursar\u00e1n, as\u00ed como los distintos servicios acad\u00e9micos y de vida estudiantil disponibles para ellos.<\/p>\n\n\n\n<p>Adem\u00e1s, a trav\u00e9s de las Ferias de Servicio y Vida Estudiantil, los estudiantes se informaron sobre los distintos servicios que tienen a su disposici\u00f3n, entre los cuales destacan el Centro de Aprendizaje, DAE, E-Learning, Biblioteca, Formaci\u00f3n e Identidad, Talleres Extracurriculares, los Hermanos Tomasinos, entre otros apoyos.<\/p>\n\n\n\n<p>En este aspecto, la Directora de Asuntos Estudiantiles, Priscila Araya, destac\u00f3 la importancia de este proceso de inducci\u00f3n, puesto que para Santo Tom\u00e1s \u00abes muy importante poder acompa\u00f1ar y orientar este primer acercamiento del estudiante a la educaci\u00f3n superior. La Semana Cero es significativa, ya que nos permite, a trav\u00e9s del programa de los Hermanos Tomasinos de la Direcci\u00f3n de Asuntos Estudiantiles, que los nuevos alumnos conozcan la instituci\u00f3n, sus diversos programas y servicios. Adem\u00e1s, contamos con una feria estudiantil que informa sobre las diferentes instancias de apoyo y complemento a la formaci\u00f3n acad\u00e9mica\u00bb.<\/p>\n\n\n\n<p><strong>Experiencias de los estudiantes<\/strong><\/p>\n\n\n\n<p>La iniciativa ha sido bien recibida por los nuevos tomasinos, quienes han valorado la oportunidad de integrarse a la comunidad estudiantil antes del inicio formal de las clases. Camila Robles, estudiante de T\u00e9cnico en Enfermer\u00eda, expres\u00f3 su entusiasmo, diciendo que \u00abla Semana Cero ha sido lo m\u00e1s bac\u00e1n que ha pasado. Los talleres nos ense\u00f1an a ser emp\u00e1ticos y a sobrellevarnos en la carrera. Esto no se hac\u00eda antes, y lo de los Hermanos Tomasinos es algo en lo que me gustar\u00eda participar porque organizaron juegos y actividades muy entretenidas. Estoy ansiosa por la feria y espero que los talleres contin\u00faen porque realmente nos aportan mucho\u00bb.<\/p>\n\n\n\n<p>Renato D\u00edaz Miranda de la carrera Gastronom\u00eda Internacional y Tradicional Chilena tambi\u00e9n valor\u00f3 la experiencia, puesto que, seg\u00fan dijo, \u00abha sido s\u00faper agradable, porque los profesores han explicado todo muy bien. Tambi\u00e9n nos han ense\u00f1ado c\u00f3mo usar la plataforma, y ha sido un proceso muy claro y transparente\u00bb. Su compa\u00f1era de carrera, Daisy Garc\u00eda, resalt\u00f3 el ambiente acogedor y el apoyo recibido. \u00abLa experiencia ha sido muy din\u00e1mica. Los profesores han sido excelentes, las instalaciones son muy buenas y el recibimiento por parte de los Hermanos Tomasinos fue muy divertido. Nos compartieron sus experiencias y nos aseguraron que estar\u00e1n ah\u00ed para apoyarnos\u00bb.<\/p>\n\n\n\n<p>Por su parte, Melisa Jofr\u00e9, estudiante de T\u00e9cnico en Educaci\u00f3n Especial, coment\u00f3 que est\u00e1 \u00abmuy contenta con la Semana Cero. Ha sido espectacular. Todos est\u00e1n dispuestos a ayudarnos y responder nuestras consultas. Se nota que es un ambiente totalmente distinto, con mucha disposici\u00f3n y compa\u00f1erismo. Me voy con el coraz\u00f3n llenito y con una muy linda experiencia\u00bb.<\/p>\n\n\n\n<p><strong>Una bienvenida integradora<\/strong><\/p>\n\n\n\n<p>Durante la Semana Cero, los nuevos tomasinos no solo reciben informaci\u00f3n clave para su desarrollo acad\u00e9mico, sino que tambi\u00e9n tienen la oportunidad de conocer a sus compa\u00f1eros y familiarizarse con la vida estudiantil. A trav\u00e9s de actividades l\u00fadicas, talleres y la feria de servicios, se busca generar un ambiente de integraci\u00f3n y apoyo mutuo.<\/p>\n\n\n\n<p>Con este proceso de inducci\u00f3n, Santo Tom\u00e1s reafirma su compromiso con la formaci\u00f3n integral de sus estudiantes, brind\u00e1ndoles herramientas y espacios de acompa\u00f1amiento desde el primer d\u00eda. La Semana Cero se proyecta como una experiencia enriquecedora que marca el inicio de una nueva etapa en la vida de los alumnos, prepar\u00e1ndolos para enfrentar con \u00e9xito los desaf\u00edos del mundo acad\u00e9mico y profesional.<\/p>\n\n\n\n<p>Una iniciativa que se realiza todos los a\u00f1os para dar el v\u00eda al a\u00f1o acad\u00e9mico y antes del inicio oficial de clases que en esta oportunidad ser\u00e1 el lunes 10 de marzo.<\/p>\n","protected":false},"excerpt":{"rendered":"<p>Diversas actividades de inducci\u00f3n a la educaci\u00f3n superior marcan el inicio del a\u00f1o acad\u00e9mico para nuevos tomasinos. Con el objetivo de brindar una c\u00e1lida bienvenida y acompa\u00f1ar a los nuevos estudiantes en su proceso de inserci\u00f3n a la educaci\u00f3n superior, el Instituto Profesional y Centro de Formaci\u00f3n T\u00e9cnica Santo Tom\u00e1s sede Ovalle dio inicio a &#8230;<\/p>\n","protected":false},"author":2,"featured_media":12326,"comment_status":"open","ping_status":"open","sticky":false,"template":"","format":"standard","meta":{"footnotes":""},"categories":[5],"tags":[],"class_list":["post-12325","post","type-post","status-publish","format-standard","has-post-thumbnail","hentry","category-actualidad-limarina"],"_links":{"self":[{"href":"https:\/\/www.radiolimari.cl\/index.php?rest_route=\/wp\/v2\/posts\/12325","targetHints":{"allow":["GET"]}}],"collection":[{"href":"https:\/\/www.radiolimari.cl\/index.php?rest_route=\/wp\/v2\/posts"}],"about":[{"href":"https:\/\/www.radiolimari.cl\/index.php?rest_route=\/wp\/v2\/types\/post"}],"author":[{"embeddable":true,"href":"https:\/\/www.radiolimari.cl\/index.php?rest_route=\/wp\/v2\/users\/2"}],"replies":[{"embeddable":true,"href":"https:\/\/www.radiolimari.cl\/index.php?rest_route=%2Fwp%2Fv2%2Fcomments&post=12325"}],"version-history":[{"count":1,"href":"https:\/\/www.radiolimari.cl\/index.php?rest_route=\/wp\/v2\/posts\/12325\/revisions"}],"predecessor-version":[{"id":12327,"href":"https:\/\/www.radiolimari.cl\/index.php?rest_route=\/wp\/v2\/posts\/12325\/revisions\/12327"}],"wp:featuredmedia":[{"embeddable":true,"href":"https:\/\/www.radiolimari.cl\/index.php?rest_route=\/wp\/v2\/media\/12326"}],"wp:attachment":[{"href":"https:\/\/www.radiolimari.cl\/index.php?rest_route=%2Fwp%2Fv2%2Fmedia&parent=12325"}],"wp:term":[{"taxonomy":"category","embeddable":true,"href":"https:\/\/www.radiolimari.cl\/index.php?rest_route=%2Fwp%2Fv2%2Fcategories&post=12325"},{"taxonomy":"post_tag","embeddable":true,"href":"https:\/\/www.radiolimari.cl\/index.php?rest_route=%2Fwp%2Fv2%2Ftags&post=12325"}],"curies":[{"name":"wp","href":"https:\/\/api.w.org\/{rel}","templated":true}]}}