{"id":12297,"date":"2025-02-17T20:46:59","date_gmt":"2025-02-17T20:46:59","guid":{"rendered":"https:\/\/www.radiolimari.cl\/?p=12297"},"modified":"2025-02-17T20:47:00","modified_gmt":"2025-02-17T20:47:00","slug":"positivos-balances-de-la-2a-fiesta-costumbrista-de-cerrillos-de-tamaya-y-la-expo-cervezas-artesanales-del-limari","status":"publish","type":"post","link":"https:\/\/www.radiolimari.cl\/?p=12297","title":{"rendered":"Positivos balances de la 2\u00aa Fiesta Costumbrista de Cerrillos de Tamaya y la Expo Cervezas Artesanales del Limar\u00ed."},"content":{"rendered":"\n<figure class=\"wp-block-gallery has-nested-images columns-default is-cropped wp-block-gallery-1 is-layout-flex wp-block-gallery-is-layout-flex\">\n<figure class=\"wp-block-image size-large\"><a href=\"https:\/\/www.radiolimari.cl\/wp-content\/uploads\/2025\/02\/Inauguracio\u0301n-Fiesta-Costumbrista-Cerrillos-de-Tamaya.png\"><img fetchpriority=\"high\" decoding=\"async\" width=\"1024\" height=\"426\" data-id=\"12298\" src=\"https:\/\/www.radiolimari.cl\/wp-content\/uploads\/2025\/02\/Inauguracio\u0301n-Fiesta-Costumbrista-Cerrillos-de-Tamaya-1024x426.png\" alt=\"\" class=\"wp-image-12298\" srcset=\"https:\/\/www.radiolimari.cl\/wp-content\/uploads\/2025\/02\/Inauguracio\u0301n-Fiesta-Costumbrista-Cerrillos-de-Tamaya-1024x426.png 1024w, https:\/\/www.radiolimari.cl\/wp-content\/uploads\/2025\/02\/Inauguracio\u0301n-Fiesta-Costumbrista-Cerrillos-de-Tamaya-300x125.png 300w, https:\/\/www.radiolimari.cl\/wp-content\/uploads\/2025\/02\/Inauguracio\u0301n-Fiesta-Costumbrista-Cerrillos-de-Tamaya-768x320.png 768w, https:\/\/www.radiolimari.cl\/wp-content\/uploads\/2025\/02\/Inauguracio\u0301n-Fiesta-Costumbrista-Cerrillos-de-Tamaya.png 1074w\" sizes=\"(max-width: 1024px) 100vw, 1024px\" \/><\/a><\/figure>\n<\/figure>\n\n\n\n<p><em>Las actividades convocaron a un gran n\u00famero de visitantes y espectadores, quienes pudieron disfrutar de las tradiciones, gastronom\u00eda t\u00edpica y variadas presentaciones art\u00edsticas en ambos eventos.<\/em><\/p>\n\n\n\n<p>La Segunda Fiesta Costumbrista de Cerrillos de Tamaya fue todo un \u00e9xito, consolid\u00e1ndose como un evento clave para la puesta en valor de las tradiciones y la identidad local.<\/p>\n\n\n\n<p>Durante la jornada, cientos de personas disfrutaron de los 50 stands con gastronom\u00eda t\u00edpica, artesan\u00edas y presentaciones art\u00edsticas que llenaron de vida este encuentro comunitario, adem\u00e1s de conocer la historia de la localidad gracias un puesto informativo para los visitantes.<\/p>\n\n\n\n<p>Uno de los momentos m\u00e1s emotivos de la jornada fue el homenaje a don Eduardo Ardiles, vecino nacido en 1930 y que dedic\u00f3 su vida al trabajo y al desarrollo de la localidad. Por m\u00e1s de 25 a\u00f1os trabaj\u00f3 en la explotaci\u00f3n del mineral de Tamaya y ha colaborado activamente para preservar la historia local.<\/p>\n\n\n\n<p>El alcalde de Ovalle, H\u00e9ctor Vega Campusano, destac\u00f3 la importancia de esta celebraci\u00f3n. \u00abQueremos que esta fiesta se convierta en una tradici\u00f3n dentro de los actividades de verano en nuestra comuna. Es un evento que dinamiza la econom\u00eda local, con emprendedores, productos t\u00edpicos y, sobre todo, un espacio para la cultura y el encuentro. Adem\u00e1s, contamos con una variada parrilla de artistas para que la gente de Cerrillos de Tamaya y de localidades cercanas, como El Olivo y Santa Cristina, puedan disfrutar y compartir. Estamos consolidando a la comuna como un centro de actividades culturales y queremos que esta celebraci\u00f3n siga creciendo por muchos a\u00f1os m\u00e1s\u00bb, remarc\u00f3.<\/p>\n\n\n\n<p>Por su parte, la presidenta de la Junta de Vecinos N\u00b018 de Cerrillos de Tamaya, Ingrid Castillo Oyarce, expres\u00f3 su satisfacci\u00f3n por el \u00e9xito de la actividad. \u00abEsta fiesta es una gran oportunidad para potenciar nuestros productos locales y rescatar nuestro patrimonio, especialmente el legado de la miner\u00eda en Tamaya. Este a\u00f1o, quisimos hacer un reconocimiento especial a don Eduardo Ardiles, quien a sus 95 a\u00f1os es un testimonio vivo de nuestra historia y nuestro esfuerzo como comunidad. Contamos con una gran variedad de productos t\u00edpicos, como quesos, papayas y artesan\u00edas, y ha sido hermoso ver a la comunidad y a los visitantes disfrutar juntos. Queremos que esta celebraci\u00f3n siga creciendo y consolid\u00e1ndose como una tradici\u00f3n en Cerrillos de Tamaya\u201d.<\/p>\n\n\n\n<p>En el \u00e1mbito art\u00edstico se presentaron grupos folcl\u00f3ricos y artistas locales, entre ellos la Banda \u201cLos \u00c1ngeles de Gabriel\u201d y como broche de oro, fue el grupo musical Los Jaguares del Norte, quienes cerraron la jornada, con su m\u00fasica tropical ranchera.<\/p>\n\n\n\n<p>La Segunda Fiesta Costumbrista de Cerrillos de Tamaya reafirm\u00f3 de esta manera, su importancia como un espacio de encuentro y celebraci\u00f3n de la cultura del mundo rural de la comuna de Ovalle.<\/p>\n\n\n\n<p>Expo Cervezas en Los Pe\u00f1ones<\/p>\n\n\n\n<p>Una gran cantidad de p\u00fablico se congreg\u00f3 en el Parque Recreacional Los Pe\u00f1ones, en el marco de la Expo Cervezas Artesanales del Limar\u00ed, donde emprendedores y productores se dieron cita para dar vida a este tradicional evento de la comuna de Ovalle.<\/p>\n\n\n\n<p>La actividad cont\u00f3 con un variado show art\u00edstico que incluy\u00f3 la participaci\u00f3n de bandas y solistas locales como Anticalibre, Tormenta Ovallina, Los S\u00faper Reyes, La Macomba, Danisa La Faraona y Ovanda.<\/p>\n\n\n\n<p>El cierre estuvo a cargo de Arte Elegante, seud\u00f3nimo de Roberto Herrera, prol\u00edfico rapero cuya propuesta musical hizo cantar y bailar a las m\u00e1s de 15 mil personas que llegaron a disfrutar de la Expo Cervezas 2025.<\/p>\n","protected":false},"excerpt":{"rendered":"<p>Las actividades convocaron a un gran n\u00famero de visitantes y espectadores, quienes pudieron disfrutar de las tradiciones, gastronom\u00eda t\u00edpica y variadas presentaciones art\u00edsticas en ambos eventos. La Segunda Fiesta Costumbrista de Cerrillos de Tamaya fue todo un \u00e9xito, consolid\u00e1ndose como un evento clave para la puesta en valor de las tradiciones y la identidad local. &#8230;<\/p>\n","protected":false},"author":2,"featured_media":12298,"comment_status":"open","ping_status":"open","sticky":false,"template":"","format":"standard","meta":{"footnotes":""},"categories":[5],"tags":[],"class_list":["post-12297","post","type-post","status-publish","format-standard","has-post-thumbnail","hentry","category-actualidad-limarina"],"_links":{"self":[{"href":"https:\/\/www.radiolimari.cl\/index.php?rest_route=\/wp\/v2\/posts\/12297","targetHints":{"allow":["GET"]}}],"collection":[{"href":"https:\/\/www.radiolimari.cl\/index.php?rest_route=\/wp\/v2\/posts"}],"about":[{"href":"https:\/\/www.radiolimari.cl\/index.php?rest_route=\/wp\/v2\/types\/post"}],"author":[{"embeddable":true,"href":"https:\/\/www.radiolimari.cl\/index.php?rest_route=\/wp\/v2\/users\/2"}],"replies":[{"embeddable":true,"href":"https:\/\/www.radiolimari.cl\/index.php?rest_route=%2Fwp%2Fv2%2Fcomments&post=12297"}],"version-history":[{"count":1,"href":"https:\/\/www.radiolimari.cl\/index.php?rest_route=\/wp\/v2\/posts\/12297\/revisions"}],"predecessor-version":[{"id":12299,"href":"https:\/\/www.radiolimari.cl\/index.php?rest_route=\/wp\/v2\/posts\/12297\/revisions\/12299"}],"wp:featuredmedia":[{"embeddable":true,"href":"https:\/\/www.radiolimari.cl\/index.php?rest_route=\/wp\/v2\/media\/12298"}],"wp:attachment":[{"href":"https:\/\/www.radiolimari.cl\/index.php?rest_route=%2Fwp%2Fv2%2Fmedia&parent=12297"}],"wp:term":[{"taxonomy":"category","embeddable":true,"href":"https:\/\/www.radiolimari.cl\/index.php?rest_route=%2Fwp%2Fv2%2Fcategories&post=12297"},{"taxonomy":"post_tag","embeddable":true,"href":"https:\/\/www.radiolimari.cl\/index.php?rest_route=%2Fwp%2Fv2%2Ftags&post=12297"}],"curies":[{"name":"wp","href":"https:\/\/api.w.org\/{rel}","templated":true}]}}