{"id":12294,"date":"2025-02-17T20:32:43","date_gmt":"2025-02-17T20:32:43","guid":{"rendered":"https:\/\/www.radiolimari.cl\/?p=12294"},"modified":"2025-02-17T20:32:43","modified_gmt":"2025-02-17T20:32:43","slug":"asume-nuevo-seremi-de-desarrollo-social-y-familia-de-la-region-de-coquimbo","status":"publish","type":"post","link":"https:\/\/www.radiolimari.cl\/?p=12294","title":{"rendered":"Asume nuevo Seremi de Desarrollo Social y Familia de la Regi\u00f3n de Coquimbo."},"content":{"rendered":"\n<figure class=\"wp-block-gallery has-nested-images columns-default is-cropped wp-block-gallery-1 is-layout-flex wp-block-gallery-is-layout-flex\">\n<figure class=\"wp-block-image size-large\"><a href=\"https:\/\/www.radiolimari.cl\/wp-content\/uploads\/2025\/02\/SEREMI-CELSO-LOPEZ.jpeg\"><img fetchpriority=\"high\" decoding=\"async\" width=\"1024\" height=\"768\" data-id=\"12295\" src=\"https:\/\/www.radiolimari.cl\/wp-content\/uploads\/2025\/02\/SEREMI-CELSO-LOPEZ-1024x768.jpeg\" alt=\"\" class=\"wp-image-12295\" srcset=\"https:\/\/www.radiolimari.cl\/wp-content\/uploads\/2025\/02\/SEREMI-CELSO-LOPEZ-1024x768.jpeg 1024w, https:\/\/www.radiolimari.cl\/wp-content\/uploads\/2025\/02\/SEREMI-CELSO-LOPEZ-300x225.jpeg 300w, https:\/\/www.radiolimari.cl\/wp-content\/uploads\/2025\/02\/SEREMI-CELSO-LOPEZ-768x576.jpeg 768w, https:\/\/www.radiolimari.cl\/wp-content\/uploads\/2025\/02\/SEREMI-CELSO-LOPEZ-1536x1152.jpeg 1536w, https:\/\/www.radiolimari.cl\/wp-content\/uploads\/2025\/02\/SEREMI-CELSO-LOPEZ.jpeg 1600w\" sizes=\"(max-width: 1024px) 100vw, 1024px\" \/><\/a><\/figure>\n<\/figure>\n\n\n\n<p><a><\/a><strong>El Ministerio de Desarrollo Social y Familia anunci\u00f3 a Celso L\u00f3pez como Secretario Regional Ministerial.<\/strong><\/p>\n\n\n\n<p><a><\/a>El nuevo Secretario Regional Ministerial de Desarrollo Social y Familiaes Celso L\u00f3pez San Francisco, de profesi\u00f3n Profesor de Estado en Historia y Geograf\u00eda de la Universidad de La Serena. Es Doctor en Ciencias Pol\u00edticas y Sociales de la Universidad Cat\u00f3lica de Lovaina, B\u00e9lgica, y M\u00e1ster en Estudios Especializados del Desarrollo de la misma casa de estudios.<\/p>\n\n\n\n<p><a><\/a>Al respecto, la autoridad se\u00f1al\u00f3: \u201cAntes que nada, agradecer al Gobierno del Presidente, Gabriel Boric, por esta invitaci\u00f3n. La l\u00f3gica es poder colaborar en esta \u00faltima etapa del Gobierno, en que algunos elementos importantes del programa de Gobierno se puedan concretar y avanzar en un a\u00f1o que va a ser complejo y con muchas cosas\u201d.<\/p>\n\n\n\n<p><a><\/a>Con vasta experiencia en el sector p\u00fablico, Celso L\u00f3pez se ha desempe\u00f1ado como Seremi de Educaci\u00f3n de la Regi\u00f3n de Coquimbo, Gobernador Provincial del Elqui, Subdirector de Planificaci\u00f3n y Control de Gesti\u00f3n del Servicio Local de Educaci\u00f3n P\u00fablica Puerto Cordillera y consultor residente de la Universidad de Chile en el Ministerio de Desarrollo Social y Familia.<\/p>\n\n\n\n<p><a><\/a>Sus desaf\u00edos, seg\u00fan sus propias palabras, son varios, como por ejemplo \u201cla Pol\u00edtica Nacional de Cuidados es un elemento s\u00faper importante, que se vaya concretando en las comunas, en todas partes y en todas las dimensiones. Aparte, terminar la instalaci\u00f3n del Servicio Nacional de Protecci\u00f3n Especializada a la Ni\u00f1ez y Adolescencia. Y todo lo que es la inversi\u00f3n p\u00fablica, que tiene que ver con la labor hist\u00f3rica de este ministerio\u201d.<\/p>\n\n\n\n<p><a><\/a>De esta forma, la autoridad ya asumi\u00f3 sus funciones, comenzando la labor desde este lunes 17 de febrero.<\/p>\n","protected":false},"excerpt":{"rendered":"<p>El Ministerio de Desarrollo Social y Familia anunci\u00f3 a Celso L\u00f3pez como Secretario Regional Ministerial. El nuevo Secretario Regional Ministerial de Desarrollo Social y Familiaes Celso L\u00f3pez San Francisco, de profesi\u00f3n Profesor de Estado en Historia y Geograf\u00eda de la Universidad de La Serena. Es Doctor en Ciencias Pol\u00edticas y Sociales de la Universidad Cat\u00f3lica &#8230;<\/p>\n","protected":false},"author":2,"featured_media":12295,"comment_status":"open","ping_status":"open","sticky":false,"template":"","format":"standard","meta":{"footnotes":""},"categories":[6],"tags":[],"class_list":["post-12294","post","type-post","status-publish","format-standard","has-post-thumbnail","hentry","category-regionales"],"_links":{"self":[{"href":"https:\/\/www.radiolimari.cl\/index.php?rest_route=\/wp\/v2\/posts\/12294","targetHints":{"allow":["GET"]}}],"collection":[{"href":"https:\/\/www.radiolimari.cl\/index.php?rest_route=\/wp\/v2\/posts"}],"about":[{"href":"https:\/\/www.radiolimari.cl\/index.php?rest_route=\/wp\/v2\/types\/post"}],"author":[{"embeddable":true,"href":"https:\/\/www.radiolimari.cl\/index.php?rest_route=\/wp\/v2\/users\/2"}],"replies":[{"embeddable":true,"href":"https:\/\/www.radiolimari.cl\/index.php?rest_route=%2Fwp%2Fv2%2Fcomments&post=12294"}],"version-history":[{"count":1,"href":"https:\/\/www.radiolimari.cl\/index.php?rest_route=\/wp\/v2\/posts\/12294\/revisions"}],"predecessor-version":[{"id":12296,"href":"https:\/\/www.radiolimari.cl\/index.php?rest_route=\/wp\/v2\/posts\/12294\/revisions\/12296"}],"wp:featuredmedia":[{"embeddable":true,"href":"https:\/\/www.radiolimari.cl\/index.php?rest_route=\/wp\/v2\/media\/12295"}],"wp:attachment":[{"href":"https:\/\/www.radiolimari.cl\/index.php?rest_route=%2Fwp%2Fv2%2Fmedia&parent=12294"}],"wp:term":[{"taxonomy":"category","embeddable":true,"href":"https:\/\/www.radiolimari.cl\/index.php?rest_route=%2Fwp%2Fv2%2Fcategories&post=12294"},{"taxonomy":"post_tag","embeddable":true,"href":"https:\/\/www.radiolimari.cl\/index.php?rest_route=%2Fwp%2Fv2%2Ftags&post=12294"}],"curies":[{"name":"wp","href":"https:\/\/api.w.org\/{rel}","templated":true}]}}