{"id":12290,"date":"2025-02-12T11:18:54","date_gmt":"2025-02-12T11:18:54","guid":{"rendered":"https:\/\/www.radiolimari.cl\/?p=12290"},"modified":"2025-02-12T11:18:54","modified_gmt":"2025-02-12T11:18:54","slug":"dan-a-conocer-estrategias-de-seguridad-para-proteger-a-los-recintos-de-salud-en-la-region","status":"publish","type":"post","link":"https:\/\/www.radiolimari.cl\/?p=12290","title":{"rendered":"Dan a conocer estrategias de seguridad para proteger a los recintos de salud en la regi\u00f3n."},"content":{"rendered":"\n<figure class=\"wp-block-gallery has-nested-images columns-default is-cropped wp-block-gallery-1 is-layout-flex wp-block-gallery-is-layout-flex\">\n<figure class=\"wp-block-image size-large\"><a href=\"https:\/\/www.radiolimari.cl\/wp-content\/uploads\/2025\/02\/MESA-1-scaled.jpg\"><img fetchpriority=\"high\" decoding=\"async\" width=\"1024\" height=\"683\" data-id=\"12291\" src=\"https:\/\/www.radiolimari.cl\/wp-content\/uploads\/2025\/02\/MESA-1-1024x683.jpg\" alt=\"\" class=\"wp-image-12291\" srcset=\"https:\/\/www.radiolimari.cl\/wp-content\/uploads\/2025\/02\/MESA-1-1024x683.jpg 1024w, https:\/\/www.radiolimari.cl\/wp-content\/uploads\/2025\/02\/MESA-1-300x200.jpg 300w, https:\/\/www.radiolimari.cl\/wp-content\/uploads\/2025\/02\/MESA-1-768x512.jpg 768w, https:\/\/www.radiolimari.cl\/wp-content\/uploads\/2025\/02\/MESA-1-1536x1024.jpg 1536w, https:\/\/www.radiolimari.cl\/wp-content\/uploads\/2025\/02\/MESA-1-2048x1365.jpg 2048w\" sizes=\"(max-width: 1024px) 100vw, 1024px\" \/><\/a><\/figure>\n<\/figure>\n\n\n\n<p><strong><em>En 2023, el Servicio de Salud Coquimbo report\u00f3 400 casos de agresiones a funcionarios y funcionarias, por lo que se form\u00f3 esta mesa de seguridad que busca proteger a los profesionales.<\/em><\/strong><\/p>\n\n\n\n<p>Una nueva instancia tuvo la Mesa Regional de Seguridad para la Salud de la regi\u00f3n de Coquimbo, la cual se cre\u00f3 para gestionar y apoyar la presentaci\u00f3n de querellas y resguardar la integridad de los funcionarios y funcionarias de la salud.<\/p>\n\n\n\n<p>En la instancia, participaron el Servicio de Salud, departamentos municipales de salud, dirigentes de gremios, Carabineros de Chile y la Subsecretaria de Prevenci\u00f3n del Delito, encabezados por el Delegado Presidencial Regional, Galo Luna, quienes pudieron conocer los alcances de las estrategias que ya escalaron a nivel nacional, incluyendo campa\u00f1as comunicacionales para prestar seguridad en los lugares de trabajo.<\/p>\n\n\n\n<p>Cabe recordar, que esta mesa se inici\u00f3 en la provincia del Limar\u00ed, cuando el Delegado Presidencial, Galo Luna era el Delegado Provincial del Limar\u00ed y que ha buscado desde sus inicios apoyar de manera concreta a los funcionarios, ya que, s\u00f3lo, en el a\u00f1o 2023 el Servicio de Salud report\u00f3 400 casos de agresiones a funcionarios en la regi\u00f3n. Mientras que entre enero a septiembre del a\u00f1o 2024 se registraron unas 300 denuncias de agresiones a trabajadores de salud en la regi\u00f3n, correspondiendo un 30% de ellas a amenazas a los funcionarios<\/p>\n\n\n\n<p>Esta estrategia se ha trabajado colaborativamente con los diferentes miembros de las Mesas de Seguridad de Salud de Elqui, Limar\u00ed y Choapa y tiene como objetivo dar a conocer, entre la comunidad usuaria y funcionaria de la Red Asistencial P\u00fablica de la Regi\u00f3n de Coquimbo, los procedimientos, derechos, obligaciones y sanciones relacionadas con las agresiones hacia las y los trabajadores de la salud.<\/p>\n\n\n\n<p>Al finalizar la jornada, el Delegado Presidencial Regional de Coquimbo, Galo Luna sostuvo que \u201ceste es un trabajo que ya llevamos desarrollando hace ya dos a\u00f1os y que ahora contamos con una estrategia nacional, que se produjo a trav\u00e9s de las distintas indicaciones que fueron surgiendo de estas mesas de trabajo. Hemos avanzado bastante. Con el fruto de este trabajo hemos podido crear una campa\u00f1a comunicacional, hemos hecho un levantamiento, hemos podido activar el sistema de denuncias de las agresiones en el marco de la ley consultorio seguro, pero esperamos que este a\u00f1o, sea el a\u00f1o de concretar una serie de medidas que hemos propuesto como prevenir este tipo de incidentes, pero tambi\u00e9n hacer una persecuci\u00f3n penal efectiva\u201d.<\/p>\n\n\n\n<p>Al respecto, Rodrigo Bustamante, presidente CONFUSAM de la regi\u00f3n de Coquimbo indic\u00f3 que \u201ceste es un tema muy sensible para todos los funcionarios, muy demandado por todos los funcionarios. En nuestra regi\u00f3n tenemos una gran cantidad de denuncias que se han realizado y otras agresiones que tampoco se han realizado, no se han denunciado, entonces necesitamos avanzar, primero, en poder contar con registros fehacientes, que sean ver\u00eddicos, exactos y despu\u00e9s avanzar en la segunda etapa que se viene que es todo el proceso de mejoras de implementaci\u00f3n, de coordinaciones con Carabineros, ver el tema de Fiscal\u00eda c\u00f3mo est\u00e1 avanzando en las denuncias que se han realizado\u201d.<\/p>\n\n\n\n<p>Roc\u00edo Rojas, representante de la coordinaci\u00f3n de la asociaci\u00f3n de enfermeros de la regi\u00f3n de Coquimbo agreg\u00f3 que \u201cnos parece bastante positivo, porque como funcionarios de la salud p\u00fablica estamos afectos a que nos pasen muchas situaciones que tienen que ver con los riesgos con la delincuencia, las agresiones. Lo que nos parece bueno para que se nos ponga en resguardo con las polic\u00edas\u201d.<\/p>\n\n\n\n<p>Iv\u00e1n Mar\u00edn, Director (S) del Servicio de Salud Coquimbo se\u00f1al\u00f3 que \u201cagradecemos la preocupaci\u00f3n del nivel central de las autoridades nacionales y regionales respecto de un&nbsp; tema que es bien preocupante para los funcionarios y los gremios, y tambi\u00e9n los usuarios; por lo tanto, todo el trabajo conjunto del Estado nos puede llevar a tener mejores condiciones para dar la atenci\u00f3n de salud que es nuestra principal motivaci\u00f3n\u201d.<\/p>\n\n\n\n<p>Finalmente, junto con destacar la participaci\u00f3n y convocatoria, Abel Lizama, coordinador regional de la Subsecretaria de Prevenci\u00f3n del Delito, explic\u00f3 que \u201centregamos un plan de acci\u00f3n desde aqu\u00ed al presente a\u00f1o, estuvimos junto a Carabineros, La PDI y Fiscal\u00eda para profundizar el tema de las denuncias, que es un insumo esencial para ver el tema de la persecuci\u00f3n penal y avanzar mejoras en ese punto. Presentamos la categorizaci\u00f3n de los recintos de salud para ver a cu\u00e1les debemos ponerle mayor atenci\u00f3n, o con mayor cantidad de denuncias por agresiones, y para direccionar de mejor manera los servicios de carabineros conforme a la disponibilidad de recurso humano que tengamos\u201d.<\/p>\n","protected":false},"excerpt":{"rendered":"<p>En 2023, el Servicio de Salud Coquimbo report\u00f3 400 casos de agresiones a funcionarios y funcionarias, por lo que se form\u00f3 esta mesa de seguridad que busca proteger a los profesionales. Una nueva instancia tuvo la Mesa Regional de Seguridad para la Salud de la regi\u00f3n de Coquimbo, la cual se cre\u00f3 para gestionar y &#8230;<\/p>\n","protected":false},"author":2,"featured_media":12291,"comment_status":"open","ping_status":"open","sticky":false,"template":"","format":"standard","meta":{"footnotes":""},"categories":[6],"tags":[],"class_list":["post-12290","post","type-post","status-publish","format-standard","has-post-thumbnail","hentry","category-regionales"],"_links":{"self":[{"href":"https:\/\/www.radiolimari.cl\/index.php?rest_route=\/wp\/v2\/posts\/12290","targetHints":{"allow":["GET"]}}],"collection":[{"href":"https:\/\/www.radiolimari.cl\/index.php?rest_route=\/wp\/v2\/posts"}],"about":[{"href":"https:\/\/www.radiolimari.cl\/index.php?rest_route=\/wp\/v2\/types\/post"}],"author":[{"embeddable":true,"href":"https:\/\/www.radiolimari.cl\/index.php?rest_route=\/wp\/v2\/users\/2"}],"replies":[{"embeddable":true,"href":"https:\/\/www.radiolimari.cl\/index.php?rest_route=%2Fwp%2Fv2%2Fcomments&post=12290"}],"version-history":[{"count":1,"href":"https:\/\/www.radiolimari.cl\/index.php?rest_route=\/wp\/v2\/posts\/12290\/revisions"}],"predecessor-version":[{"id":12292,"href":"https:\/\/www.radiolimari.cl\/index.php?rest_route=\/wp\/v2\/posts\/12290\/revisions\/12292"}],"wp:featuredmedia":[{"embeddable":true,"href":"https:\/\/www.radiolimari.cl\/index.php?rest_route=\/wp\/v2\/media\/12291"}],"wp:attachment":[{"href":"https:\/\/www.radiolimari.cl\/index.php?rest_route=%2Fwp%2Fv2%2Fmedia&parent=12290"}],"wp:term":[{"taxonomy":"category","embeddable":true,"href":"https:\/\/www.radiolimari.cl\/index.php?rest_route=%2Fwp%2Fv2%2Fcategories&post=12290"},{"taxonomy":"post_tag","embeddable":true,"href":"https:\/\/www.radiolimari.cl\/index.php?rest_route=%2Fwp%2Fv2%2Ftags&post=12290"}],"curies":[{"name":"wp","href":"https:\/\/api.w.org\/{rel}","templated":true}]}}