{"id":12287,"date":"2025-02-11T15:30:08","date_gmt":"2025-02-11T15:30:08","guid":{"rendered":"https:\/\/www.radiolimari.cl\/?p=12287"},"modified":"2025-02-11T15:30:08","modified_gmt":"2025-02-11T15:30:08","slug":"realizan-escuela-de-formacion-social-en-los-vilos","status":"publish","type":"post","link":"https:\/\/www.radiolimari.cl\/?p=12287","title":{"rendered":"Realizan Escuela de Formaci\u00f3n Social en Los Vilos."},"content":{"rendered":"\n<figure class=\"wp-block-gallery has-nested-images columns-default is-cropped wp-block-gallery-1 is-layout-flex wp-block-gallery-is-layout-flex\">\n<figure class=\"wp-block-image size-large\"><a href=\"https:\/\/www.radiolimari.cl\/wp-content\/uploads\/2025\/02\/IMG-20250211-WA0004.jpg\"><img fetchpriority=\"high\" decoding=\"async\" width=\"1024\" height=\"768\" data-id=\"12288\" src=\"https:\/\/www.radiolimari.cl\/wp-content\/uploads\/2025\/02\/IMG-20250211-WA0004-1024x768.jpg\" alt=\"\" class=\"wp-image-12288\" srcset=\"https:\/\/www.radiolimari.cl\/wp-content\/uploads\/2025\/02\/IMG-20250211-WA0004-1024x768.jpg 1024w, https:\/\/www.radiolimari.cl\/wp-content\/uploads\/2025\/02\/IMG-20250211-WA0004-300x225.jpg 300w, https:\/\/www.radiolimari.cl\/wp-content\/uploads\/2025\/02\/IMG-20250211-WA0004-768x576.jpg 768w, https:\/\/www.radiolimari.cl\/wp-content\/uploads\/2025\/02\/IMG-20250211-WA0004.jpg 1200w\" sizes=\"(max-width: 1024px) 100vw, 1024px\" \/><\/a><\/figure>\n<\/figure>\n\n\n\n<p><strong><em>La iniciativa representa un espacio de di\u00e1logo y colaboraci\u00f3n que busca fomentar la participaci\u00f3n ciudadana y fortalecer la formaci\u00f3n en temas sociales. <\/em><\/strong><strong><em><\/em><\/strong><\/p>\n\n\n\n<p>En dependencias del Sal\u00f3n Audit\u00f3rium de la Ilustre Municipalidad de Los Vilos se desarroll\u00f3 la Escuela de Formaci\u00f3n Social de la Regi\u00f3n de Coquimbo, cuyo prop\u00f3sito es fortalecer la participaci\u00f3n ciudadana y el desarrollo de capacidades en las comunidades, promoviendo el empoderamiento social y el trabajo articulado entre la sociedad civil, las organizaciones territoriales y los distintos actores p\u00fablicos y privados.<\/p>\n\n\n\n<p>A trav\u00e9s de esta escuela, ejecutada por la Secretar\u00eda Regional Ministerial de Gobierno, SEGEGOB, se desarrollan diversas iniciativas y programas que abordan temas como derechos humanos, democracia, y participaci\u00f3n ciudadana. Adem\u00e1s, se busca generar un ambiente inclusivo donde diferentes sectores de la sociedad puedan expresar sus opiniones y contribuir al desarrollo de pol\u00edticas p\u00fablicas.<\/p>\n\n\n\n<p>Al respecto, Marilyn Tapia, Presidenta de la Agrupaci\u00f3n \u201cKayuma\u00f1ke\u201d de la localidad de Caimanes, valor\u00f3 la realizaci\u00f3n de esta jornada, <strong><em>\u201cMe parece s\u00faper importante, ya que nosotros como dirigentes rurales necesitamos m\u00e1s capacitaciones y que nos orienten en cosas que no est\u00e1n a nuestro alcance, entonces, agradecemos a la Delegaci\u00f3n Presidencial por esta oportunidad, que todo salga bien y sigan trabajando con nosotros los dirigentes rurales, ya que nos cuesta m\u00e1s llegar &nbsp;a la ciudad para estar en estos talleres\u201d<\/em><\/strong><strong><em><\/em><\/strong><\/p>\n\n\n\n<p><strong><em>\u201cEsto se enmarca en el proceso de gira de verano, donde llevamos nuestros productos formativos, como son las escuelas de formaci\u00f3n, ac\u00e1 en Los Vilos dictamos el m\u00f3dulo \u201cciudadan\u00eda digital\u201d, y en el marco de los di\u00e1logos, estaremos realizando por primera vez, el di\u00e1logo ciudadano \u201cChile Cuida\u201d, que es una especie de pilotaje, donde vamos a estar contando sobre el sistema nacional de cuidados\u201d<\/em><\/strong> expres\u00f3 el Subdirector Nacional de la Divisi\u00f3n de Organizaciones Sociales, Nicol\u00e1s Hurtado<strong><em><\/em><\/strong><\/p>\n\n\n\n<p>Por su parte, la Seremi de Gobierno, Paulina Mora, di\u00f3 a conocer el cronograma de actividades que se desarrollar\u00e1 durante los pr\u00f3ximos d\u00edas, <strong><em>\u201cEs muy importante el v\u00ednculo con las organizaciones sociales y territoriales de cada una de nuestras comunas, empezamos esta gira de verano ac\u00e1 en Los Vilos y la terminaremos este pr\u00f3ximo viernes en Coquimbo, as\u00ed es entonces, como vamos a estar desarrollando diversas actividades que en&nbsp; este per\u00edodo tiene una connotaci\u00f3n de verano, ya que nosotros realizamos estas actividades todos los a\u00f1os y durante toda la temporada para continuar fortaleciendo las capacidades de nuestras dirigencias sociales y comunitarias\u201d<\/em><\/strong><strong><em><\/em><\/strong><\/p>\n\n\n\n<p><strong><em>\u201cEsta actividad es muy relevante, con una muy buena participaci\u00f3n ciudadana, en una escuela de formaci\u00f3n que tiene que ver con el programa \u201cChile Cuida\u201d, el cual se enmarca en un programa liderado por nuestro Presidente Gabriel Boric que se enfoca en las personas que est\u00e1n en una situaci\u00f3n complicada. Hoy tenemos un centro de cuidados inaugurado en la comuna de Illapel, con una importante inversi\u00f3n p\u00fablica y ahora vamos a empezar los trabajos para un nuevo centro en la comuna de Los Vilos, lo cual es una muy buena noticia para quienes nos acompa\u00f1an y puedan conocer este programa \u201cChile Cuida\u201d<\/em><\/strong> destac\u00f3, el Delegado presidencial de Choapa, Jonatan Vega<strong><em><\/em><\/strong><\/p>\n\n\n\n<p>Esta Escuela de Formaci\u00f3n Social es un espacio clave para avanzar hacia un desarrollo m\u00e1s equitativo y justo en la Regi\u00f3n de Coquimbo, asegurando que todas las personas, sin importar su origen o condici\u00f3n, tengan acceso a oportunidades y a una mejor calidad de vida.<\/p>\n","protected":false},"excerpt":{"rendered":"<p>La iniciativa representa un espacio de di\u00e1logo y colaboraci\u00f3n que busca fomentar la participaci\u00f3n ciudadana y fortalecer la formaci\u00f3n en temas sociales. En dependencias del Sal\u00f3n Audit\u00f3rium de la Ilustre Municipalidad de Los Vilos se desarroll\u00f3 la Escuela de Formaci\u00f3n Social de la Regi\u00f3n de Coquimbo, cuyo prop\u00f3sito es fortalecer la participaci\u00f3n ciudadana y el &#8230;<\/p>\n","protected":false},"author":2,"featured_media":12288,"comment_status":"open","ping_status":"open","sticky":false,"template":"","format":"standard","meta":{"footnotes":""},"categories":[6],"tags":[],"class_list":["post-12287","post","type-post","status-publish","format-standard","has-post-thumbnail","hentry","category-regionales"],"_links":{"self":[{"href":"https:\/\/www.radiolimari.cl\/index.php?rest_route=\/wp\/v2\/posts\/12287","targetHints":{"allow":["GET"]}}],"collection":[{"href":"https:\/\/www.radiolimari.cl\/index.php?rest_route=\/wp\/v2\/posts"}],"about":[{"href":"https:\/\/www.radiolimari.cl\/index.php?rest_route=\/wp\/v2\/types\/post"}],"author":[{"embeddable":true,"href":"https:\/\/www.radiolimari.cl\/index.php?rest_route=\/wp\/v2\/users\/2"}],"replies":[{"embeddable":true,"href":"https:\/\/www.radiolimari.cl\/index.php?rest_route=%2Fwp%2Fv2%2Fcomments&post=12287"}],"version-history":[{"count":1,"href":"https:\/\/www.radiolimari.cl\/index.php?rest_route=\/wp\/v2\/posts\/12287\/revisions"}],"predecessor-version":[{"id":12289,"href":"https:\/\/www.radiolimari.cl\/index.php?rest_route=\/wp\/v2\/posts\/12287\/revisions\/12289"}],"wp:featuredmedia":[{"embeddable":true,"href":"https:\/\/www.radiolimari.cl\/index.php?rest_route=\/wp\/v2\/media\/12288"}],"wp:attachment":[{"href":"https:\/\/www.radiolimari.cl\/index.php?rest_route=%2Fwp%2Fv2%2Fmedia&parent=12287"}],"wp:term":[{"taxonomy":"category","embeddable":true,"href":"https:\/\/www.radiolimari.cl\/index.php?rest_route=%2Fwp%2Fv2%2Fcategories&post=12287"},{"taxonomy":"post_tag","embeddable":true,"href":"https:\/\/www.radiolimari.cl\/index.php?rest_route=%2Fwp%2Fv2%2Ftags&post=12287"}],"curies":[{"name":"wp","href":"https:\/\/api.w.org\/{rel}","templated":true}]}}