{"id":12281,"date":"2025-02-10T13:54:52","date_gmt":"2025-02-10T13:54:52","guid":{"rendered":"https:\/\/www.radiolimari.cl\/?p=12281"},"modified":"2025-02-10T13:54:53","modified_gmt":"2025-02-10T13:54:53","slug":"hoy-comienza-en-ovalle-el-cierre-parcial-de-avenida-manuel-penafiel-por-reposicion-de-luminarias","status":"publish","type":"post","link":"https:\/\/www.radiolimari.cl\/?p=12281","title":{"rendered":"Hoy comienza en Ovalle el cierre parcial de Avenida Manuel Pe\u00f1afiel por reposici\u00f3n de luminarias."},"content":{"rendered":"\n<figure class=\"wp-block-gallery has-nested-images columns-default is-cropped wp-block-gallery-1 is-layout-flex wp-block-gallery-is-layout-flex\">\n<figure class=\"wp-block-image size-large\"><a href=\"https:\/\/www.radiolimari.cl\/wp-content\/uploads\/2025\/02\/Reposicion-y-recambio-de-luminarias-Avenida-Manuel-Penafiel-2-scaled.jpg\"><img fetchpriority=\"high\" decoding=\"async\" width=\"1024\" height=\"576\" data-id=\"12282\" src=\"https:\/\/www.radiolimari.cl\/wp-content\/uploads\/2025\/02\/Reposicion-y-recambio-de-luminarias-Avenida-Manuel-Penafiel-2-1024x576.jpg\" alt=\"\" class=\"wp-image-12282\" srcset=\"https:\/\/www.radiolimari.cl\/wp-content\/uploads\/2025\/02\/Reposicion-y-recambio-de-luminarias-Avenida-Manuel-Penafiel-2-1024x576.jpg 1024w, https:\/\/www.radiolimari.cl\/wp-content\/uploads\/2025\/02\/Reposicion-y-recambio-de-luminarias-Avenida-Manuel-Penafiel-2-300x169.jpg 300w, https:\/\/www.radiolimari.cl\/wp-content\/uploads\/2025\/02\/Reposicion-y-recambio-de-luminarias-Avenida-Manuel-Penafiel-2-768x432.jpg 768w, https:\/\/www.radiolimari.cl\/wp-content\/uploads\/2025\/02\/Reposicion-y-recambio-de-luminarias-Avenida-Manuel-Penafiel-2-1536x864.jpg 1536w, https:\/\/www.radiolimari.cl\/wp-content\/uploads\/2025\/02\/Reposicion-y-recambio-de-luminarias-Avenida-Manuel-Penafiel-2-2048x1152.jpg 2048w\" sizes=\"(max-width: 1024px) 100vw, 1024px\" \/><\/a><\/figure>\n<\/figure>\n\n\n\n<p><strong><em>Desde hoy lunes 10 y hasta el viernes 14 de febrero, se desarrollar\u00e1n trabajos de reposici\u00f3n y recambio de luminarias, con el fin de cumplir con la nueva Norma de Contaminaci\u00f3n Lum\u00ednica. Se trabajar\u00e1 de 21.00 horas hasta las 06.00 horas, por lo que s\u00f3lo estar\u00e1 habilitada una calzada en este horario, en el tramo entre el Hospital Provincial de Ovalle y el sector \u201cEl Crucero del Amor\u201d, en el intersecci\u00f3n de Avenida Las Palmas.<\/em><\/strong><\/p>\n\n\n\n<p>Con el prop\u00f3sito de ejecutar el proceso de reposici\u00f3n y cambio de luminarias y cumplir con la Norma de Contaminaci\u00f3n Lum\u00ednica, desde hoy lunes 10 y hasta el viernes 14 de febrero se realizar\u00e1 el corte parcial de Avenida Manuel Pe\u00f1afiel. Durante este periodo estar\u00e1 habilitada s\u00f3lo una calzada, entre las 21.00 horas y hasta las 06.00 horas, en el tramo que comprende entre el Hospital Provincial de Ovalle y la intersecci\u00f3n de Avenida Las Palmas, en el sector \u201cEl Crucero del Amor\u201d.\u00a0\u00a0<\/p>\n\n\n\n<p>El proyecto se denomina \u201cSpd Mejoramiento y ampliaci\u00f3n de iluminaci\u00f3n de la Avenida Manuel Pe\u00f1afiel comuna de Ovalle\u201d y ser\u00e1 ejecutado por la empresa Sociedad y Constructora Diclar y cuenta con una inversi\u00f3n proveniente del Programa de Mejoramiento Urbano (PMU) de la Subsecretar\u00eda de Desarrollo Regional, que alcanza los $74.308.822.<\/p>\n\n\n\n<p>\u201cEl objetivo de los trabajos es cumplir con la Norma de Contaminaci\u00f3n L\u00faminica, lo que adem\u00e1s dar\u00e1 mayor seguridad, tanto a los automovilistas, como a los peatones que transitan por este sector. Le pedimos la comprensi\u00f3n a nuestra comunidad, puesto que habr\u00e1 un corte parcial de una calzada para realizar estas labores, que traer\u00e1n un gran beneficio y mayor luminosidad a una de las avenidas m\u00e1s transitadas de nuestra comuna\u201d indic\u00f3 el alcalde de Ovalle, H\u00e9ctor Vega Campusano.&nbsp;<\/p>\n\n\n\n<p>En una segunda etapa, se realizar\u00e1 la instalaci\u00f3n de un nuevo circuito de alumbrado en las cercan\u00edas de las dependencias del Hogar de Cristo y otro que se extender\u00e1 hasta los sem\u00e1foros del nudo v\u00edal, en el inicio de la alameda local.<\/p>\n","protected":false},"excerpt":{"rendered":"<p>Desde hoy lunes 10 y hasta el viernes 14 de febrero, se desarrollar\u00e1n trabajos de reposici\u00f3n y recambio de luminarias, con el fin de cumplir con la nueva Norma de Contaminaci\u00f3n Lum\u00ednica. Se trabajar\u00e1 de 21.00 horas hasta las 06.00 horas, por lo que s\u00f3lo estar\u00e1 habilitada una calzada en este horario, en el tramo &#8230;<\/p>\n","protected":false},"author":2,"featured_media":12282,"comment_status":"open","ping_status":"open","sticky":false,"template":"","format":"standard","meta":{"footnotes":""},"categories":[5],"tags":[],"class_list":["post-12281","post","type-post","status-publish","format-standard","has-post-thumbnail","hentry","category-actualidad-limarina"],"_links":{"self":[{"href":"https:\/\/www.radiolimari.cl\/index.php?rest_route=\/wp\/v2\/posts\/12281","targetHints":{"allow":["GET"]}}],"collection":[{"href":"https:\/\/www.radiolimari.cl\/index.php?rest_route=\/wp\/v2\/posts"}],"about":[{"href":"https:\/\/www.radiolimari.cl\/index.php?rest_route=\/wp\/v2\/types\/post"}],"author":[{"embeddable":true,"href":"https:\/\/www.radiolimari.cl\/index.php?rest_route=\/wp\/v2\/users\/2"}],"replies":[{"embeddable":true,"href":"https:\/\/www.radiolimari.cl\/index.php?rest_route=%2Fwp%2Fv2%2Fcomments&post=12281"}],"version-history":[{"count":1,"href":"https:\/\/www.radiolimari.cl\/index.php?rest_route=\/wp\/v2\/posts\/12281\/revisions"}],"predecessor-version":[{"id":12283,"href":"https:\/\/www.radiolimari.cl\/index.php?rest_route=\/wp\/v2\/posts\/12281\/revisions\/12283"}],"wp:featuredmedia":[{"embeddable":true,"href":"https:\/\/www.radiolimari.cl\/index.php?rest_route=\/wp\/v2\/media\/12282"}],"wp:attachment":[{"href":"https:\/\/www.radiolimari.cl\/index.php?rest_route=%2Fwp%2Fv2%2Fmedia&parent=12281"}],"wp:term":[{"taxonomy":"category","embeddable":true,"href":"https:\/\/www.radiolimari.cl\/index.php?rest_route=%2Fwp%2Fv2%2Fcategories&post=12281"},{"taxonomy":"post_tag","embeddable":true,"href":"https:\/\/www.radiolimari.cl\/index.php?rest_route=%2Fwp%2Fv2%2Ftags&post=12281"}],"curies":[{"name":"wp","href":"https:\/\/api.w.org\/{rel}","templated":true}]}}