{"id":12278,"date":"2025-02-10T12:24:48","date_gmt":"2025-02-10T12:24:48","guid":{"rendered":"https:\/\/www.radiolimari.cl\/?p=12278"},"modified":"2025-02-10T12:24:49","modified_gmt":"2025-02-10T12:24:49","slug":"en-ovalle-la-pdi-interviene-domicilio-en-la-poblacion-ariztia-por-micro-trafico-de-cocaina-base","status":"publish","type":"post","link":"https:\/\/www.radiolimari.cl\/?p=12278","title":{"rendered":"En Ovalle la PDI interviene domicilio en la poblaci\u00f3n Arizt\u00eda por micro tr\u00e1fico de coca\u00edna base."},"content":{"rendered":"\n<figure class=\"wp-block-gallery has-nested-images columns-default is-cropped wp-block-gallery-1 is-layout-flex wp-block-gallery-is-layout-flex\">\n<figure class=\"wp-block-image size-large\"><a href=\"https:\/\/www.radiolimari.cl\/wp-content\/uploads\/2025\/02\/Imagen-de-WhatsApp-2025-02-06-a-las-16.52.10_5f407627.jpg\"><img fetchpriority=\"high\" decoding=\"async\" width=\"1024\" height=\"768\" data-id=\"12279\" src=\"https:\/\/www.radiolimari.cl\/wp-content\/uploads\/2025\/02\/Imagen-de-WhatsApp-2025-02-06-a-las-16.52.10_5f407627-1024x768.jpg\" alt=\"\" class=\"wp-image-12279\" srcset=\"https:\/\/www.radiolimari.cl\/wp-content\/uploads\/2025\/02\/Imagen-de-WhatsApp-2025-02-06-a-las-16.52.10_5f407627-1024x768.jpg 1024w, https:\/\/www.radiolimari.cl\/wp-content\/uploads\/2025\/02\/Imagen-de-WhatsApp-2025-02-06-a-las-16.52.10_5f407627-300x225.jpg 300w, https:\/\/www.radiolimari.cl\/wp-content\/uploads\/2025\/02\/Imagen-de-WhatsApp-2025-02-06-a-las-16.52.10_5f407627-768x576.jpg 768w, https:\/\/www.radiolimari.cl\/wp-content\/uploads\/2025\/02\/Imagen-de-WhatsApp-2025-02-06-a-las-16.52.10_5f407627.jpg 1280w\" sizes=\"(max-width: 1024px) 100vw, 1024px\" \/><\/a><\/figure>\n<\/figure>\n\n\n\n<p><em>El equipo especialista del Modelo Territorial Cero trabaj\u00f3 la investigaci\u00f3n con el Ministerio P\u00fablico, logrando la incautaci\u00f3n de las sustancias il\u00edcitas, del dinero en efectivo y procedieron con la detenci\u00f3n del residente.<\/em><strong><\/strong><\/p>\n\n\n\n<p>Un nuevo domicilio de la Poblaci\u00f3n Arizt\u00eda era utilizado como centro para la venta de droga en peque\u00f1as cantidades. As\u00ed lo estableci\u00f3 la investigaci\u00f3n de los detectives del Modelo Territorial Cero (MT-0) que volvieron a intervenir este sector residencial.<\/p>\n\n\n\n<p><strong><em>\u201cNuestro equipo especialista reuni\u00f3 los medios de prueba y mediante diversas t\u00e9cnicas de investigaci\u00f3n, de an\u00e1lisis criminal e inteligencia policial, en coordinaci\u00f3n con el Ministerio P\u00fablico, logramos establecer el domicilio y la identidad del imputado. El blanco de investigaci\u00f3n corresponde a un hombre de 18 a\u00f1os de edad, de nacionalidad chilena, dedicado a la venta de coca\u00edna base en este inmueble\u201d,<\/em><\/strong> inform\u00f3 el subprefecto Daniel Leal, jefe de la Brigada de Investigaci\u00f3n Criminal Ovalle.<\/p>\n\n\n\n<p>Con las evidencias a disposici\u00f3n de la fiscal\u00eda, el Juzgado de Garant\u00eda de Ovalle autoriz\u00f3 la entrada y registro al domicilio, adem\u00e1s la orden de detenci\u00f3n contra el sujeto, imputado por esta actividad ilegal, que representa una amenaza al diario convivir de las familias, que habitan en esta poblaci\u00f3n.<\/p>\n\n\n\n<p><strong><em>\u201cCon la evidencia, planificamos esta operaci\u00f3n y obtuvimos resultados positivos para la comunidad.&nbsp; El equipo MT-0 incaut\u00f3 coca\u00edna base, sustancia il\u00edcita que el imputado manten\u00eda lista para su comercializaci\u00f3n, dosificada en peque\u00f1os contenedores de papel, adem\u00e1s de dinero en efectivo\u201d,<\/em><\/strong> detall\u00f3 el subprefecto Daniel Leal, jefe de la Brigada de Investigaci\u00f3n Criminal Ovalle.<\/p>\n\n\n\n<p>Los antecedentes quedaron a disposici\u00f3n del Ministerio P\u00fablico para la formalizaci\u00f3n del detenido por tr\u00e1fico de drogas en peque\u00f1as cantidades, durante la jornada de este viernes. El tribunal decret\u00f3 legal la detenci\u00f3n y dej\u00f3 al imputado con medidas cautelares, arraigo nacional y arresto domiciliario total. Desde la PDI realizaron un llamado a la comunidad a denunciar el micro tr\u00e1fico de drogas en forma confidencial y an\u00f3nima, de manera presencial en los complejos policiales o en el fono Denuncia Seguro *4242.<\/p>\n","protected":false},"excerpt":{"rendered":"<p>El equipo especialista del Modelo Territorial Cero trabaj\u00f3 la investigaci\u00f3n con el Ministerio P\u00fablico, logrando la incautaci\u00f3n de las sustancias il\u00edcitas, del dinero en efectivo y procedieron con la detenci\u00f3n del residente. Un nuevo domicilio de la Poblaci\u00f3n Arizt\u00eda era utilizado como centro para la venta de droga en peque\u00f1as cantidades. As\u00ed lo estableci\u00f3 la &#8230;<\/p>\n","protected":false},"author":2,"featured_media":12279,"comment_status":"open","ping_status":"open","sticky":false,"template":"","format":"standard","meta":{"footnotes":""},"categories":[3],"tags":[],"class_list":["post-12278","post","type-post","status-publish","format-standard","has-post-thumbnail","hentry","category-actualidad"],"_links":{"self":[{"href":"https:\/\/www.radiolimari.cl\/index.php?rest_route=\/wp\/v2\/posts\/12278","targetHints":{"allow":["GET"]}}],"collection":[{"href":"https:\/\/www.radiolimari.cl\/index.php?rest_route=\/wp\/v2\/posts"}],"about":[{"href":"https:\/\/www.radiolimari.cl\/index.php?rest_route=\/wp\/v2\/types\/post"}],"author":[{"embeddable":true,"href":"https:\/\/www.radiolimari.cl\/index.php?rest_route=\/wp\/v2\/users\/2"}],"replies":[{"embeddable":true,"href":"https:\/\/www.radiolimari.cl\/index.php?rest_route=%2Fwp%2Fv2%2Fcomments&post=12278"}],"version-history":[{"count":1,"href":"https:\/\/www.radiolimari.cl\/index.php?rest_route=\/wp\/v2\/posts\/12278\/revisions"}],"predecessor-version":[{"id":12280,"href":"https:\/\/www.radiolimari.cl\/index.php?rest_route=\/wp\/v2\/posts\/12278\/revisions\/12280"}],"wp:featuredmedia":[{"embeddable":true,"href":"https:\/\/www.radiolimari.cl\/index.php?rest_route=\/wp\/v2\/media\/12279"}],"wp:attachment":[{"href":"https:\/\/www.radiolimari.cl\/index.php?rest_route=%2Fwp%2Fv2%2Fmedia&parent=12278"}],"wp:term":[{"taxonomy":"category","embeddable":true,"href":"https:\/\/www.radiolimari.cl\/index.php?rest_route=%2Fwp%2Fv2%2Fcategories&post=12278"},{"taxonomy":"post_tag","embeddable":true,"href":"https:\/\/www.radiolimari.cl\/index.php?rest_route=%2Fwp%2Fv2%2Ftags&post=12278"}],"curies":[{"name":"wp","href":"https:\/\/api.w.org\/{rel}","templated":true}]}}