{"id":12270,"date":"2025-02-06T18:09:43","date_gmt":"2025-02-06T18:09:43","guid":{"rendered":"https:\/\/www.radiolimari.cl\/?p=12270"},"modified":"2025-02-06T18:09:43","modified_gmt":"2025-02-06T18:09:43","slug":"jubilados-de-la-region-de-coquimbo-valoran-reforma-de-pensiones","status":"publish","type":"post","link":"https:\/\/www.radiolimari.cl\/?p=12270","title":{"rendered":"Jubilados de la regi\u00f3n de Coquimbo valoran reforma de pensiones."},"content":{"rendered":"\n<figure class=\"wp-block-image size-large\"><a href=\"https:\/\/www.radiolimari.cl\/wp-content\/uploads\/2025\/02\/IMG-20250206-WA0006.jpg\"><img fetchpriority=\"high\" decoding=\"async\" width=\"1024\" height=\"682\" src=\"https:\/\/www.radiolimari.cl\/wp-content\/uploads\/2025\/02\/IMG-20250206-WA0006-1024x682.jpg\" alt=\"\" class=\"wp-image-12271\" srcset=\"https:\/\/www.radiolimari.cl\/wp-content\/uploads\/2025\/02\/IMG-20250206-WA0006-1024x682.jpg 1024w, https:\/\/www.radiolimari.cl\/wp-content\/uploads\/2025\/02\/IMG-20250206-WA0006-300x200.jpg 300w, https:\/\/www.radiolimari.cl\/wp-content\/uploads\/2025\/02\/IMG-20250206-WA0006-768x512.jpg 768w, https:\/\/www.radiolimari.cl\/wp-content\/uploads\/2025\/02\/IMG-20250206-WA0006-1536x1023.jpg 1536w, https:\/\/www.radiolimari.cl\/wp-content\/uploads\/2025\/02\/IMG-20250206-WA0006.jpg 1600w\" sizes=\"(max-width: 1024px) 100vw, 1024px\" \/><\/a><\/figure>\n\n\n\n<p><strong><em>La implementaci\u00f3n de la normativa ser\u00e1 gradual y a seis meses de publicada se ver\u00e1n los primeros beneficios de la propuesta con el aumento de la PGU a $250 mil.<\/em><\/strong><\/p>\n\n\n\n<p><strong>Adultos mayores, pensionadas y pensionados de la regi\u00f3n se reunieron en el Instituto de Previsi\u00f3n Social (IPS) de La Serena para conocer los alcances y beneficios de la Reforma de Pensiones aprobada recientemente en el Congreso Nacional. En torno a un desayuno que compartieron con el Delegado Presidencial, Galo Luna, la Seremi de Gobierno, Paulina Mora, y el Seremi del Trabajo y Previsi\u00f3n Social, Juan Paulo Garrido, dieron a conocer sus apreciaciones respecto de la norma con la que podr\u00e1n ver una mejora significativa en sus pensiones en el corto plazo.<\/strong><strong><\/strong><\/p>\n\n\n\n<p><strong>El Delegado Presidencial Galo Luna, destac\u00f3 la aprobaci\u00f3n de la reforma previsional y dijo que \u201cestamos muy contentos porque hemos logrado cumplir uno de nuestros objetivos, de nuestras promesas que le hicimos a la ciudadan\u00eda en nuestro plan de gobierno. Hemos, despu\u00e9s de m\u00e1s de 30 a\u00f1os, logrado hacer una reforma previsional que va a asegurar la mejora de las pensiones, de los pensionados actuales, que era uno de nuestros grandes desaf\u00edos. Los adultos mayores, los jubilados y jubiladas de Chile no pod\u00edan seguir esperando\u201d. <\/strong><strong><\/strong><\/p>\n\n\n\n<figure class=\"wp-block-image size-large\"><a href=\"https:\/\/www.radiolimari.cl\/wp-content\/uploads\/2025\/02\/IMG-20250206-WA0008.jpg\"><img decoding=\"async\" width=\"1024\" height=\"682\" src=\"https:\/\/www.radiolimari.cl\/wp-content\/uploads\/2025\/02\/IMG-20250206-WA0008-1024x682.jpg\" alt=\"\" class=\"wp-image-12272\" srcset=\"https:\/\/www.radiolimari.cl\/wp-content\/uploads\/2025\/02\/IMG-20250206-WA0008-1024x682.jpg 1024w, https:\/\/www.radiolimari.cl\/wp-content\/uploads\/2025\/02\/IMG-20250206-WA0008-300x200.jpg 300w, https:\/\/www.radiolimari.cl\/wp-content\/uploads\/2025\/02\/IMG-20250206-WA0008-768x512.jpg 768w, https:\/\/www.radiolimari.cl\/wp-content\/uploads\/2025\/02\/IMG-20250206-WA0008.jpg 1280w\" sizes=\"(max-width: 1024px) 100vw, 1024px\" \/><\/a><\/figure>\n\n\n\n<p><strong>En este mismo sentido la Seremi de Gobierno, Paulina Mora, coment\u00f3 el encuentro con pensionados y pensionadas de la regi\u00f3n y dijo que \u201cestamos muy contentos de estar ac\u00e1, primero porque le ponemos rostro a la pol\u00edtica p\u00fablica y vemos la importancia que reviste para cada una de las personas. Nuestro objetivo como gobierno siempre fue mejorar las pensiones de hoy y tambi\u00e9n las pensiones futuras. Cuando nos encontramos tambi\u00e9n con jubiladas y jubilados que se van a ver beneficiados prontamente con la implementaci\u00f3n de esta reforma y contando sus historias, es que todo va adquiriendo sentido. As\u00ed que estamos muy contentos de compartir con tantos representantes de jubilados, de jubiladas, tambi\u00e9n de distintas agrupaciones que trabajan tambi\u00e9n con personas mayores. As\u00ed seguimos avanzando\u201d. <\/strong><strong><\/strong><\/p>\n\n\n\n<p><strong>Dentro de los beneficios que genera la Reforma Previsional se considera un aumento de la Pensi\u00f3n Garantizada Universal a $250.000. Cuya implementaci\u00f3n ser\u00e1 gradual. A los seis meses de publicada la ley, el nuevo monto lo recibir\u00e1n los beneficiarios de PGU de 82 a\u00f1os o m\u00e1s; a los 18 meses de publicada la ley, lo recibir\u00e1n los beneficiarios de 75 a\u00f1os o m\u00e1s; a los 30 meses de publicada la ley, el nuevo monto llegar\u00e1 a las personas de 65 a\u00f1os o m\u00e1s. Con igual gradualidad y cortes etarios acceder\u00e1n los beneficiarios de leyes reparatorias (Valech, Rettig y exonerados).<\/strong><strong><\/strong><\/p>\n\n\n\n<p><strong>Gladys Moreno presidenta de la asociaci\u00f3n de jubilados y montepiados de empelados particulares de Coquimbo, valor\u00f3 los beneficios de la Reforma Previsional y manifest\u00f3 \u201cestoy contenta por nosotros, los adultos mayores, que vamos a recibir una pensi\u00f3n m\u00e1s digna. Esto tenemos que ampliarlo, que llegue a todos, a la ciudadan\u00eda, a los que se van a jubilar, a los que est\u00e1n imponiendo reci\u00e9n, y para nosotros que ya estamos pensionados\u201d. <\/strong><strong><\/strong><\/p>\n\n\n\n<p><strong>Mientras que Amador Ahumada, presidente de la asociaci\u00f3n de pensionados de La Serena, coment\u00f3 que \u201cpara nosotros es un paso muy importante que se haya aprobado la reforma previsional y el valor que tiene porque despu\u00e9s de 40 a\u00f1os, desde el a\u00f1o 81, que los patrones nos hab\u00edan aportado para la previsi\u00f3n social.&nbsp; Ahora se abri\u00f3 la puerta, fundamentalmente, para que tengamos una pensi\u00f3n digna que le permita a los trabajadores que est\u00e9 el Estado, las empresas y los trabajadores, aportando para tener una pensi\u00f3n que le permita vivir los \u00faltimos a\u00f1os que le quedan\u201d. <\/strong><strong><\/strong><\/p>\n\n\n\n<p><strong>Por su parte el Seremi del Trabajo y Previsi\u00f3n Social (s), Juan Paulo Garrido, destac\u00f3 la instancia de di\u00e1logo con los pensionados y explic\u00f3 que \u201ctenemos el desaf\u00edo este a\u00f1o de la implementaci\u00f3n de la reforma y una parte muy importante de la implementaci\u00f3n es la difusi\u00f3n a todas las personas que queremos hacer llegar los derechos y los beneficios que van a tener con esta nueva reforma previsional\u201d.<\/strong><strong><\/strong><\/p>\n\n\n\n<p>En cuanto a las caracter\u00edsticas de los principales beneficios de la reforma previsional despachada a Ley se propone la creaci\u00f3n de un Seguro Social que entregar\u00e1 dos prestaciones, el Beneficio por A\u00f1o Cotizado y la Compensaci\u00f3n a Mujeres por las mayores expectativas de vida.<\/p>\n\n\n\n<p>Tambi\u00e9n considera una nueva cotizaci\u00f3n de cargo del empleador de 7% de la renta imponible. Esta se sumar\u00e1 al 1,5% que ya aportan los empresarios al Seguro de Invalidez y Sobrevivencia (SIS), con lo que los empleadores totalizar\u00e1n una cotizaci\u00f3n de 8,5% en beneficio del trabajador.<\/p>\n\n\n\n<p>Ese total se distribuir\u00e1 en 4,5% para capitalizaci\u00f3n individual, con el objetivo de fortalecer las pensiones futuras. El 4% restante ser\u00e1 administrado por el Seguro Social y tendr\u00e1 la siguiente composici\u00f3n: con 2,5% se cubrir\u00e1 las contingencias del SIS \u2014invalidez y sobrevivencia\u2014 y la Compensaci\u00f3n a Mujeres por mayores expectativas de vida. Con la diferencia de 1,5% se financiar\u00e1 el Beneficio por A\u00f1o Cotizado, instrumento que mejorar\u00e1 las pensiones actuales y que ser\u00e1 transitorio.<strong> &nbsp;<\/strong><strong><\/strong><\/p>\n\n\n\n<p><strong>Asimismo, la reforma considera diversas medidas para incrementar la densidad de cotizaciones. Entre otras, la ampliaci\u00f3n del Seguro de Lagunas Previsionales, el reemplazo de los multifondos por los fondos generacionales, modelo que busca maximizar la rentabilidad y acotar riesgos. Tambi\u00e9n, un sistema de cobranza previsional centralizado, que permitir\u00e1 una recuperaci\u00f3n m\u00e1s eficiente de las cotizaciones impagas. Dicho sistema se licitar\u00e1 y podr\u00e1 participar la Tesorer\u00eda General de la Rep\u00fablica.<\/strong><strong><\/strong><\/p>\n","protected":false},"excerpt":{"rendered":"<p>La implementaci\u00f3n de la normativa ser\u00e1 gradual y a seis meses de publicada se ver\u00e1n los primeros beneficios de la propuesta con el aumento de la PGU a $250 mil. Adultos mayores, pensionadas y pensionados de la regi\u00f3n se reunieron en el Instituto de Previsi\u00f3n Social (IPS) de La Serena para conocer los alcances y &#8230;<\/p>\n","protected":false},"author":2,"featured_media":12271,"comment_status":"open","ping_status":"open","sticky":false,"template":"","format":"standard","meta":{"footnotes":""},"categories":[6],"tags":[],"class_list":["post-12270","post","type-post","status-publish","format-standard","has-post-thumbnail","hentry","category-regionales"],"_links":{"self":[{"href":"https:\/\/www.radiolimari.cl\/index.php?rest_route=\/wp\/v2\/posts\/12270","targetHints":{"allow":["GET"]}}],"collection":[{"href":"https:\/\/www.radiolimari.cl\/index.php?rest_route=\/wp\/v2\/posts"}],"about":[{"href":"https:\/\/www.radiolimari.cl\/index.php?rest_route=\/wp\/v2\/types\/post"}],"author":[{"embeddable":true,"href":"https:\/\/www.radiolimari.cl\/index.php?rest_route=\/wp\/v2\/users\/2"}],"replies":[{"embeddable":true,"href":"https:\/\/www.radiolimari.cl\/index.php?rest_route=%2Fwp%2Fv2%2Fcomments&post=12270"}],"version-history":[{"count":1,"href":"https:\/\/www.radiolimari.cl\/index.php?rest_route=\/wp\/v2\/posts\/12270\/revisions"}],"predecessor-version":[{"id":12273,"href":"https:\/\/www.radiolimari.cl\/index.php?rest_route=\/wp\/v2\/posts\/12270\/revisions\/12273"}],"wp:featuredmedia":[{"embeddable":true,"href":"https:\/\/www.radiolimari.cl\/index.php?rest_route=\/wp\/v2\/media\/12271"}],"wp:attachment":[{"href":"https:\/\/www.radiolimari.cl\/index.php?rest_route=%2Fwp%2Fv2%2Fmedia&parent=12270"}],"wp:term":[{"taxonomy":"category","embeddable":true,"href":"https:\/\/www.radiolimari.cl\/index.php?rest_route=%2Fwp%2Fv2%2Fcategories&post=12270"},{"taxonomy":"post_tag","embeddable":true,"href":"https:\/\/www.radiolimari.cl\/index.php?rest_route=%2Fwp%2Fv2%2Ftags&post=12270"}],"curies":[{"name":"wp","href":"https:\/\/api.w.org\/{rel}","templated":true}]}}