{"id":12267,"date":"2025-02-04T18:30:31","date_gmt":"2025-02-04T18:30:31","guid":{"rendered":"https:\/\/www.radiolimari.cl\/?p=12267"},"modified":"2025-02-04T18:30:32","modified_gmt":"2025-02-04T18:30:32","slug":"columna-de-opinion-cumpliendo-con-chile","status":"publish","type":"post","link":"https:\/\/www.radiolimari.cl\/?p=12267","title":{"rendered":"Columna de opini\u00f3n: \u201cCumpliendo con Chile\u201d."},"content":{"rendered":"\n<figure class=\"wp-block-gallery has-nested-images columns-default is-cropped wp-block-gallery-1 is-layout-flex wp-block-gallery-is-layout-flex\">\n<figure class=\"wp-block-image size-large\"><a href=\"https:\/\/www.radiolimari.cl\/wp-content\/uploads\/2025\/02\/IMG-20250204-WA0030.jpg\"><img fetchpriority=\"high\" decoding=\"async\" width=\"1024\" height=\"576\" data-id=\"12268\" src=\"https:\/\/www.radiolimari.cl\/wp-content\/uploads\/2025\/02\/IMG-20250204-WA0030-1024x576.jpg\" alt=\"\" class=\"wp-image-12268\" srcset=\"https:\/\/www.radiolimari.cl\/wp-content\/uploads\/2025\/02\/IMG-20250204-WA0030-1024x576.jpg 1024w, https:\/\/www.radiolimari.cl\/wp-content\/uploads\/2025\/02\/IMG-20250204-WA0030-300x169.jpg 300w, https:\/\/www.radiolimari.cl\/wp-content\/uploads\/2025\/02\/IMG-20250204-WA0030-768x432.jpg 768w, https:\/\/www.radiolimari.cl\/wp-content\/uploads\/2025\/02\/IMG-20250204-WA0030.jpg 1280w\" sizes=\"(max-width: 1024px) 100vw, 1024px\" \/><\/a><\/figure>\n<\/figure>\n\n\n\n<p>La semana pasada ser\u00e1 recordada como un hito en la historia pol\u00edtica de nuestro pa\u00eds. Bajo el liderazgo del presidente Gabriel Boric, Chile avanz\u00f3 hacia un pa\u00eds m\u00e1s justo, seguro y equitativo. Se concretaron tres avances legislativos muy importantes para las familias chilenas en materia de seguridad p\u00fablica y social: promulgamos el nuevo Ministerio de Seguridad P\u00fablica, se aprob\u00f3 la reforma al sistema de pensiones y se promulg\u00f3 la ley de pago de la deuda hist\u00f3rica.<\/p>\n\n\n\n<p>Todo eso, en medio de un sistema pol\u00edtico que muchas veces es percibido como polarizado y fragmentado, las y los parlamentarios, en su mayor\u00eda, lograron poner en el centro el inter\u00e9s com\u00fan de la ciudadan\u00eda, llegando a acuerdos que permitieron avanzar y mostrar que la pol\u00edtica, cuando se ejerce con responsabilidad y visi\u00f3n de futuro, permite ofrecer soluciones concretas a los problemas de la gente.<\/p>\n\n\n\n<p>Estos proyectos, que hoy los llamamos avances legislativos, llevaban una larga data debati\u00e9ndose en nuestra sociedad y hasta hoy no ten\u00edan una respuesta clara. Ejemplo de ello es el Ministerio de Seguridad que tard\u00f3 18 a\u00f1os en ser realidad, si bien desde el 2006 exist\u00eda un acuerdo transversal sobre la necesidad de contar con un nuevo Ministerio de Seguridad, no lograba el respaldo necesario para convertirse en ley. En base a voluntad pol\u00edtica, logramos destrabar esta discusi\u00f3n en el parlamento y promulgar un Ministerio especializado, con lo que tendremos un Estado m\u00e1s fuerte, con m\u00e1s atribuciones y m\u00e1s moderno para combatir la violencia y el crimen organizado y, as\u00ed, lograr proteger a nuestras comunidades.<\/p>\n\n\n\n<p>Otra de las prioridades que fijamos en nuestro programa de Gobierno fue mejorar las pensiones. Fue una tarea dif\u00edcil, pero logramos lo que algunos tildaron como imposible. Despu\u00e9s de diez a\u00f1os de discusi\u00f3n est\u00e9ril, es el gobierno del Presidente Gabriel Boric, nuestro Gobierno, el que ha logrado sacar adelante la reforma m\u00e1s importante al sistema desde su creaci\u00f3n, una propuesta que permitir\u00e1 mejorar la vida de los actuales y de los futuros jubilados, adem\u00e1s de corregir injusticias que han afectado a las mujeres durante largo tiempo. La reforma de pensiones marca un antes y un despu\u00e9s cuando se trata de pensar en las jubilaciones y en c\u00f3mo proyectamos acuerdos que beneficien a las personas. Esta es sin duda la mayor transformaci\u00f3n al sistema que se implement\u00f3 en dictadura, pasando de una l\u00f3gica meramente individual a una complementada con un seguro social.<\/p>\n\n\n\n<p>Llegar a eso, no fue tarea f\u00e1cil. Como todos saben el proyecto aprobado no es lo que originalmente se propuso, y todos fueron testigos que el debate no estuvo exento de tensiones y presiones. Sin embargo, la reforma aprobada cumple con mejorar las pensiones para hoy y ma\u00f1ana y abre nuevos caminos para futuras discusiones previsionales, siempre y cuando existan las mayor\u00edas parlamentarias que as\u00ed lo permitan, demostrando una vez m\u00e1s el poder que tiene la ciudadan\u00eda con su voto, al escoger a quienes los representar\u00e1n en la C\u00e1mara de Diputados y el Senado, porque son ellos quienes finalmente deciden sobre el futuro de todo el pueblo de Chile.<\/p>\n\n\n\n<p>Por otra parte, m\u00e1s de 40 a\u00f1os significaron lograr una reparaci\u00f3n de la deuda hist\u00f3rica con las y los docentes. Gracias a un amplio acuerdo en el Congreso, esta ley beneficiar\u00e1 a m\u00e1s de 57 mil profesores y profesoras que ver\u00e1n compensado el da\u00f1o causado por la dictadura, cuando se produjo el traspaso de la educaci\u00f3n a los municipios, proceso en que se vulnera sus derechos laborales. Este acto de justicia no solo representa una reparaci\u00f3n econ\u00f3mica, sino tambi\u00e9n un reconocimiento al invaluable aporte de los educadores en la formaci\u00f3n de generaciones de chilenos.<\/p>\n\n\n\n<p>Esta construcci\u00f3n de consensos que ha logrado el Presidente Gabriel Boric y su Gobierno hoy nos permite decir que avanzamos en corregir los efectos que dej\u00f3 la dictadura en las personas mayores y profesoras y profesores de nuestro pa\u00eds, como tambi\u00e9n nos permite dar cuenta que dejaremos a Chile con un Estado m\u00e1s fuerte y s\u00f3lido, que permita dar mayor respuesta y seguridad a todas y todos.<\/p>\n\n\n\n<p>Estas propuestas cumplidas, en una semana hist\u00f3rica, reflejan el compromiso del Gobierno con la construcci\u00f3n de un Chile m\u00e1s justo, seguro y equitativo para todos y todas. A trav\u00e9s de estas iniciativas, estamos mejorando la calidad de vida, fortaleciendo la confianza en las instituciones p\u00fablicas y avanzando hacia un pa\u00eds m\u00e1s justo, equitativo y seguro para las familias de nuestra regi\u00f3n y de todo Chile.<\/p>\n\n\n\n<p><strong>Paulina Mora Lara, Seremi de Gobierno de la Regi\u00f3n de Coquimbo.<\/strong><strong><\/strong><\/p>\n","protected":false},"excerpt":{"rendered":"<p>La semana pasada ser\u00e1 recordada como un hito en la historia pol\u00edtica de nuestro pa\u00eds. Bajo el liderazgo del presidente Gabriel Boric, Chile avanz\u00f3 hacia un pa\u00eds m\u00e1s justo, seguro y equitativo. Se concretaron tres avances legislativos muy importantes para las familias chilenas en materia de seguridad p\u00fablica y social: promulgamos el nuevo Ministerio de &#8230;<\/p>\n","protected":false},"author":2,"featured_media":12268,"comment_status":"open","ping_status":"open","sticky":false,"template":"","format":"standard","meta":{"footnotes":""},"categories":[3],"tags":[],"class_list":["post-12267","post","type-post","status-publish","format-standard","has-post-thumbnail","hentry","category-actualidad"],"_links":{"self":[{"href":"https:\/\/www.radiolimari.cl\/index.php?rest_route=\/wp\/v2\/posts\/12267","targetHints":{"allow":["GET"]}}],"collection":[{"href":"https:\/\/www.radiolimari.cl\/index.php?rest_route=\/wp\/v2\/posts"}],"about":[{"href":"https:\/\/www.radiolimari.cl\/index.php?rest_route=\/wp\/v2\/types\/post"}],"author":[{"embeddable":true,"href":"https:\/\/www.radiolimari.cl\/index.php?rest_route=\/wp\/v2\/users\/2"}],"replies":[{"embeddable":true,"href":"https:\/\/www.radiolimari.cl\/index.php?rest_route=%2Fwp%2Fv2%2Fcomments&post=12267"}],"version-history":[{"count":1,"href":"https:\/\/www.radiolimari.cl\/index.php?rest_route=\/wp\/v2\/posts\/12267\/revisions"}],"predecessor-version":[{"id":12269,"href":"https:\/\/www.radiolimari.cl\/index.php?rest_route=\/wp\/v2\/posts\/12267\/revisions\/12269"}],"wp:featuredmedia":[{"embeddable":true,"href":"https:\/\/www.radiolimari.cl\/index.php?rest_route=\/wp\/v2\/media\/12268"}],"wp:attachment":[{"href":"https:\/\/www.radiolimari.cl\/index.php?rest_route=%2Fwp%2Fv2%2Fmedia&parent=12267"}],"wp:term":[{"taxonomy":"category","embeddable":true,"href":"https:\/\/www.radiolimari.cl\/index.php?rest_route=%2Fwp%2Fv2%2Fcategories&post=12267"},{"taxonomy":"post_tag","embeddable":true,"href":"https:\/\/www.radiolimari.cl\/index.php?rest_route=%2Fwp%2Fv2%2Ftags&post=12267"}],"curies":[{"name":"wp","href":"https:\/\/api.w.org\/{rel}","templated":true}]}}