{"id":12263,"date":"2025-02-04T03:00:49","date_gmt":"2025-02-04T03:00:49","guid":{"rendered":"https:\/\/www.radiolimari.cl\/?p=12263"},"modified":"2025-02-04T03:00:50","modified_gmt":"2025-02-04T03:00:50","slug":"programa-de-riego-asociativo-de-indap-contribuye-a-la-optimizacion-del-recurso-hidrico-en-el-sector-los-pozos-comuna-de-monte-patria","status":"publish","type":"post","link":"https:\/\/www.radiolimari.cl\/?p=12263","title":{"rendered":"Programa de Riego Asociativo de INDAP contribuye a la optimizaci\u00f3n del recurso h\u00eddrico en el sector Los Pozos, comuna de Monte Patria."},"content":{"rendered":"\n<figure class=\"wp-block-gallery has-nested-images columns-default is-cropped wp-block-gallery-1 is-layout-flex wp-block-gallery-is-layout-flex\">\n<figure class=\"wp-block-image size-large\"><a href=\"https:\/\/www.radiolimari.cl\/wp-content\/uploads\/2025\/02\/Usuarios-y-usuarias-de-INDAP-junto-con-autoridades-llevaron-a-cabo-la-inauguracion-de-las-obras-de-mejoramiento-del-Canal-Vinita.jpg\"><img fetchpriority=\"high\" decoding=\"async\" width=\"1024\" height=\"768\" data-id=\"12264\" src=\"https:\/\/www.radiolimari.cl\/wp-content\/uploads\/2025\/02\/Usuarios-y-usuarias-de-INDAP-junto-con-autoridades-llevaron-a-cabo-la-inauguracion-de-las-obras-de-mejoramiento-del-Canal-Vinita-1024x768.jpg\" alt=\"\" class=\"wp-image-12264\" srcset=\"https:\/\/www.radiolimari.cl\/wp-content\/uploads\/2025\/02\/Usuarios-y-usuarias-de-INDAP-junto-con-autoridades-llevaron-a-cabo-la-inauguracion-de-las-obras-de-mejoramiento-del-Canal-Vinita-1024x768.jpg 1024w, https:\/\/www.radiolimari.cl\/wp-content\/uploads\/2025\/02\/Usuarios-y-usuarias-de-INDAP-junto-con-autoridades-llevaron-a-cabo-la-inauguracion-de-las-obras-de-mejoramiento-del-Canal-Vinita-300x225.jpg 300w, https:\/\/www.radiolimari.cl\/wp-content\/uploads\/2025\/02\/Usuarios-y-usuarias-de-INDAP-junto-con-autoridades-llevaron-a-cabo-la-inauguracion-de-las-obras-de-mejoramiento-del-Canal-Vinita-768x576.jpg 768w, https:\/\/www.radiolimari.cl\/wp-content\/uploads\/2025\/02\/Usuarios-y-usuarias-de-INDAP-junto-con-autoridades-llevaron-a-cabo-la-inauguracion-de-las-obras-de-mejoramiento-del-Canal-Vinita-1536x1152.jpg 1536w, https:\/\/www.radiolimari.cl\/wp-content\/uploads\/2025\/02\/Usuarios-y-usuarias-de-INDAP-junto-con-autoridades-llevaron-a-cabo-la-inauguracion-de-las-obras-de-mejoramiento-del-Canal-Vinita.jpg 1920w\" sizes=\"(max-width: 1024px) 100vw, 1024px\" \/><\/a><\/figure>\n<\/figure>\n\n\n\n<p><em>La inversi\u00f3n total fue superior a los $65 millones.<\/em><\/p>\n\n\n\n<p>48 usuarios o usuarias del Instituto de Desarrollo Agropecuario (INDAP) son beneficiados con obras de mejoramiento efectuadas en el Canal Vi\u00f1ita.<\/p>\n\n\n\n<p>Dicho servicio del agro cofinanci\u00f3 este proyecto \u2014ubicado en el sector Los Pozos, comuna de Monte Patria\u2014, con el que espec\u00edficamente se llev\u00f3 a cabo la entubaci\u00f3n parcial con tuber\u00eda HDPE corrugada en una longitud de 352 metros, logrando adem\u00e1s uniformar pendientes, disminuir p\u00e9rdidas por conducci\u00f3n y reducir los costos de limpieza.<\/p>\n\n\n\n<p>Cabe se\u00f1alar que el Canal Vi\u00f1ita pertenece a la Comunidad Agr\u00edcola de Monte Patria.<\/p>\n\n\n\n<p>Su presidente, Cristian Rojo Arancibia, coment\u00f3 que este apoyo tiene la gran ventaja de \u201cconducir el agua de mejor manera, sobre todo este a\u00f1o reci\u00e9n pasado que fuimos bendecidos con m\u00e1s ag\u00fcita\u201d. Asimismo, dijo que anteriormente gracias a INDAP pudieron llevar a cabo un&nbsp;estudio de prefactibilidad del canal de regad\u00edo, \u201clo cual nos permite obtener financiamiento para ir entubando tramos que son los que tienen m\u00e1s da\u00f1os y que nos cuesta m\u00e1s para llegar con el agua hacia un estanque acumulador, con el cual la distribuimos a los distintos agricultores\u201d.<\/p>\n\n\n\n<p>Asimismo, el dirigente sostuvo que el apoyo de INDAP \u201ces relevante para los peque\u00f1os agricultores, como nosotros, porque obtenemos recursos que hacen que la agricultura campesina se pueda mantener\u201d.<\/p>\n\n\n\n<p>Soledad Espinoza es una de las usuarias pertenecientes al Canal Vi\u00f1ita. Al respecto, manifest\u00f3 que \u201cme parece superbi\u00e9n que INDAP nos ayude. Estoy muy feliz porque tramo a tramo nos han apoyado y eso se agradece. Nosotros tenemos un estanque comunitario y ahora el agua llega expedita. Antes el agua, desde la bocatoma, se perd\u00eda en el camino\u201d.<\/p>\n\n\n\n<p>Sumando el incentivo econ\u00f3mico de INDAP, a trav\u00e9s del Programa de Riego Asociativo (PRA), y el aporte de los regantes la inversi\u00f3n total fue superior a los $65 millones. Su ejecuci\u00f3n corresponde al a\u00f1o 2024.<\/p>\n\n\n\n<p>El Director Regional de INDAP, V\u00edctor Illanes, expres\u00f3 que modernizar la infraestructura h\u00eddrica \u201cpara nuestro Gobierno del Presidente Gabriel Boric est\u00e1 considerada como una prioridad en lo relacionado con la Agricultura Familiar Campesina e Ind\u00edgena, porque son una manera concreta para enfrentar los efectos del cambio clim\u00e1tico, que cada vez se hacen m\u00e1s patentes en la ruralidad\u201d. \u201cEn esta ocasi\u00f3n inauguramos las obras de mejoramiento del Canal Vi\u00f1ita, ubicado en la comuna de Monte Patria, una de las m\u00e1s afectadas por la escasez h\u00eddrica, por lo que estamos tremendamente contentos porque contribuyen a la sostenibilidad de los recursos naturales y el medioambiente, sobre todo en materia de eficiencia y sustentabilidad en el uso del agua\u201d, detall\u00f3.<\/p>\n\n\n\n<p>Anteriormente el INDAP hab\u00eda beneficiado a dicho canal de regad\u00edo. El a\u00f1o 2020 con el Programa de Gesti\u00f3n y Soporte Organizacional (PROGYSO) y el 2023 con el \u201cEstudio de Diagn\u00f3stico para el Mejoramiento Integral Canal Vi\u00f1ita y Alternativas Constructivas\u201d, mediante el programa Estudios de Riego y Drenaje; y con el entubamiento parcial de una longitud de 485 metros, a trav\u00e9s del Programa de Riego Asociativo (PRA).<\/p>\n\n\n\n<p>\u201cLo que INDAP concret\u00f3 en el sector de Los Pozos es una muy buena noticia para la Agricultura Familiar Campesina e Ind\u00edgena de la regi\u00f3n en general, ya que la entubaci\u00f3n del Canal Vi\u00f1ita es una muestra clara de que existen los mecanismos para que los regantes que son usuarios y usuarias de INDAP puedan optar a financiamientos similares, en este caso, a trav\u00e9s del Programa de Riego Asociativo. Desde el MINAGRI hacemos un llamado a los y las interesadas a informarse sobre los diversos llamados a concurso que INDAP tiene abiertos o que abrir\u00e1n durante este 2025, para que vean cu\u00e1l se acomoda a sus necesidades y se aseguren si cumplen o no con los requisitos exigidos\u201d, dijo el Seremi de Agricultura, Christian \u00c1lvarez.<\/p>\n\n\n\n<p>Asimismo, el Alcalde de Monte Patria, Cristian Herrera, afirm\u00f3 que este aporte de INDAP es clave para el avance productivo del Mundo Rural: \u201cPara nosotros es de una gran satisfacci\u00f3n ver c\u00f3mo los planes y programas en materia de eficiencia h\u00eddrica y mejoramiento de tecnolog\u00eda para agricultores da frutos, habla de buenas gestiones por parte del Gobierno y eso nos da cierta tranquilidad. Sin embargo, siempre es necesario seguir al pendiente de las reales necesidades de nuestros productores y agricultores. Hace unas semanas est\u00e1bamos con manifestaciones por la gesti\u00f3n del recurso h\u00eddrico cuenca arriba, hemos estado tambi\u00e9n en la inauguraci\u00f3n de sistemas de eficiencia h\u00eddrica en Rapel y ahora acompa\u00f1ando a la Comunidad Agr\u00edcola de Monte Patria en la inauguraci\u00f3n de esta obra de riego. Estaremos junto a nuestros productores en todo momento, con nuestros equipos de fomento productivo y toda la voluntad en gesti\u00f3n pol\u00edtica y social. Nos estamos preparando para ser un destino tur\u00edstico a futuro, pero no dejaremos de lado nuestros agricultores que tanto han dejado por esta tierra\u201d.<\/p>\n\n\n\n<p>En tanto, el Delegado Presidencial Provincial de Limar\u00ed, Eduardo Alcayaga, indic\u00f3 que este tipo de acciones son muy valiosas, por lo que \u201cpor mandato del Presidente Boric hemos acudido a terreno para que todas las personas, independiente del tama\u00f1o de sus inversiones, puedan tener acceso a los beneficios que el Estado ofrece. Y ac\u00e1, a trav\u00e9s del asociativismo, hemos logrado que estos regantes del Canal Vi\u00f1ita de Monte Patria puedan concursar a INDAP para ir haciendo un uso m\u00e1s eficiente del recurso h\u00eddrico, lo que les ha permitido asegurar sus siembras y sus producciones, para tambi\u00e9n lograr un sustento para su familia\u201d.<\/p>\n\n\n\n<p>Para inaugurar las obras se efectu\u00f3 un recorrido por el lugar, el que estuvo liderada por los beneficiados y beneficiadas y al que asistieron autoridades regionales y comunales.<\/p>\n\n\n\n<p><strong>M\u00c1S APORTES EN LA COMUNA DE MONTE PATRIA<\/strong><\/p>\n\n\n\n<p>A lo anterior, durante el 2024, el INDAP efectu\u00f3 una serie de apoyos en la comuna.<\/p>\n\n\n\n<p>Entre otros est\u00e1 el caso de los programas PRODESAL y PADIS, en el que sus 340 usuarios o usuarias participantes (sumando ambos) recibieron asesor\u00eda t\u00e9cnica, lo que represent\u00f3 una inversi\u00f3n superior a los $106 millones. A su vez, en el componente de inversi\u00f3n, con el Fondo de Operaci\u00f3n Anual (FOA) se benefici\u00f3 a 290 usuarios o usuarias, lo que se traduce en un monto total por m\u00e1s de $42 millones. Mientras que con la herramienta Inversi\u00f3n de Activos Productivos (IFP) fueron 27, alcanzando una cifra global cercana a los $40 millones.<\/p>\n\n\n\n<p>Adem\u00e1s, considerando el Programa de Obras Menores de Riego (PROMR), el Programa de Riego Asociativo (PRA), el Programa de Riego y Drenaje (PRI) y el Bono Legal de Aguas (BLA) se cofinanciaron 52 proyectos, llegando as\u00ed a un monto superior a los $279 millones.<\/p>\n\n\n\n<p>Por su parte, con el Mercado Campesino de Monte Patria \u2014el que se realiza cada viernes desde las 10:00 y hasta las 15:00 horas en la Plaza de Armas\u2014 12 usuarios o usuarias tienen una excelente vitrina de comercializaci\u00f3n. Cabe indicar que para potenciar el desarrollo de esta instancia el servicio del agro les ha entregado diversos implementos, tales como toldo, mesa, silla, mantel, pizarra, gorro y delantal, entre otros.<\/p>\n","protected":false},"excerpt":{"rendered":"<p>La inversi\u00f3n total fue superior a los $65 millones. 48 usuarios o usuarias del Instituto de Desarrollo Agropecuario (INDAP) son beneficiados con obras de mejoramiento efectuadas en el Canal Vi\u00f1ita. Dicho servicio del agro cofinanci\u00f3 este proyecto \u2014ubicado en el sector Los Pozos, comuna de Monte Patria\u2014, con el que espec\u00edficamente se llev\u00f3 a cabo &#8230;<\/p>\n","protected":false},"author":2,"featured_media":12264,"comment_status":"open","ping_status":"open","sticky":false,"template":"","format":"standard","meta":{"footnotes":""},"categories":[5],"tags":[],"class_list":["post-12263","post","type-post","status-publish","format-standard","has-post-thumbnail","hentry","category-actualidad-limarina"],"_links":{"self":[{"href":"https:\/\/www.radiolimari.cl\/index.php?rest_route=\/wp\/v2\/posts\/12263","targetHints":{"allow":["GET"]}}],"collection":[{"href":"https:\/\/www.radiolimari.cl\/index.php?rest_route=\/wp\/v2\/posts"}],"about":[{"href":"https:\/\/www.radiolimari.cl\/index.php?rest_route=\/wp\/v2\/types\/post"}],"author":[{"embeddable":true,"href":"https:\/\/www.radiolimari.cl\/index.php?rest_route=\/wp\/v2\/users\/2"}],"replies":[{"embeddable":true,"href":"https:\/\/www.radiolimari.cl\/index.php?rest_route=%2Fwp%2Fv2%2Fcomments&post=12263"}],"version-history":[{"count":1,"href":"https:\/\/www.radiolimari.cl\/index.php?rest_route=\/wp\/v2\/posts\/12263\/revisions"}],"predecessor-version":[{"id":12265,"href":"https:\/\/www.radiolimari.cl\/index.php?rest_route=\/wp\/v2\/posts\/12263\/revisions\/12265"}],"wp:featuredmedia":[{"embeddable":true,"href":"https:\/\/www.radiolimari.cl\/index.php?rest_route=\/wp\/v2\/media\/12264"}],"wp:attachment":[{"href":"https:\/\/www.radiolimari.cl\/index.php?rest_route=%2Fwp%2Fv2%2Fmedia&parent=12263"}],"wp:term":[{"taxonomy":"category","embeddable":true,"href":"https:\/\/www.radiolimari.cl\/index.php?rest_route=%2Fwp%2Fv2%2Fcategories&post=12263"},{"taxonomy":"post_tag","embeddable":true,"href":"https:\/\/www.radiolimari.cl\/index.php?rest_route=%2Fwp%2Fv2%2Ftags&post=12263"}],"curies":[{"name":"wp","href":"https:\/\/api.w.org\/{rel}","templated":true}]}}