{"id":12235,"date":"2025-01-27T14:54:33","date_gmt":"2025-01-27T14:54:33","guid":{"rendered":"https:\/\/www.radiolimari.cl\/?p=12235"},"modified":"2025-01-27T14:54:33","modified_gmt":"2025-01-27T14:54:33","slug":"fortaleceran-capacidades-de-dirigencias-campesinas-de-la-region-de-coquimbo","status":"publish","type":"post","link":"https:\/\/www.radiolimari.cl\/?p=12235","title":{"rendered":"Fortalecer\u00e1n capacidades de dirigencias campesinas de la Regi\u00f3n de Coquimbo."},"content":{"rendered":"\n<figure class=\"wp-block-gallery has-nested-images columns-default is-cropped wp-block-gallery-1 is-layout-flex wp-block-gallery-is-layout-flex\">\n<figure class=\"wp-block-image size-large\"><a href=\"https:\/\/www.radiolimari.cl\/wp-content\/uploads\/2025\/01\/IMG-20250127-WA0000.jpg\"><img fetchpriority=\"high\" decoding=\"async\" width=\"1024\" height=\"682\" data-id=\"12236\" src=\"https:\/\/www.radiolimari.cl\/wp-content\/uploads\/2025\/01\/IMG-20250127-WA0000-1024x682.jpg\" alt=\"\" class=\"wp-image-12236\" srcset=\"https:\/\/www.radiolimari.cl\/wp-content\/uploads\/2025\/01\/IMG-20250127-WA0000-1024x682.jpg 1024w, https:\/\/www.radiolimari.cl\/wp-content\/uploads\/2025\/01\/IMG-20250127-WA0000-300x200.jpg 300w, https:\/\/www.radiolimari.cl\/wp-content\/uploads\/2025\/01\/IMG-20250127-WA0000-768x512.jpg 768w, https:\/\/www.radiolimari.cl\/wp-content\/uploads\/2025\/01\/IMG-20250127-WA0000-1536x1023.jpg 1536w, https:\/\/www.radiolimari.cl\/wp-content\/uploads\/2025\/01\/IMG-20250127-WA0000.jpg 1600w\" sizes=\"(max-width: 1024px) 100vw, 1024px\" \/><\/a><\/figure>\n<\/figure>\n\n\n\n<p><strong><em>Iniciativa est\u00e1 en l\u00ednea lo propuesto en la Pol\u00edtica Regional para el Desarrollo Rural Campesina y tendr\u00e1 m\u00e1s de 370 participantes de todas las comunas<\/em><\/strong><strong><em><\/em><\/strong><\/p>\n\n\n\n<p>La Regi\u00f3n de Coquimbo ser\u00e1 el escenario de un importante hito para el fortalecimiento del mundo rural: el lanzamiento de la Escuela para Dirigentas y Dirigentes Campesinos \u00abHugo Maturana Gonz\u00e1lez\u00bb. Este proyecto es un hecho in\u00e9dito y tiene como objetivo principal potenciar el liderazgo y la participaci\u00f3n activa de las y los representantes campesinos en la construcci\u00f3n de un territorio rural m\u00e1s equitativo y sostenible para nuestra zona.<\/p>\n\n\n\n<p>Durante el encuentro, se presentaron los detalles del programa formativo, el que se extender\u00e1 desde marzo hasta octubre. Este proceso incluir\u00e1 actividades presenciales en las 15 comunas de la regi\u00f3n.<\/p>\n\n\n\n<p>Al respecto, Leticia Ram\u00edrez, presidenta del Consejo Rural Campesino, valor\u00f3 la iniciativa y se\u00f1al\u00f3 que es una buena se\u00f1al para comenzar a implementar la Pol\u00edtica Regional para el Desarrollo Rural Campesino <strong>\u201cHoy d\u00eda se materializa en una de las cuestiones fundamentales que es una escuela para dirigentes, en donde seamos capaces de comprender las aspiraciones, los sue\u00f1os de la gente del territorio y ojal\u00e1 que se haga carne en la pol\u00edtica. Porque si la pol\u00edtica no sirve para resolver los problemas de la gente, entonces, \u00bfpara qu\u00e9 tenemos pol\u00edtica? Y nosotros tenemos la nuestra, la ofrecemos, la socializamos, le decimos, mire, esta es la forma en que nosotros queremos que el Estado se encargue de nuestro territorio rural\u201d, manifest\u00f3.<\/strong><\/p>\n\n\n\n<p>El compromiso de seguir escuchando las voces del mundo campesino fue refrendado por el Delegado Presidencial Regional, Galo Luna, quien desde que asumi\u00f3 el cargo ha liderado diversas coordinaciones con las dirigencias rurales. <strong>\u201cEsto es un hito hist\u00f3rico, despu\u00e9s de 20 a\u00f1os logramos dar inicio a la primera l\u00ednea formal que se hab\u00eda programado en la pol\u00edtica regional campesina. Esta escuela dirigente que viene a fortalecer la participaci\u00f3n ciudadana, uno de los elementos m\u00e1s trascendentes de esta pol\u00edtica\u201d, precis\u00f3 Luna.<\/strong><\/p>\n\n\n\n<p>La escuela de formaci\u00f3n, tambi\u00e9n, cuenta con la colaboraci\u00f3n de la Asociaci\u00f3n de Municipios Rurales del Norte Chico, entidad que estar\u00e1 apoyando todo el trabajo en terreno con las comunidades. La representante de la entidad, la alcaldesa de La Higuera, Uberlinda Aquea, indic\u00f3 que <strong>\u201ctuve el honor de representar a la Asociaci\u00f3n de Municipios Rurales del Norte Chico en este hito lanzamiento. Nosotros llevamos mucho tiempo trabajando con la dirigencia campesina y claramente esto es muy importante para que generar las herramientas, tanto para el Estado como para nuestros dirigentes, para poder implementar la pol\u00edtica regional de desarrollo rural\u201d.<\/strong><\/p>\n\n\n\n<p>La iniciativa es financiada por la Subsecretar\u00eda de Desarrollo Regional y Administrativo (SUBDERE) en convenio con el Ministerio Secretar\u00eda General de Gobierno, y se enmarca en el compromiso fortalecer la participaci\u00f3n ciudadana, lo que se alinea con el desaf\u00edo de concretar la Pol\u00edtica Regional de Desarrollo Rural, aprobada en el 2011.<\/p>\n\n\n\n<p>Al respecto, Francisco Pinochet, Jefe de Divisi\u00f3n de Municipalidades de la Subdere, precis\u00f3 que estas instancias son claves para avanzar en un desarrollo descentralizado y pensando en las necesidades de cada sector. <strong>\u201cEste convenio busca contribuir al fortalecimiento de las capacidades de los dirigentes y dirigentas campesinas de la mesa rural de ac\u00e1 de Coquimbo, que adem\u00e1s es un ejercicio in\u00e9dito y nosotros hemos contribuido con m\u00e1s de 80 millones de pesos, para lograr una toma decisiones de manera participativa, pero adem\u00e1s con pertinencia local y territorial\u201d.<\/strong><\/p>\n\n\n\n<p>Para los consejeros regionales Pedro Valencia y Valeria Chacana a Escuela para Dirigentas y Dirigentes Campesinos \u00abHugo Maturana Gonz\u00e1lez\u00bb representa un paso significativo, donde el mundo rural sea protagonista del progreso, un trabajo que el Gobierno Regional ha avanzado con iniciativas como el Programa de Manejo Sustentable de la Tierra, el que parti\u00f3 2023 con una inversi\u00f3n de m\u00e1s de mil millones y podr\u00eda extenderse hasta este 2025 logrando su ampliaci\u00f3n a toda la regi\u00f3n.<\/p>\n\n\n\n<p>Para el Gobernador de la Regi\u00f3n de Coquimbo y Presidente de la Mesa de Desarrollo Rural, Crist\u00f3bal Juli\u00e1, es fundamental seguir escuchando a los territorios e involucrarlos en la generaci\u00f3n de iniciativas para cuidar sus entornos. <strong>\u201cLa pol\u00edtica rural campesina es sumamente antigua y ha sido una ardua lucha lograr objetivos concretos. Este es uno de ellos porque, tambi\u00e9n, va a fortalecer el conocimiento que tienen nuestras dirigentes y dirigentes y al mismo tiempo va a permitir algo sumamente importante mantener el conocimiento popular de campo que muchas veces y producto de que los j\u00f3venes se est\u00e1n yendo del campo a prop\u00f3sito de la escasez de oportunidades, se ha ido perdiendo\u201d, puntaliz\u00f3.<\/strong><\/p>\n\n\n\n<p><strong>ESCUELA Y METODOLOG\u00cdA. &nbsp;<\/strong>El objetivo de las m\u00e1s de 60 jornadas es fortalecer la capacidad de acci\u00f3n social de m\u00e1s de 370 dirigentes y dirigentas de la ruralidad para que puedan tener una incidencia mayor en la elaboraci\u00f3n de propuestas que contribuyan a terminar con la exclusi\u00f3n social que a\u00fan persiste en estas zonas.&nbsp;&nbsp;&nbsp;<\/p>\n\n\n\n<p>Por su parte, la Seremi de Gobierno, Paulina Mora, precis\u00f3 que la escuela marcar\u00e1 el inicio de un proceso transformador para nuestras zonas rurales, donde ellos estar\u00e1n en el centro de las prioridades. <strong>\u201cComo Ministerio Secretar\u00eda General de Gobierno hemos tomado esto como parte de uno de nuestros programas, que esperamos que tenga una continuidad, ya que est\u00e1 orientado en poder seguir fortaleciendo la participaci\u00f3n ciudadana, que tan relevante es para el Gobierno del presidente Gabriel Boric, quien nos ha mandatado en cada una de nuestras instancias poder seguir entregando herramientas a las dirigencias sociales y territoriales\u201d, expres\u00f3 la Vocera.<\/strong><\/p>\n\n\n\n<p>Asimismo, el jefe de la Unidad Regional de Subdere, Bernardo Salinas, manifest\u00f3 que la actividad de formaci\u00f3n es una gran oportunidad para el Estado, ya que \u201c<strong>el desarrollo no se puede concebir si no est\u00e1 considerada la mirada y los anhelos y los derechos que tiene que tener el sector rural, y por tanto aqu\u00ed demostramos el compromiso del Estado con la devoluci\u00f3n del poder a nuestras comunidades\u201d, indic\u00f3 Salinas.<\/strong><\/p>\n\n\n\n<p>Las actividades comenzar\u00e1n a desarrollarse en el mes de marzo de este a\u00f1o y contemplan la ejecuci\u00f3n de encuentros en las 15 comunas de la Regi\u00f3n de Coquimbo. Ser\u00e1n dos m\u00f3dulos con cuatro jornadas de 7 horas cronol\u00f3gicas cada una, proceso que culminar\u00e1 con un gran Seminario Regional sobre Participaci\u00f3n Ciudadana y Organizaciones Sociales.<\/p>\n","protected":false},"excerpt":{"rendered":"<p>Iniciativa est\u00e1 en l\u00ednea lo propuesto en la Pol\u00edtica Regional para el Desarrollo Rural Campesina y tendr\u00e1 m\u00e1s de 370 participantes de todas las comunas La Regi\u00f3n de Coquimbo ser\u00e1 el escenario de un importante hito para el fortalecimiento del mundo rural: el lanzamiento de la Escuela para Dirigentas y Dirigentes Campesinos \u00abHugo Maturana Gonz\u00e1lez\u00bb. &#8230;<\/p>\n","protected":false},"author":2,"featured_media":12236,"comment_status":"open","ping_status":"open","sticky":false,"template":"","format":"standard","meta":{"footnotes":""},"categories":[6],"tags":[],"class_list":["post-12235","post","type-post","status-publish","format-standard","has-post-thumbnail","hentry","category-regionales"],"_links":{"self":[{"href":"https:\/\/www.radiolimari.cl\/index.php?rest_route=\/wp\/v2\/posts\/12235","targetHints":{"allow":["GET"]}}],"collection":[{"href":"https:\/\/www.radiolimari.cl\/index.php?rest_route=\/wp\/v2\/posts"}],"about":[{"href":"https:\/\/www.radiolimari.cl\/index.php?rest_route=\/wp\/v2\/types\/post"}],"author":[{"embeddable":true,"href":"https:\/\/www.radiolimari.cl\/index.php?rest_route=\/wp\/v2\/users\/2"}],"replies":[{"embeddable":true,"href":"https:\/\/www.radiolimari.cl\/index.php?rest_route=%2Fwp%2Fv2%2Fcomments&post=12235"}],"version-history":[{"count":1,"href":"https:\/\/www.radiolimari.cl\/index.php?rest_route=\/wp\/v2\/posts\/12235\/revisions"}],"predecessor-version":[{"id":12237,"href":"https:\/\/www.radiolimari.cl\/index.php?rest_route=\/wp\/v2\/posts\/12235\/revisions\/12237"}],"wp:featuredmedia":[{"embeddable":true,"href":"https:\/\/www.radiolimari.cl\/index.php?rest_route=\/wp\/v2\/media\/12236"}],"wp:attachment":[{"href":"https:\/\/www.radiolimari.cl\/index.php?rest_route=%2Fwp%2Fv2%2Fmedia&parent=12235"}],"wp:term":[{"taxonomy":"category","embeddable":true,"href":"https:\/\/www.radiolimari.cl\/index.php?rest_route=%2Fwp%2Fv2%2Fcategories&post=12235"},{"taxonomy":"post_tag","embeddable":true,"href":"https:\/\/www.radiolimari.cl\/index.php?rest_route=%2Fwp%2Fv2%2Ftags&post=12235"}],"curies":[{"name":"wp","href":"https:\/\/api.w.org\/{rel}","templated":true}]}}