{"id":12228,"date":"2025-01-15T02:13:53","date_gmt":"2025-01-15T02:13:53","guid":{"rendered":"https:\/\/www.radiolimari.cl\/?p=12228"},"modified":"2025-01-15T02:13:53","modified_gmt":"2025-01-15T02:13:53","slug":"consejeros-regionales-definen-presidencias-para-el-trabajo-de-comisiones-durante-primer-ano-de-gestion-del-nuevo-periodo","status":"publish","type":"post","link":"https:\/\/www.radiolimari.cl\/?p=12228","title":{"rendered":"Consejeros regionales definen presidencias para el trabajo de comisiones durante primer a\u00f1o de gesti\u00f3n del nuevo per\u00edodo."},"content":{"rendered":"\n<figure class=\"wp-block-gallery has-nested-images columns-default is-cropped wp-block-gallery-1 is-layout-flex wp-block-gallery-is-layout-flex\">\n<figure class=\"wp-block-image size-large\"><a href=\"https:\/\/www.radiolimari.cl\/wp-content\/uploads\/2025\/01\/2-1.jpeg\"><img fetchpriority=\"high\" decoding=\"async\" width=\"1024\" height=\"682\" data-id=\"12229\" src=\"https:\/\/www.radiolimari.cl\/wp-content\/uploads\/2025\/01\/2-1-1024x682.jpeg\" alt=\"\" class=\"wp-image-12229\" srcset=\"https:\/\/www.radiolimari.cl\/wp-content\/uploads\/2025\/01\/2-1-1024x682.jpeg 1024w, https:\/\/www.radiolimari.cl\/wp-content\/uploads\/2025\/01\/2-1-300x200.jpeg 300w, https:\/\/www.radiolimari.cl\/wp-content\/uploads\/2025\/01\/2-1-768x512.jpeg 768w, https:\/\/www.radiolimari.cl\/wp-content\/uploads\/2025\/01\/2-1-1536x1023.jpeg 1536w, https:\/\/www.radiolimari.cl\/wp-content\/uploads\/2025\/01\/2-1.jpeg 1600w\" sizes=\"(max-width: 1024px) 100vw, 1024px\" \/><\/a><\/figure>\n<\/figure>\n\n\n\n<p>Las 11 comisiones permanentes de trabajo del cuerpo colegiado son el marco bajo el que se analizan y discuten las iniciativas priorizadas desde el ejecutivo del Gobierno Regional. Adem\u00e1s, cada presidente, vicepresidente a integrantes hacen seguimiento a los proyectos que consideran recursos FNDR para su ejecuci\u00f3n.<\/p>\n\n\n\n<p>Durante la primera sesi\u00f3n ordinaria del Consejo Regional bajo la presidencia del reci\u00e9n asumido gobernador Crist\u00f3bal Juli\u00e1, las y los integrantes del cuerpo colegiado presentaron, analizaron y sancionaron la que ser\u00e1 la conformaci\u00f3n de las 11 comisiones del Consejo Regional durante el presente a\u00f1o, luego de que asumieran sus nuevos integrantes.<\/p>\n\n\n\n<p>Junto con agradecer la confianza del cuerpo colegiado para continuar a la cabeza de la comisi\u00f3n de R\u00e9gimen Interno, la consejera Paola Cort\u00e9s, se\u00f1al\u00f3 que \u201cnos pudimos poner de acuerdo, creemos que todos los colegas son capaces de liderar una presidencia y una vicepresidencia. Hoy quedaron conformadas estas comisiones respecto de las fuerzas pol\u00edticas que existen en el consejo, entendiendo, adem\u00e1s, que la ciudadan\u00eda nos endosa una gran responsabilidad en la que podemos trabajar en equipo junto al gobernador, para sacar adelante las prioridades y aquello que viene de a\u00f1os anteriores\u201d.<\/p>\n\n\n\n<p>Por su parte, el gobernador Crist\u00f3bal Juli\u00e1, quien preside al cuerpo colegiado, destac\u00f3 que \u201cen alg\u00fan momento uno piensa que habr\u00eda que extender un poco m\u00e1s la discusi\u00f3n para resolver el tema de las comisiones, pero a pesar de lo variopinto que es pol\u00edticamente este Consejo Regional, ellos han demostrado tener una altura de miras y un esp\u00edritu c\u00edvico muy grande, por lo que llegaron con todas las comisiones resueltas a la sesi\u00f3n, lo que habla muy bien de este cuerpo colegiado con el que vamos a trabajar de muy buena forma\u201d.<\/p>\n\n\n\n<p>De esta forma, la comisi\u00f3n de Ordenamiento Territorial ser\u00e1 presidida por Denis Cort\u00e9s, asumiendo la vicepresidencia el consejero Francisco Corral; en Desarrollo Social, se mantiene Juan Barraza a la cabeza, secundado por el consejero Juan Hisi; Salud y Deportes ser\u00e1 presidido en este per\u00edodo por Lombardo Toledo, quedando la consejera Mar\u00eda Cristina Concha en la vicepresidencia.<\/p>\n\n\n\n<p>La consejera Ximena Ampuero asumir\u00e1 la presidencia de Fomento Productivo, con Paola Cort\u00e9s en la vicepresidencia; la comisi\u00f3n de Educaci\u00f3n y Cultura ser\u00e1 presidida por Valeria Chacana, secundada por Bel\u00e9n Auger; mientras que en la comisi\u00f3n de Relaciones Internacionales asumir\u00e1 la presidencia el consejero Pedro Valencia, acompa\u00f1ado por Bernardo Ch\u00e1vez como vicepresidente.<\/p>\n\n\n\n<p>En la comisi\u00f3n de Medio Ambiente, Miner\u00eda y Energ\u00eda asumir\u00e1 Bel\u00e9n Auger como presidenta y Carlos Ramos como vicepresidente; en Presupuesto, Max Aguirre actuar\u00e1 como presidente y Valeria Chacana como vicepresidenta; en G\u00e9nero y Diversidad Sexual, presidir\u00e1 el consejero \u00c1ngel Gonz\u00e1lez y Tatiana Cort\u00e9s asumir\u00e1 la vicepresidencia; y, finalmente, el consejero Francisco Corral asumir\u00e1 la presidencia de Aguas y Recursos H\u00eddricos, con la vicepresidencia de Denis Cort\u00e9s.<\/p>\n\n\n\n<p>Tras la votaci\u00f3n plenaria que confirm\u00f3 esta conformaci\u00f3n de comisiones, el consejero Pedro Valencia, quien asume Relaciones Internacionales, destac\u00f3 la base con la que asume este trabajo, luego de haber presidido anteriormente las comisiones de Medio Ambiente y Fomento productivo.<\/p>\n\n\n\n<p>\u201cLo que quiero yo motivar a que se haga tiene que ver con fomento productivo, porque me interesa mucho lo que es la integraci\u00f3n econ\u00f3mica, especialmente con Argentina. Tambi\u00e9n me interesa mucho ver c\u00f3mo se est\u00e1 desarrollando este tema del auge minero en San Juan y como a nuestra regi\u00f3n de Coquimbo se le puede presentar como una oportunidad para trabajar la integraci\u00f3n con el vecino pa\u00eds, y en medio de todo esto, va el tema del medio ambiente<\/p>\n\n\n\n<p>Por su parte, Francisco Corral, quien encabezar\u00e1 la comisi\u00f3n de Aguas y Recursos H\u00eddricos, puntualiz\u00f3 que es una gran responsabilidad, considerando que \u201csin agua no hay desarrollo, por lo que todo lo que queramos hacer a nivel de desarrollo social, econ\u00f3mico y cultural, dependen en m\u00e1s del 70% del agua, por lo que esta es una comisi\u00f3n relevante y transversal para toda la gesti\u00f3n, tanto del gobernador como del CORE. Sobre el desaf\u00edo fundamental para este a\u00f1o es trabajar en base al insumo que nos va a entregar el Programa Transforma H\u00eddrico, que va a entregar una hoja de ruta con la que nos vamos a poder orientar como comisi\u00f3n para establecer prioridades, por lo que en una primera etapa nos pondremos al d\u00eda con lo que ha avanzado Corfo en este programa\u201d.<\/p>\n\n\n\n<p>Desde Fomento Productivo, Ximena Ampuero enfatiz\u00f3 en que este es un desaf\u00edo profesional y pol\u00edtico, en el que \u201cvamos a trabajar arduamente, especialmente en el fomento de las mujeres, la innovaci\u00f3n, en poder buscar con Corfo, Sercotec y otras entidades las instancias y realizar las fiscalizaciones, adem\u00e1s de transmitir claramente los lineamientos que tenemos como CORE. La perspectiva de g\u00e9nero para mi es fundamental, y en el tema del fomento y la innovaci\u00f3n vamos a marcar el precedente en esta presidencia y espero que todos podamos ver los frutos de esta comisi\u00f3n\u201d.<\/p>\n\n\n\n<p>Y al asumir como presidente de Ordenamiento Territorial, el consejero Denis Cort\u00e9s se\u00f1al\u00f3 que lo primero por hacer es conocer en detalle la Estrategia regional de Desarrollo (ERD). \u201cUn documento que nos presentaron hoy, que seguiremos estudiando y sobre el que hay que ver los compromisos de los distintos servicios sobre este instrumento, porque de lo contrario pasa a ser un instrumento m\u00e1s guardado en el caj\u00f3n (\u2026), hay que ponerle contenido, acci\u00f3n y llevarlo a la realidad de los problemas y necesidades que tiene la gente\u201d.<\/p>\n","protected":false},"excerpt":{"rendered":"<p>Las 11 comisiones permanentes de trabajo del cuerpo colegiado son el marco bajo el que se analizan y discuten las iniciativas priorizadas desde el ejecutivo del Gobierno Regional. Adem\u00e1s, cada presidente, vicepresidente a integrantes hacen seguimiento a los proyectos que consideran recursos FNDR para su ejecuci\u00f3n. Durante la primera sesi\u00f3n ordinaria del Consejo Regional bajo &#8230;<\/p>\n","protected":false},"author":2,"featured_media":12229,"comment_status":"open","ping_status":"open","sticky":false,"template":"","format":"standard","meta":{"footnotes":""},"categories":[3],"tags":[],"class_list":["post-12228","post","type-post","status-publish","format-standard","has-post-thumbnail","hentry","category-actualidad"],"_links":{"self":[{"href":"https:\/\/www.radiolimari.cl\/index.php?rest_route=\/wp\/v2\/posts\/12228","targetHints":{"allow":["GET"]}}],"collection":[{"href":"https:\/\/www.radiolimari.cl\/index.php?rest_route=\/wp\/v2\/posts"}],"about":[{"href":"https:\/\/www.radiolimari.cl\/index.php?rest_route=\/wp\/v2\/types\/post"}],"author":[{"embeddable":true,"href":"https:\/\/www.radiolimari.cl\/index.php?rest_route=\/wp\/v2\/users\/2"}],"replies":[{"embeddable":true,"href":"https:\/\/www.radiolimari.cl\/index.php?rest_route=%2Fwp%2Fv2%2Fcomments&post=12228"}],"version-history":[{"count":1,"href":"https:\/\/www.radiolimari.cl\/index.php?rest_route=\/wp\/v2\/posts\/12228\/revisions"}],"predecessor-version":[{"id":12230,"href":"https:\/\/www.radiolimari.cl\/index.php?rest_route=\/wp\/v2\/posts\/12228\/revisions\/12230"}],"wp:featuredmedia":[{"embeddable":true,"href":"https:\/\/www.radiolimari.cl\/index.php?rest_route=\/wp\/v2\/media\/12229"}],"wp:attachment":[{"href":"https:\/\/www.radiolimari.cl\/index.php?rest_route=%2Fwp%2Fv2%2Fmedia&parent=12228"}],"wp:term":[{"taxonomy":"category","embeddable":true,"href":"https:\/\/www.radiolimari.cl\/index.php?rest_route=%2Fwp%2Fv2%2Fcategories&post=12228"},{"taxonomy":"post_tag","embeddable":true,"href":"https:\/\/www.radiolimari.cl\/index.php?rest_route=%2Fwp%2Fv2%2Ftags&post=12228"}],"curies":[{"name":"wp","href":"https:\/\/api.w.org\/{rel}","templated":true}]}}