{"id":12225,"date":"2025-01-15T02:07:27","date_gmt":"2025-01-15T02:07:27","guid":{"rendered":"https:\/\/www.radiolimari.cl\/?p=12225"},"modified":"2025-01-15T02:07:28","modified_gmt":"2025-01-15T02:07:28","slug":"de-la-mano-de-indap-productores-y-productoras-rurales-de-limari-exploran-mercados-de-comercializacion-de-la-region-metropolitana","status":"publish","type":"post","link":"https:\/\/www.radiolimari.cl\/?p=12225","title":{"rendered":"De la mano de INDAP productores y productoras rurales de Limar\u00ed exploran mercados de comercializaci\u00f3n de la regi\u00f3n Metropolitana."},"content":{"rendered":"\n<figure class=\"wp-block-gallery has-nested-images columns-default is-cropped wp-block-gallery-1 is-layout-flex wp-block-gallery-is-layout-flex\">\n<figure class=\"wp-block-image size-large\"><a href=\"https:\/\/www.radiolimari.cl\/wp-content\/uploads\/2025\/01\/16-usuarios-de-INDAP-de-Limari-tuvieron-la-oportunidad-de-conocer-como-se-estan-vendiendo-los-productos-campesinos-en-distintos-mercados-de-la-region-Metropolitana-02.jpg\"><img fetchpriority=\"high\" decoding=\"async\" width=\"1024\" height=\"612\" data-id=\"12226\" src=\"https:\/\/www.radiolimari.cl\/wp-content\/uploads\/2025\/01\/16-usuarios-de-INDAP-de-Limari-tuvieron-la-oportunidad-de-conocer-como-se-estan-vendiendo-los-productos-campesinos-en-distintos-mercados-de-la-region-Metropolitana-02-1024x612.jpg\" alt=\"\" class=\"wp-image-12226\" srcset=\"https:\/\/www.radiolimari.cl\/wp-content\/uploads\/2025\/01\/16-usuarios-de-INDAP-de-Limari-tuvieron-la-oportunidad-de-conocer-como-se-estan-vendiendo-los-productos-campesinos-en-distintos-mercados-de-la-region-Metropolitana-02-1024x612.jpg 1024w, https:\/\/www.radiolimari.cl\/wp-content\/uploads\/2025\/01\/16-usuarios-de-INDAP-de-Limari-tuvieron-la-oportunidad-de-conocer-como-se-estan-vendiendo-los-productos-campesinos-en-distintos-mercados-de-la-region-Metropolitana-02-300x179.jpg 300w, https:\/\/www.radiolimari.cl\/wp-content\/uploads\/2025\/01\/16-usuarios-de-INDAP-de-Limari-tuvieron-la-oportunidad-de-conocer-como-se-estan-vendiendo-los-productos-campesinos-en-distintos-mercados-de-la-region-Metropolitana-02-768x459.jpg 768w, https:\/\/www.radiolimari.cl\/wp-content\/uploads\/2025\/01\/16-usuarios-de-INDAP-de-Limari-tuvieron-la-oportunidad-de-conocer-como-se-estan-vendiendo-los-productos-campesinos-en-distintos-mercados-de-la-region-Metropolitana-02.jpg 1147w\" sizes=\"(max-width: 1024px) 100vw, 1024px\" \/><\/a><\/figure>\n<\/figure>\n\n\n\n<p><em>Se interiorizaron sobre las gestiones y mecanismos para posicionar sus elaboraciones en espacios como Lo Valledor, la Vega Central y la Vega Poniente.<\/em><\/p>\n\n\n\n<p>Consolidar comercialmente los emprendimientos de la Agricultura Familiar Campesina e Ind\u00edgena se ha vuelto una tarea en la que est\u00e1 trabajando con firmeza el Instituto de Desarrollo Agropecuario (INDAP).<\/p>\n\n\n\n<p>Es as\u00ed que a trav\u00e9s de su programa de Asesor\u00eda T\u00e9cnica Especializada y Gestor Comercial durante el 2024 llev\u00f3 a cabo una iniciativa donde 16 de sus usuarios o usuarias de la provincia de Limar\u00ed tuvieron la oportunidad de conocer c\u00f3mo se est\u00e1n vendiendo los productos campesinos en distintos mercados de la regi\u00f3n Metropolitana, tales como Lo Valledor, la Vega Central y la Vega Poniente.<\/p>\n\n\n\n<p>Puntualmente, se interiorizaron sobre las gestiones y mecanismos para posicionar sus producciones de quesos de cabra, hortalizas o frutales en los citados espacios. Adem\u00e1s, mediante iniciativas como una rueda de negocios lograron generar redes de contacto con los posibles poderes compradores.<\/p>\n\n\n\n<p>Una de las participantes es Janet Andrade, productora caprina de la comuna de Ovalle, quien destac\u00f3 que \u201cesto ha sido una experiencia muy buena, incluso concretamos una venta de queso de cabra a Santiago, a Lo Valledor.&nbsp; Nos interesa seguir trabajando con este programa porque con el apoyo de INDAP estamos avanzando y alcanzando el anhelo de vender nuestras elaboraciones en m\u00e1s mercados\u201d.<\/p>\n\n\n\n<p>\u201cCon una exposici\u00f3n de los resultados llevamos a cabo el cierre del trabajo realizado en el transcurso del 2024. Esperamos que durante el 2025 continuemos avanzando y retomando este trabajo que logra que nuestros usuarios y usuarias desarrollen de forma sostenible el nivel de competitividad de su negocio o sistema productivo, mejorando las condiciones y proceso de ventas, considerando que llegar a los mercados indicados les permite alcanzar a un mayor n\u00famero de potenciales consumidores. Realmente estamos contentos que incluso m\u00e1s all\u00e1 de adquirir nuevos conocimientos algunos de las y los emprendedores hayan logrado concretar ventas\u201d, dijo el Director Regional de INDAP, V\u00edctor Illanes, quien agreg\u00f3 que \u201caprovecho de felicitar el empe\u00f1o y las gestiones que realizaron los funcionarios y funcionarias de la Agencia de \u00c1rea Ovalle para que resultara con \u00e9xito toda esta labor\u201d.<\/p>\n\n\n\n<p>Los usuarios y usuarias del servicio del agro que participaron de esta iniciativa provienen de las comunas de Ovalle, R\u00edo Hurtado o Punitaqui.<\/p>\n\n\n\n<p>El Seremi de Agricultura, Christian \u00c1lvarez, destac\u00f3 que mediante instancias como estas \u201cpromovemos nuevos y mejores espacios de comercializaci\u00f3n para los productos de la Agricultura Familiar Campesina e Ind\u00edgena, que es justamente una de las tareas que est\u00e1 potenciando el Gobierno del Presidente Gabriel Boric, y muestra de ello es lo que se est\u00e1 concretando a trav\u00e9s del programa de Asesor\u00eda T\u00e9cnica Especializada y Gestor Comercial, con el cual usuarios y usuarias de INDAP lograron eliminar algunas de las brechas que le imped\u00edan seguir avanzando en el proceso de mejora en la venta de sus elaboraciones\u201d.<\/p>\n\n\n\n<p>Cabe destacar que el programa Asesor\u00eda T\u00e9cnica Especializada y Gestor Comercial est\u00e1 destinado a peque\u00f1os productores agr\u00edcolas, campesinos y sus familias que realizan actividades econ\u00f3mico-productivas silvoagropecuarias, agroindustriales u otras actividades conexas; donde los productos o servicios forman parte de una cadena de valor y est\u00e9n destinados al mercado nacional y\/o internacional; y cuya demanda corresponde a la incubaci\u00f3n de emprendimientos y\/o la consolidaci\u00f3n de sus negocios.<\/p>\n","protected":false},"excerpt":{"rendered":"<p>Se interiorizaron sobre las gestiones y mecanismos para posicionar sus elaboraciones en espacios como Lo Valledor, la Vega Central y la Vega Poniente. Consolidar comercialmente los emprendimientos de la Agricultura Familiar Campesina e Ind\u00edgena se ha vuelto una tarea en la que est\u00e1 trabajando con firmeza el Instituto de Desarrollo Agropecuario (INDAP). Es as\u00ed que &#8230;<\/p>\n","protected":false},"author":2,"featured_media":12226,"comment_status":"open","ping_status":"open","sticky":false,"template":"","format":"standard","meta":{"footnotes":""},"categories":[6],"tags":[],"class_list":["post-12225","post","type-post","status-publish","format-standard","has-post-thumbnail","hentry","category-regionales"],"_links":{"self":[{"href":"https:\/\/www.radiolimari.cl\/index.php?rest_route=\/wp\/v2\/posts\/12225","targetHints":{"allow":["GET"]}}],"collection":[{"href":"https:\/\/www.radiolimari.cl\/index.php?rest_route=\/wp\/v2\/posts"}],"about":[{"href":"https:\/\/www.radiolimari.cl\/index.php?rest_route=\/wp\/v2\/types\/post"}],"author":[{"embeddable":true,"href":"https:\/\/www.radiolimari.cl\/index.php?rest_route=\/wp\/v2\/users\/2"}],"replies":[{"embeddable":true,"href":"https:\/\/www.radiolimari.cl\/index.php?rest_route=%2Fwp%2Fv2%2Fcomments&post=12225"}],"version-history":[{"count":1,"href":"https:\/\/www.radiolimari.cl\/index.php?rest_route=\/wp\/v2\/posts\/12225\/revisions"}],"predecessor-version":[{"id":12227,"href":"https:\/\/www.radiolimari.cl\/index.php?rest_route=\/wp\/v2\/posts\/12225\/revisions\/12227"}],"wp:featuredmedia":[{"embeddable":true,"href":"https:\/\/www.radiolimari.cl\/index.php?rest_route=\/wp\/v2\/media\/12226"}],"wp:attachment":[{"href":"https:\/\/www.radiolimari.cl\/index.php?rest_route=%2Fwp%2Fv2%2Fmedia&parent=12225"}],"wp:term":[{"taxonomy":"category","embeddable":true,"href":"https:\/\/www.radiolimari.cl\/index.php?rest_route=%2Fwp%2Fv2%2Fcategories&post=12225"},{"taxonomy":"post_tag","embeddable":true,"href":"https:\/\/www.radiolimari.cl\/index.php?rest_route=%2Fwp%2Fv2%2Ftags&post=12225"}],"curies":[{"name":"wp","href":"https:\/\/api.w.org\/{rel}","templated":true}]}}