{"id":12222,"date":"2025-01-15T01:58:18","date_gmt":"2025-01-15T01:58:18","guid":{"rendered":"https:\/\/www.radiolimari.cl\/?p=12222"},"modified":"2025-01-15T01:58:19","modified_gmt":"2025-01-15T01:58:19","slug":"municipio-y-anfp-afinan-detalles-de-seguridad-y-operacion-para-la-estadia-de-colo-colo-y-la-u-de-chile-en-ovalle","status":"publish","type":"post","link":"https:\/\/www.radiolimari.cl\/?p=12222","title":{"rendered":"Municipio y ANFP afinan detalles de seguridad y operaci\u00f3n para la estad\u00eda de Colo Colo y la U de Chile en Ovalle."},"content":{"rendered":"\n<figure class=\"wp-block-gallery has-nested-images columns-default is-cropped wp-block-gallery-1 is-layout-flex wp-block-gallery-is-layout-flex\">\n<figure class=\"wp-block-image size-large\"><a href=\"https:\/\/www.radiolimari.cl\/wp-content\/uploads\/2025\/01\/REUNION-ANFP-6-scaled.jpg\"><img fetchpriority=\"high\" decoding=\"async\" width=\"1024\" height=\"575\" data-id=\"12223\" src=\"https:\/\/www.radiolimari.cl\/wp-content\/uploads\/2025\/01\/REUNION-ANFP-6-1024x575.jpg\" alt=\"\" class=\"wp-image-12223\" srcset=\"https:\/\/www.radiolimari.cl\/wp-content\/uploads\/2025\/01\/REUNION-ANFP-6-1024x575.jpg 1024w, https:\/\/www.radiolimari.cl\/wp-content\/uploads\/2025\/01\/REUNION-ANFP-6-300x168.jpg 300w, https:\/\/www.radiolimari.cl\/wp-content\/uploads\/2025\/01\/REUNION-ANFP-6-768x431.jpg 768w, https:\/\/www.radiolimari.cl\/wp-content\/uploads\/2025\/01\/REUNION-ANFP-6-1536x862.jpg 1536w, https:\/\/www.radiolimari.cl\/wp-content\/uploads\/2025\/01\/REUNION-ANFP-6-2048x1149.jpg 2048w\" sizes=\"(max-width: 1024px) 100vw, 1024px\" \/><\/a><\/figure>\n<\/figure>\n\n\n\n<p><em>El alcalde H\u00e9ctor Vega Campusano y el gerente de Operaciones y Seguridad de la ANFP, Felipe De Pablo, se reunieron para coordinar la estad\u00eda de los dos equipos m\u00e1s populares del pa\u00eds en la comuna, como parte de los preparativos para la Supercopa. Seguridad y activaci\u00f3n econ\u00f3mica fueron los temas centrales.<\/em><\/p>\n\n\n\n<p>La tarde de este martes 14 de enero, el alcalde de Ovalle, H\u00e9ctor Vega Campusano, sostuvo una reuni\u00f3n con el gerente de Operaciones y Seguridad de la ANFP, Felipe De Pablo, para analizar los pormenores de la estad\u00eda de Colo Colo y la Universidad de Chile en hoteles de la ciudad, previo a la disputa de la Supercopa en La Serena.<\/p>\n\n\n\n<p>En el encuentro, se abordaron aspectos log\u00edsticos y de seguridad, considerando que ambas delegaciones se hospedar\u00e1n en el Hotel Limar\u00ed y el Casino de Ovalle. Adem\u00e1s, se discutieron medidas para garantizar un evento deportivo seguro y potenciar el impacto positivo para la comuna.<\/p>\n\n\n\n<p>Una oportunidad para la regi\u00f3n<\/p>\n\n\n\n<p>Felipe De Pablo destac\u00f3 la relevancia de este evento para Ovalle y la regi\u00f3n de Coquimbo. \u201cEstamos agradecidos por la disposici\u00f3n, por poder recibirnos. Para el presidente Milad y el Directorio era importante poder visitar al alcalde y que conociera la manera en que vamos a trabajar el plan de operaci\u00f3n y seguridad con los mismos hoteles\u00bb, expres\u00f3.<\/p>\n\n\n\n<p>De Pablo subray\u00f3 tambi\u00e9n el impacto econ\u00f3mico que puede generar esta actividad. \u00abSaber que puedan alojar a los dos equipos con mayor convocatoria del pa\u00eds es una oportunidad tambi\u00e9n para la regi\u00f3n. Hay una activaci\u00f3n econ\u00f3mica que no es menor, pero tambi\u00e9n saber que esto no es s\u00f3lo un partido. Es una actividad que nos puede generar un lazo a futuro, de poder generar un camino rumbo al deporte y actividades en la propia regi\u00f3n.\u00bb<\/p>\n\n\n\n<p>En cuanto a la venta de entradas, el representante de la ANFP asegur\u00f3 que se dar\u00e1 prioridad a los habitantes de la regi\u00f3n: \u201cTenemos el compromiso y, por el lado de la Delegaci\u00f3n Presidencial Regional de Coquimbo, nos pidieron que fueran bases de datos regionales, las que incluyen a Ovalle. La idea es construir estas bases a trav\u00e9s de juntas de vecinos, clubes de f\u00fatbol, colegios, entre otros, para dar prioridad a los hinchas locales. Si todo sale bien y la Delegaci\u00f3n lo autoriza, la pr\u00f3xima semana podr\u00edan salir las entradas.\u201d<\/p>\n\n\n\n<p>Medidas de seguridad y oportunidades para Ovalle<\/p>\n\n\n\n<p>Por su parte, el alcalde H\u00e9ctor Vega Campusano resalt\u00f3 la necesidad de reforzar la seguridad durante la estad\u00eda de ambos equipos. \u201cLa verdad, es que la informaci\u00f3n nos lleg\u00f3 al \u00faltimo minuto, nos informaron ya cuando ten\u00edan la decisi\u00f3n tomada\u201d, se\u00f1al\u00f3, aunque enfatiz\u00f3 que \u201clo importante es que hemos pedido un aumento de la seguridad, especialmente en los dos recintos donde se van a hospedar, que son el Hotel Limar\u00ed y el Casino de Ovalle.\u201d<\/p>\n\n\n\n<p>El jefe comunal explic\u00f3 las medidas acordadas: \u201cSe instalar\u00e1 una mayor cantidad de vallas papales y tambi\u00e9n se contratar\u00e1n guardias que estar\u00e1n controlando y reforzando la seguridad tanto de las personas hospedadas como de los hinchas que quieran visitar a sus \u00eddolos.\u201d<\/p>\n\n\n\n<p>Finalmente, Vega destac\u00f3 el impacto positivo de este evento para la comuna. \u201cEs una oportunidad para que m\u00e1s personas conozcan nuestra ciudad y tambi\u00e9n para que los propios hinchas de estos clubes, que sabemos son bastantes en nuestra comuna, puedan acercarse a sus \u00eddolos. Con los resguardos necesarios, ser\u00e1 un gran evento deportivo.\u201d<\/p>\n\n\n\n<p>La Supercopa, que enfrenta al campe\u00f3n del Torneo Nacional con el vencedor de la Copa Chile, ser\u00e1 un hito deportivo para la regi\u00f3n, con la comuna de Ovalle como una de sus protagonistas clave.<\/p>\n","protected":false},"excerpt":{"rendered":"<p>El alcalde H\u00e9ctor Vega Campusano y el gerente de Operaciones y Seguridad de la ANFP, Felipe De Pablo, se reunieron para coordinar la estad\u00eda de los dos equipos m\u00e1s populares del pa\u00eds en la comuna, como parte de los preparativos para la Supercopa. Seguridad y activaci\u00f3n econ\u00f3mica fueron los temas centrales. La tarde de este &#8230;<\/p>\n","protected":false},"author":2,"featured_media":12223,"comment_status":"open","ping_status":"open","sticky":false,"template":"","format":"standard","meta":{"footnotes":""},"categories":[5],"tags":[],"class_list":["post-12222","post","type-post","status-publish","format-standard","has-post-thumbnail","hentry","category-actualidad-limarina"],"_links":{"self":[{"href":"https:\/\/www.radiolimari.cl\/index.php?rest_route=\/wp\/v2\/posts\/12222","targetHints":{"allow":["GET"]}}],"collection":[{"href":"https:\/\/www.radiolimari.cl\/index.php?rest_route=\/wp\/v2\/posts"}],"about":[{"href":"https:\/\/www.radiolimari.cl\/index.php?rest_route=\/wp\/v2\/types\/post"}],"author":[{"embeddable":true,"href":"https:\/\/www.radiolimari.cl\/index.php?rest_route=\/wp\/v2\/users\/2"}],"replies":[{"embeddable":true,"href":"https:\/\/www.radiolimari.cl\/index.php?rest_route=%2Fwp%2Fv2%2Fcomments&post=12222"}],"version-history":[{"count":1,"href":"https:\/\/www.radiolimari.cl\/index.php?rest_route=\/wp\/v2\/posts\/12222\/revisions"}],"predecessor-version":[{"id":12224,"href":"https:\/\/www.radiolimari.cl\/index.php?rest_route=\/wp\/v2\/posts\/12222\/revisions\/12224"}],"wp:featuredmedia":[{"embeddable":true,"href":"https:\/\/www.radiolimari.cl\/index.php?rest_route=\/wp\/v2\/media\/12223"}],"wp:attachment":[{"href":"https:\/\/www.radiolimari.cl\/index.php?rest_route=%2Fwp%2Fv2%2Fmedia&parent=12222"}],"wp:term":[{"taxonomy":"category","embeddable":true,"href":"https:\/\/www.radiolimari.cl\/index.php?rest_route=%2Fwp%2Fv2%2Fcategories&post=12222"},{"taxonomy":"post_tag","embeddable":true,"href":"https:\/\/www.radiolimari.cl\/index.php?rest_route=%2Fwp%2Fv2%2Ftags&post=12222"}],"curies":[{"name":"wp","href":"https:\/\/api.w.org\/{rel}","templated":true}]}}