{"id":12219,"date":"2025-01-10T14:19:57","date_gmt":"2025-01-10T14:19:57","guid":{"rendered":"https:\/\/www.radiolimari.cl\/?p=12219"},"modified":"2025-01-10T14:19:58","modified_gmt":"2025-01-10T14:19:58","slug":"exitosas-jornadas-de-prueba-cumplieron-los-buses-electricos-en-la-comuna-de-ovalle","status":"publish","type":"post","link":"https:\/\/www.radiolimari.cl\/?p=12219","title":{"rendered":"Exitosas jornadas de prueba cumplieron los buses el\u00e9ctricos en la comuna de Ovalle."},"content":{"rendered":"\n<figure class=\"wp-block-gallery has-nested-images columns-default is-cropped wp-block-gallery-1 is-layout-flex wp-block-gallery-is-layout-flex\">\n<figure class=\"wp-block-image size-large\"><a href=\"https:\/\/www.radiolimari.cl\/wp-content\/uploads\/2025\/01\/IMG-20250110-WA0006.jpg\"><img fetchpriority=\"high\" decoding=\"async\" width=\"1024\" height=\"768\" data-id=\"12220\" src=\"https:\/\/www.radiolimari.cl\/wp-content\/uploads\/2025\/01\/IMG-20250110-WA0006-1024x768.jpg\" alt=\"\" class=\"wp-image-12220\" srcset=\"https:\/\/www.radiolimari.cl\/wp-content\/uploads\/2025\/01\/IMG-20250110-WA0006-1024x768.jpg 1024w, https:\/\/www.radiolimari.cl\/wp-content\/uploads\/2025\/01\/IMG-20250110-WA0006-300x225.jpg 300w, https:\/\/www.radiolimari.cl\/wp-content\/uploads\/2025\/01\/IMG-20250110-WA0006-768x576.jpg 768w, https:\/\/www.radiolimari.cl\/wp-content\/uploads\/2025\/01\/IMG-20250110-WA0006-1536x1152.jpg 1536w, https:\/\/www.radiolimari.cl\/wp-content\/uploads\/2025\/01\/IMG-20250110-WA0006.jpg 1600w\" sizes=\"(max-width: 1024px) 100vw, 1024px\" \/><\/a><\/figure>\n<\/figure>\n\n\n\n<p>Entre mi\u00e9rcoles y jueves, dos m\u00e1quinas de alta tecnolog\u00eda recorrieron lo que ser\u00e1n los futuros siete tramos que recorrer\u00e1n la capital del Limar\u00ed.<\/p>\n\n\n\n<p>Por primera vez dos buses el\u00e9ctricos realizaron recorridos por las calles de la comuna de Ovalle, todo esto en el contexto de las pruebas que realiza la seremi de Transportes y Telecomunicaciones, junto a sus equipos t\u00e9cnicos, y dos empresas (SKC y Vivipra), para comprobar la correcta circulaci\u00f3n de estos modernos veh\u00edculos que, dentro del presente a\u00f1o, comenzar\u00e1n a trasladar pasajeros en la capital provincial.<\/p>\n\n\n\n<p>En la prueba t\u00e9cnica, que se desarroll\u00f3 los d\u00edas mi\u00e9rcoles y jueves, se evalu\u00f3 el comportamiento de los buses directamente en terreno y transitando avenidas importantes tales como Soldado S\u00e1nchez, Calle Tamaya, Cruce La Chimba, y Victoria, entre otros lugares, los que fueron bien evaluados por parte de los expertos. En la ocasi\u00f3n tambi\u00e9n se se\u00f1alaron los puntos a mejorar a los equipos municipales y Serviu, para que el usuario y las m\u00e1quinas puedan tener mayores garant\u00edas al momento de desplegar el servicio.<\/p>\n\n\n\n<p>En dichos tramos se evaluaron factores como circulaci\u00f3n en planicie, circulaci\u00f3n en pendiente, radios de giro, cambios de pendientes, anchos de calzada, altura de buses respecto a la calzada y pasos bajo nivel.<\/p>\n\n\n\n<p>El Delegado presidencial regional de Coquimbo, (s) Eduardo Alcayaga Cort\u00e9s indic\u00f3 que \u201cestamos cumpliendo con un compromiso Presidencial el Gobierno del Presidente Gabriel Boric con un hito hist\u00f3rico para nuestra comuna de Ovalle. Contar con un transporte p\u00fablico del m\u00e1s alto est\u00e1ndar ser\u00e1, sin duda, una mejora significativa para la calidad de vida de nuestra ciudad y va a generar una mejor convivencia vial, reducir los atascamientos y mejorar los tiempos de traslado de miles de personas diariamente. Nos pone muy contentos que ya podemos tener una idea de c\u00f3mo funcionar\u00e1n estos buses en un futuro y esperamos seguir avanzando prontamente en su implementaci\u00f3n\u201d.<\/p>\n\n\n\n<p>Recordemos que este futuro servicio de transporte p\u00fablico regulado se encuentra en plena etapa de licitaci\u00f3n, buses que vendr\u00e1n a complementar la oferta actual de transporte de la ciudad y cuyo alcance total se estima en 2 millones de kil\u00f3metros anuales aproximadamente.<\/p>\n\n\n\n<p>Por su parte, la SEREMI de Transporte y Telecomunicaciones de la regi\u00f3n de Coquimbo, Alejandra Maureira, indic\u00f3 que \u201chemos estado estos dos d\u00edas con el equipo municipal, con el equipo del SERVIU, con el equipo del Ministerio de Transportes, levantando algunas observaciones que se han visto en la ruta, que son m\u00e1s bien menores, pero que las hemos recogido para ir mejorando. Este proyecto ya se encuentra en licitaci\u00f3n y esperamos para finales de 2025 o principios de 2026 pueda estar operativo. Tambi\u00e9n estamos avanzando en la iniciativa de v\u00edas prioritarias de transporte p\u00fablico, que va a permitir generar una mayor fluidez en el tr\u00e1nsito; un proyecto que tambi\u00e9n estamos empujando como Ministerio.\u201d<\/p>\n\n\n\n<p>Para la comuna de Ovalle es muy significativo este avance y por eso el alcalde de la comuna, H\u00e9ctor Vega sostuvo que \u201clas rutas est\u00e1n bien preparadas para lo que va a ser el inicio de operaci\u00f3n de los buses el\u00e9ctricos, esperamos poder realizar las mejoras que se tienen que hacer en la ruta y tambi\u00e9n, trabajar con los gremios del transporte para que sean parte tambi\u00e9n de esta modernizaci\u00f3n. La mejora del transporte p\u00fablico viene en coordinaci\u00f3n con otras iniciativas que estamos trabajando tambi\u00e9n en conjunto con la SEREMI de Transportes como es el caso de las v\u00edas prioritarias de transporte p\u00fablico. Con estas medidas que se implementar\u00e1n, tambi\u00e9n queremos llamar a priorizar el uso del transporte p\u00fablico y evitar el uso de veh\u00edculos particulares, lo que nos ayudar\u00e1 mucho a descongestionar nuestra ciudad\u201d<\/p>\n\n\n\n<p>La propuesta de servicio considera siete recorridos con una cobertura horaria entre el periodo de las 06:00 hasta las 22:00 horas. Asimismo, las bases del concurso p\u00fablico incluyen un incentivo a los oferentes, para fomentar la contrataci\u00f3n de mujeres en labores de operaci\u00f3n como conductoras, supervisoras, entre otras.<\/p>\n","protected":false},"excerpt":{"rendered":"<p>Entre mi\u00e9rcoles y jueves, dos m\u00e1quinas de alta tecnolog\u00eda recorrieron lo que ser\u00e1n los futuros siete tramos que recorrer\u00e1n la capital del Limar\u00ed. Por primera vez dos buses el\u00e9ctricos realizaron recorridos por las calles de la comuna de Ovalle, todo esto en el contexto de las pruebas que realiza la seremi de Transportes y Telecomunicaciones, &#8230;<\/p>\n","protected":false},"author":2,"featured_media":12220,"comment_status":"open","ping_status":"open","sticky":false,"template":"","format":"standard","meta":{"footnotes":""},"categories":[5],"tags":[],"class_list":["post-12219","post","type-post","status-publish","format-standard","has-post-thumbnail","hentry","category-actualidad-limarina"],"_links":{"self":[{"href":"https:\/\/www.radiolimari.cl\/index.php?rest_route=\/wp\/v2\/posts\/12219","targetHints":{"allow":["GET"]}}],"collection":[{"href":"https:\/\/www.radiolimari.cl\/index.php?rest_route=\/wp\/v2\/posts"}],"about":[{"href":"https:\/\/www.radiolimari.cl\/index.php?rest_route=\/wp\/v2\/types\/post"}],"author":[{"embeddable":true,"href":"https:\/\/www.radiolimari.cl\/index.php?rest_route=\/wp\/v2\/users\/2"}],"replies":[{"embeddable":true,"href":"https:\/\/www.radiolimari.cl\/index.php?rest_route=%2Fwp%2Fv2%2Fcomments&post=12219"}],"version-history":[{"count":1,"href":"https:\/\/www.radiolimari.cl\/index.php?rest_route=\/wp\/v2\/posts\/12219\/revisions"}],"predecessor-version":[{"id":12221,"href":"https:\/\/www.radiolimari.cl\/index.php?rest_route=\/wp\/v2\/posts\/12219\/revisions\/12221"}],"wp:featuredmedia":[{"embeddable":true,"href":"https:\/\/www.radiolimari.cl\/index.php?rest_route=\/wp\/v2\/media\/12220"}],"wp:attachment":[{"href":"https:\/\/www.radiolimari.cl\/index.php?rest_route=%2Fwp%2Fv2%2Fmedia&parent=12219"}],"wp:term":[{"taxonomy":"category","embeddable":true,"href":"https:\/\/www.radiolimari.cl\/index.php?rest_route=%2Fwp%2Fv2%2Fcategories&post=12219"},{"taxonomy":"post_tag","embeddable":true,"href":"https:\/\/www.radiolimari.cl\/index.php?rest_route=%2Fwp%2Fv2%2Ftags&post=12219"}],"curies":[{"name":"wp","href":"https:\/\/api.w.org\/{rel}","templated":true}]}}