{"id":12210,"date":"2025-01-06T21:08:52","date_gmt":"2025-01-06T21:08:52","guid":{"rendered":"https:\/\/www.radiolimari.cl\/?p=12210"},"modified":"2025-01-06T21:08:52","modified_gmt":"2025-01-06T21:08:52","slug":"fiesta-del-nino-dios-de-sotaqui-espera-convocar-a-50-mil-personas","status":"publish","type":"post","link":"https:\/\/www.radiolimari.cl\/?p=12210","title":{"rendered":"Fiesta del Ni\u00f1o Dios de Sotaqu\u00ed espera convocar a 50 mil personas."},"content":{"rendered":"\n<figure class=\"wp-block-gallery has-nested-images columns-default is-cropped wp-block-gallery-1 is-layout-flex wp-block-gallery-is-layout-flex\">\n<figure class=\"wp-block-image size-large\"><a href=\"https:\/\/www.radiolimari.cl\/wp-content\/uploads\/2025\/01\/IMG-20250106-WA0039.jpg\"><img fetchpriority=\"high\" decoding=\"async\" width=\"960\" height=\"720\" data-id=\"12211\" src=\"https:\/\/www.radiolimari.cl\/wp-content\/uploads\/2025\/01\/IMG-20250106-WA0039.jpg\" alt=\"\" class=\"wp-image-12211\" srcset=\"https:\/\/www.radiolimari.cl\/wp-content\/uploads\/2025\/01\/IMG-20250106-WA0039.jpg 960w, https:\/\/www.radiolimari.cl\/wp-content\/uploads\/2025\/01\/IMG-20250106-WA0039-300x225.jpg 300w, https:\/\/www.radiolimari.cl\/wp-content\/uploads\/2025\/01\/IMG-20250106-WA0039-768x576.jpg 768w\" sizes=\"(max-width: 960px) 100vw, 960px\" \/><\/a><\/figure>\n<\/figure>\n\n\n\n<p><strong><em>Tradici\u00f3n de la provincia de Limar\u00ed cuenta con una coordinaci\u00f3n de servicios p\u00fablicos y municipio para brindar seguridad a la ciudadan\u00eda.<\/em><\/strong><\/p>\n\n\n\n<p>En la Delegaci\u00f3n presidencial de Limar\u00ed se realiz\u00f3 la \u00faltima reuni\u00f3n de coordinaci\u00f3n de cara al masivo evento religioso \u201cFiesta del Ni\u00f1o Dios de Sotaqu\u00ed\u201d. Dentro de las estimaciones realizadas por los equipos t\u00e9cnicos, se espera que participen cerca de 50 mil personas durante los tres d\u00edas de mayor concurrencia y donde se realizan las actividades principales los d\u00edas 11,12 y 13 de enero.<\/p>\n\n\n\n<p>Cabe destacar que con anticipaci\u00f3n se han realizado importantes coordinaciones en materia de seguridad vial, seguridad p\u00fablica, ordenamiento del comercio, preparaci\u00f3n ante incendio y otras posibles contingencias. Estas coordinaciones han sido encabezadas por la Delegaci\u00f3n Presidencial Provincial, el Municipio de Ovalle y con la participaci\u00f3n de servicios como Seremi de Salud, Seremi de Transportes, Carabineros, Servicio de Impuestos Internos, SERVIU, CGE, Asociaciones de transporte rural y urbano, Parroquia de Sotaqu\u00ed, Junta de Vecinos de Sotaqu\u00ed, bomberos y Aguas del Valle.<\/p>\n\n\n\n<p>El Delegado Presidencial de Limar\u00ed, Eduardo Alcayaga Cort\u00e9s, indic\u00f3 \u201cestamos coordinando los detalles para que resulte de muy buena manera la fiesta religiosa de Sotaqu\u00ed, esperamos que la familias puedan concurrir, usen el transporte p\u00fablico que estar\u00e1 regulado y controlado para evitar aglomeraciones de tr\u00e1nsito. Justamente en esta l\u00ednea estuvimos trabajando junto a los gremios de transporte mayor y menor. Tambi\u00e9n hemos convocado a los diversos servicios involucrados, hemos solicitado apoyo a Carabineros y hemos revisado cada uno de los detalles t\u00e9cnicos junto al municipio para que la fiesta del Ni\u00f1o Dios de Sotaqu\u00ed siga siendo una importante y linda &nbsp;tradici\u00f3n para la comunidad\u201d.<\/p>\n\n\n\n<p>Dentro de las medidas establecidas para esta celebraci\u00f3n se encuentran la contrataci\u00f3n de guardias de seguridad por parte del municipio de Ovalle, gesti\u00f3n de paraderos, se\u00f1al\u00e9ticas, cortes de ruta, controles de tr\u00e1nsito, rondas preventivas de carabineros, fiscalizaciones de CGE, aumento de dotaci\u00f3n de carabineros, preparaci\u00f3n t\u00e9cnica por incendios forestales o estructurales, ambulancia apostada en el sector, entre otras.<\/p>\n\n\n\n<p>Por parte del municipio, el &nbsp;alcalde de Ovalle, H\u00e9ctor Vega Campusano, indic\u00f3 que \u201c por parte del municipio de Ovalle hemos trabajado de manera ordenada, vamos a tener dispuestos servicio de guardias, se van a generar v\u00edas exclusivas para casos de emergencia y tambi\u00e9n se va a disponer lugares especiales para el comercio\u201d y remarc\u00f3 que \u201cqueremos incentivar a las personas y a los visitantes que vienen para que utilicen el transporte p\u00fablico versus el uso de los autos particulares, porque en realidad, esto lleva a m\u00e1s congesti\u00f3n y creo que est\u00e1 todo dispuesto para que el transporte p\u00fablico funcione de buena manera\u201d.<\/p>\n\n\n\n<p><strong>Ministerio de transportes y carabineros dispondr\u00e1n de controles de tr\u00e1nsito<\/strong><\/p>\n\n\n\n<p>Dentro de las gestiones que se realizan para esta fiesta se encuentra una atenci\u00f3n especial a los servicios de transporte. En esta l\u00ednea la SEREMI Alejandra Maureria indic\u00f3 entre otras cosas, el reforzamiento de fiscalizadores de transportes para poder entregar mayor seguridad a los asistentes \u201cestuvimos recogiendo las diferentes visiones de los gremios para optar a soluciones en conjunto para entregar el mejor servicio. Va a realizarse un corte de ruta por parte del municipio y con apoyo de Carabineros. Por parte del ministerio se emitir\u00e1 una resoluci\u00f3n que permitir\u00e1 la extensi\u00f3n de los recorridos de transporte p\u00fablico y se dispondr\u00e1 de equipo de fiscalizaciones esos d\u00edas para que todos los veh\u00edculos cumplan con la normativa que corresponde.<\/p>\n\n\n\n<p>Por parte de Carabineros, se dispondr\u00e1 de un servicio especial, reforzado con Carabineros que llegar\u00e1n de toda la regi\u00f3n para apoyar en la labor principalmente preventiva y de control de tr\u00e1nsito.<\/p>\n\n\n\n<p>As\u00ed lo manifest\u00f3 el prefecto de Limar\u00ed-Choapa, H\u00e9ctor Canales \u201cdestacar esta reuni\u00f3n de coordinaci\u00f3n con todas las partes involucradas en esta fiesta religiosa de gran convocatoria.&nbsp; La municipalidad aportar\u00e1 un n\u00famero importante de guardias y &nbsp;esto nos ayuda a enfocarnos materias propias de carabineros, para de este modo resguardar a los feligreses que concurren&nbsp; a esta festividad\u201d.<\/p>\n","protected":false},"excerpt":{"rendered":"<p>Tradici\u00f3n de la provincia de Limar\u00ed cuenta con una coordinaci\u00f3n de servicios p\u00fablicos y municipio para brindar seguridad a la ciudadan\u00eda. En la Delegaci\u00f3n presidencial de Limar\u00ed se realiz\u00f3 la \u00faltima reuni\u00f3n de coordinaci\u00f3n de cara al masivo evento religioso \u201cFiesta del Ni\u00f1o Dios de Sotaqu\u00ed\u201d. Dentro de las estimaciones realizadas por los equipos t\u00e9cnicos, &#8230;<\/p>\n","protected":false},"author":2,"featured_media":12211,"comment_status":"open","ping_status":"open","sticky":false,"template":"","format":"standard","meta":{"footnotes":""},"categories":[5],"tags":[],"class_list":["post-12210","post","type-post","status-publish","format-standard","has-post-thumbnail","hentry","category-actualidad-limarina"],"_links":{"self":[{"href":"https:\/\/www.radiolimari.cl\/index.php?rest_route=\/wp\/v2\/posts\/12210","targetHints":{"allow":["GET"]}}],"collection":[{"href":"https:\/\/www.radiolimari.cl\/index.php?rest_route=\/wp\/v2\/posts"}],"about":[{"href":"https:\/\/www.radiolimari.cl\/index.php?rest_route=\/wp\/v2\/types\/post"}],"author":[{"embeddable":true,"href":"https:\/\/www.radiolimari.cl\/index.php?rest_route=\/wp\/v2\/users\/2"}],"replies":[{"embeddable":true,"href":"https:\/\/www.radiolimari.cl\/index.php?rest_route=%2Fwp%2Fv2%2Fcomments&post=12210"}],"version-history":[{"count":1,"href":"https:\/\/www.radiolimari.cl\/index.php?rest_route=\/wp\/v2\/posts\/12210\/revisions"}],"predecessor-version":[{"id":12212,"href":"https:\/\/www.radiolimari.cl\/index.php?rest_route=\/wp\/v2\/posts\/12210\/revisions\/12212"}],"wp:featuredmedia":[{"embeddable":true,"href":"https:\/\/www.radiolimari.cl\/index.php?rest_route=\/wp\/v2\/media\/12211"}],"wp:attachment":[{"href":"https:\/\/www.radiolimari.cl\/index.php?rest_route=%2Fwp%2Fv2%2Fmedia&parent=12210"}],"wp:term":[{"taxonomy":"category","embeddable":true,"href":"https:\/\/www.radiolimari.cl\/index.php?rest_route=%2Fwp%2Fv2%2Fcategories&post=12210"},{"taxonomy":"post_tag","embeddable":true,"href":"https:\/\/www.radiolimari.cl\/index.php?rest_route=%2Fwp%2Fv2%2Ftags&post=12210"}],"curies":[{"name":"wp","href":"https:\/\/api.w.org\/{rel}","templated":true}]}}