{"id":12197,"date":"2024-12-25T14:54:33","date_gmt":"2024-12-25T14:54:33","guid":{"rendered":"https:\/\/www.radiolimari.cl\/?p=12197"},"modified":"2024-12-25T14:54:33","modified_gmt":"2024-12-25T14:54:33","slug":"municipio-de-ovalle-hizo-entrega-de-dos-ambulancias-al-cuerpo-de-bomberos-de-ovalle","status":"publish","type":"post","link":"https:\/\/www.radiolimari.cl\/?p=12197","title":{"rendered":"Municipio de Ovalle hizo entrega  de dos ambulancias al Cuerpo de Bomberos de Ovalle"},"content":{"rendered":"\n<figure class=\"wp-block-gallery has-nested-images columns-default is-cropped wp-block-gallery-1 is-layout-flex wp-block-gallery-is-layout-flex\">\n<figure class=\"wp-block-image size-large\"><a href=\"https:\/\/www.radiolimari.cl\/wp-content\/uploads\/2024\/12\/ENTREGA-DE-AMBULANCIAS-24-scaled.jpg\"><img fetchpriority=\"high\" decoding=\"async\" width=\"1024\" height=\"576\" data-id=\"12198\" src=\"https:\/\/www.radiolimari.cl\/wp-content\/uploads\/2024\/12\/ENTREGA-DE-AMBULANCIAS-24-1024x576.jpg\" alt=\"\" class=\"wp-image-12198\" srcset=\"https:\/\/www.radiolimari.cl\/wp-content\/uploads\/2024\/12\/ENTREGA-DE-AMBULANCIAS-24-1024x576.jpg 1024w, https:\/\/www.radiolimari.cl\/wp-content\/uploads\/2024\/12\/ENTREGA-DE-AMBULANCIAS-24-300x169.jpg 300w, https:\/\/www.radiolimari.cl\/wp-content\/uploads\/2024\/12\/ENTREGA-DE-AMBULANCIAS-24-768x432.jpg 768w, https:\/\/www.radiolimari.cl\/wp-content\/uploads\/2024\/12\/ENTREGA-DE-AMBULANCIAS-24-1536x864.jpg 1536w, https:\/\/www.radiolimari.cl\/wp-content\/uploads\/2024\/12\/ENTREGA-DE-AMBULANCIAS-24-2048x1153.jpg 2048w\" sizes=\"(max-width: 1024px) 100vw, 1024px\" \/><\/a><\/figure>\n<\/figure>\n\n\n\n<p><strong>En una ceremonia en Uni\u00f3n Campesina, se destac\u00f3 la importancia de fortalecer el equipamiento de bomberos con veh\u00edculos dados de baja, pero en \u00f3ptimas condiciones para su nuevo uso comunitario.<\/strong><\/p>\n\n\n\n<p>El alcalde de Ovalle, H\u00e9ctor Vega Campusano, junto a \u00c1ngela Neira Monardes, jefa del Departamento de Salud Municipal, realizaron la entrega de dos ambulancias y un carro de arrastre a la Primera y Tercera Compa\u00f1\u00edas del Cuerpo de Bomberos de Ovalle, representadas por el superintendente Segundo Ossand\u00f3n y el comandante Jorge Robles. Ambas ambulancias tienen un valor aproximado de 18 millones de pesos y ser\u00e1n reutilizadas para fines comunitarios.<\/p>\n\n\n\n<p>En la actividad, llevada a cabo en la posta de Uni\u00f3n Campesina, el alcalde destac\u00f3 el impacto de esta entrega en la comunidad. \u00abSe est\u00e1 haciendo la entrega formal de estas nuevas ambulancias, que van a tener un uso comunitario, que es lo principal. Ya prestaron una larga vida a la comunidad ovallina, y ahora van a seguir prestando este uso de la mano de bomberos. Estamos muy contentos de que estos activos puedan ser utilizados por el Cuerpo de Bomberos\u00bb, se\u00f1al\u00f3 H\u00e9ctor Vega.<\/p>\n\n\n\n<p>El alcalde tambi\u00e9n adelant\u00f3 futuros proyectos en beneficio de la instituci\u00f3n. \u201cConversamos con el superintendente donde a la brevedad posible vamos a someter al Concejo Municipal para que nos apruebe la donaci\u00f3n de la cl\u00ednica de salud rural. As\u00ed que, en pocos d\u00edas m\u00e1s, podr\u00edamos entregar m\u00e1s equipamiento a bomberos, que es lo que nos interesa: fortalecer a la instituci\u00f3n\u201d, agreg\u00f3.<\/p>\n\n\n\n<p>Por su parte, \u00c1ngela Neira explic\u00f3 la procedencia de los veh\u00edculos entregados. \u201cEstos veh\u00edculos que se est\u00e1n entregando ac\u00e1 fueron dados de baja por el Departamento de Salud, pero a\u00fan est\u00e1n en funcionamiento y est\u00e1n en muy buenas condiciones. Por lo tanto, la idea obviamente es aportar a la comunidad y sabemos que los bomberos van a dar muy buen uso de ellos\u201d.<\/p>\n\n\n\n<p>El superintendente del Cuerpo de Bomberos de Ovalle, Segundo Ossand\u00f3n, agradeci\u00f3 el aporte, subrayando su utilidad. \u201cPara nosotros va a ser una gran ayuda, ya que estos dos veh\u00edculos van a ser destinados, uno para quedar como ambulancia para atender a nuestros bomberos en caso de emergencia, y la otra va a ser de rescate integral, para peque\u00f1os rescates, donde no se necesite la presencia de tantos bomberos\u201d, destac\u00f3.<\/p>\n\n\n\n<p>Con esta iniciativa, la Municipalidad de Ovalle refuerza su compromiso con la comunidad y el respaldo a una de las instituciones fundamentales en la protecci\u00f3n y seguridad de los ovallinos.<\/p>\n","protected":false},"excerpt":{"rendered":"<p>En una ceremonia en Uni\u00f3n Campesina, se destac\u00f3 la importancia de fortalecer el equipamiento de bomberos con veh\u00edculos dados de baja, pero en \u00f3ptimas condiciones para su nuevo uso comunitario. El alcalde de Ovalle, H\u00e9ctor Vega Campusano, junto a \u00c1ngela Neira Monardes, jefa del Departamento de Salud Municipal, realizaron la entrega de dos ambulancias y &#8230;<\/p>\n","protected":false},"author":2,"featured_media":12198,"comment_status":"open","ping_status":"open","sticky":false,"template":"","format":"standard","meta":{"footnotes":""},"categories":[5],"tags":[],"class_list":["post-12197","post","type-post","status-publish","format-standard","has-post-thumbnail","hentry","category-actualidad-limarina"],"_links":{"self":[{"href":"https:\/\/www.radiolimari.cl\/index.php?rest_route=\/wp\/v2\/posts\/12197","targetHints":{"allow":["GET"]}}],"collection":[{"href":"https:\/\/www.radiolimari.cl\/index.php?rest_route=\/wp\/v2\/posts"}],"about":[{"href":"https:\/\/www.radiolimari.cl\/index.php?rest_route=\/wp\/v2\/types\/post"}],"author":[{"embeddable":true,"href":"https:\/\/www.radiolimari.cl\/index.php?rest_route=\/wp\/v2\/users\/2"}],"replies":[{"embeddable":true,"href":"https:\/\/www.radiolimari.cl\/index.php?rest_route=%2Fwp%2Fv2%2Fcomments&post=12197"}],"version-history":[{"count":1,"href":"https:\/\/www.radiolimari.cl\/index.php?rest_route=\/wp\/v2\/posts\/12197\/revisions"}],"predecessor-version":[{"id":12199,"href":"https:\/\/www.radiolimari.cl\/index.php?rest_route=\/wp\/v2\/posts\/12197\/revisions\/12199"}],"wp:featuredmedia":[{"embeddable":true,"href":"https:\/\/www.radiolimari.cl\/index.php?rest_route=\/wp\/v2\/media\/12198"}],"wp:attachment":[{"href":"https:\/\/www.radiolimari.cl\/index.php?rest_route=%2Fwp%2Fv2%2Fmedia&parent=12197"}],"wp:term":[{"taxonomy":"category","embeddable":true,"href":"https:\/\/www.radiolimari.cl\/index.php?rest_route=%2Fwp%2Fv2%2Fcategories&post=12197"},{"taxonomy":"post_tag","embeddable":true,"href":"https:\/\/www.radiolimari.cl\/index.php?rest_route=%2Fwp%2Fv2%2Ftags&post=12197"}],"curies":[{"name":"wp","href":"https:\/\/api.w.org\/{rel}","templated":true}]}}