{"id":12194,"date":"2024-12-25T14:36:13","date_gmt":"2024-12-25T14:36:13","guid":{"rendered":"https:\/\/www.radiolimari.cl\/?p=12194"},"modified":"2024-12-25T14:36:18","modified_gmt":"2024-12-25T14:36:18","slug":"con-nuevo-contingente-de-subtenientes-y-gendarmes-refuerzan-la-seguridad-de-las-unidades-penales-de-la-region","status":"publish","type":"post","link":"https:\/\/www.radiolimari.cl\/?p=12194","title":{"rendered":"Con nuevo contingente de subtenientes y gendarmes refuerzan la seguridad de las unidades penales de la regi\u00f3n"},"content":{"rendered":"\n<figure class=\"wp-block-gallery has-nested-images columns-default is-cropped wp-block-gallery-1 is-layout-flex wp-block-gallery-is-layout-flex\">\n<figure class=\"wp-block-image size-large\"><a href=\"https:\/\/www.radiolimari.cl\/wp-content\/uploads\/2024\/12\/1.jpeg\"><img fetchpriority=\"high\" decoding=\"async\" width=\"1024\" height=\"576\" data-id=\"12195\" src=\"https:\/\/www.radiolimari.cl\/wp-content\/uploads\/2024\/12\/1-1024x576.jpeg\" alt=\"\" class=\"wp-image-12195\" srcset=\"https:\/\/www.radiolimari.cl\/wp-content\/uploads\/2024\/12\/1-1024x576.jpeg 1024w, https:\/\/www.radiolimari.cl\/wp-content\/uploads\/2024\/12\/1-300x169.jpeg 300w, https:\/\/www.radiolimari.cl\/wp-content\/uploads\/2024\/12\/1-768x432.jpeg 768w, https:\/\/www.radiolimari.cl\/wp-content\/uploads\/2024\/12\/1-1536x864.jpeg 1536w, https:\/\/www.radiolimari.cl\/wp-content\/uploads\/2024\/12\/1.jpeg 1600w\" sizes=\"(max-width: 1024px) 100vw, 1024px\" \/><\/a><\/figure>\n<\/figure>\n\n\n\n<p>39 nuevos funcionarios y funcionarias, reci\u00e9n egresados de la Escuela de Gendarmer\u00eda, ejercer\u00e1n funciones en unidades penales y especiales de toda la regi\u00f3n de Coquimbo.<br>A diversas unidades penales y especiales de la regi\u00f3n ser\u00e1n destinados los funcionarias y funcionarios reci\u00e9n egresados de la Escuela de Gendarmer\u00eda que esta ma\u00f1ana llegaron a la regi\u00f3n. El personal cumplir\u00e1 labores de seguridad en los recintos penales y especiales de la zona, reforzando as\u00ed la labor penitenciaria.<\/p>\n\n\n\n<p><br>El director regional de la instituci\u00f3n, coronel Rafael Cadenas Parra, present\u00f3 a los oficiales y gendarmes, a la Seremi de Justicia y Derechos Humanos, Mar\u00eda Jos\u00e9 Rojas Erbetta.<br>El Director Regional de Gendarmer\u00eda, Coronel Rafael Cadenas Parra, se\u00f1al\u00f3 que, \u201cestamos muy contentos porque recibimos a un contingente de nuevos funcionarios, que vienen directamente de la Escuela de Gendarmer\u00eda, sum\u00e1ndose al personal de la Regi\u00f3n de Coquimbo. <\/p>\n\n\n\n<p>Los 37 gendarmes y 2 oficiales vienen a reforzar la seguridad de las unidades penales desplegadas en toda la regi\u00f3n de Coquimbo, es por eso que fueron recibidos por la m\u00e1xima autoridad de Gendarmer\u00eda en la regi\u00f3n y de la cartera, la Seremi de Justicia y DDHH\u201d.<\/p>\n\n\n\n<p><br>Finalmente, y en esa misma l\u00ednea, Mar\u00eda Jos\u00e9 Rojas, Seremi de Justicia y Derechos Humanos, dijo que, \u201choy hemos recibido a 39 j\u00f3venes que vienen a servir a nuestra regi\u00f3n 15 mujeres, 24 hombres. Nos sentimos esperanzadas\/os en cuanto a la colaboraci\u00f3n que puedan prestar en los distintos recintos penitenciarios. <\/p>\n\n\n\n<p>Durante el mandato del presidente Boric se ha relevado el rol de Gendarmer\u00eda de Chile, d\u00e1ndole su real valor ante la sociedad en materia de seguridad y reinserci\u00f3n\u00bb<\/p>\n","protected":false},"excerpt":{"rendered":"<p>39 nuevos funcionarios y funcionarias, reci\u00e9n egresados de la Escuela de Gendarmer\u00eda, ejercer\u00e1n funciones en unidades penales y especiales de toda la regi\u00f3n de Coquimbo.A diversas unidades penales y especiales de la regi\u00f3n ser\u00e1n destinados los funcionarias y funcionarios reci\u00e9n egresados de la Escuela de Gendarmer\u00eda que esta ma\u00f1ana llegaron a la regi\u00f3n. El personal &#8230;<\/p>\n","protected":false},"author":2,"featured_media":12195,"comment_status":"open","ping_status":"open","sticky":false,"template":"","format":"standard","meta":{"footnotes":""},"categories":[6],"tags":[],"class_list":["post-12194","post","type-post","status-publish","format-standard","has-post-thumbnail","hentry","category-regionales"],"_links":{"self":[{"href":"https:\/\/www.radiolimari.cl\/index.php?rest_route=\/wp\/v2\/posts\/12194","targetHints":{"allow":["GET"]}}],"collection":[{"href":"https:\/\/www.radiolimari.cl\/index.php?rest_route=\/wp\/v2\/posts"}],"about":[{"href":"https:\/\/www.radiolimari.cl\/index.php?rest_route=\/wp\/v2\/types\/post"}],"author":[{"embeddable":true,"href":"https:\/\/www.radiolimari.cl\/index.php?rest_route=\/wp\/v2\/users\/2"}],"replies":[{"embeddable":true,"href":"https:\/\/www.radiolimari.cl\/index.php?rest_route=%2Fwp%2Fv2%2Fcomments&post=12194"}],"version-history":[{"count":1,"href":"https:\/\/www.radiolimari.cl\/index.php?rest_route=\/wp\/v2\/posts\/12194\/revisions"}],"predecessor-version":[{"id":12196,"href":"https:\/\/www.radiolimari.cl\/index.php?rest_route=\/wp\/v2\/posts\/12194\/revisions\/12196"}],"wp:featuredmedia":[{"embeddable":true,"href":"https:\/\/www.radiolimari.cl\/index.php?rest_route=\/wp\/v2\/media\/12195"}],"wp:attachment":[{"href":"https:\/\/www.radiolimari.cl\/index.php?rest_route=%2Fwp%2Fv2%2Fmedia&parent=12194"}],"wp:term":[{"taxonomy":"category","embeddable":true,"href":"https:\/\/www.radiolimari.cl\/index.php?rest_route=%2Fwp%2Fv2%2Fcategories&post=12194"},{"taxonomy":"post_tag","embeddable":true,"href":"https:\/\/www.radiolimari.cl\/index.php?rest_route=%2Fwp%2Fv2%2Ftags&post=12194"}],"curies":[{"name":"wp","href":"https:\/\/api.w.org\/{rel}","templated":true}]}}